{"id":99639,"date":"2024-09-01T19:42:00","date_gmt":"2024-09-01T22:42:00","guid":{"rendered":"https:\/\/bluestudio.estadao.com.br\/agencia-de-comunicacao\/prnewswire\/prnewseconomia\/cgtn-china-e-africa-vao-estreitar-lacos-economicos-e-comerciais-na-focac\/"},"modified":"2024-09-01T19:42:00","modified_gmt":"2024-09-01T22:42:00","slug":"cgtn-china-e-africa-vao-estreitar-lacos-economicos-e-comerciais-na-focac","status":"publish","type":"post","link":"https:\/\/bluestudio.estadao.com.br\/agencia-de-comunicacao\/prnewswire\/prnewseconomia\/cgtn-china-e-africa-vao-estreitar-lacos-economicos-e-comerciais-na-focac\/","title":{"rendered":"CGTN: China e Africa v\u00e3o estreitar la\u00e7os econ\u00f4micos e comerciais na FOCAC"},"content":{"rendered":"<p><b>PR NEWSWIRE<\/b><\/p>\n<div class=\"xn-content\">\n<span class=\"legendSpanClass\">PEQUIM<\/span>, <span class=\"legendSpanClass\">1 de setembro de 2024<\/span> \/PRNewswire\/ &#8212; Localizado a 95 quil\u00f4metros no sudeste de <span class=\"xn-person\">Adis Abeba<\/span>, no cora\u00e7\u00e3o do Rifte da \u00c1frica Oriental, o Projeto de Energia E\u00f3lica Adama (Adama Wind Power Project) se destaca por suas turbinas brancas de 80 metros de altura. O projeto, criado por empresas chinesas, \u00e9 um marco na parceria entre a <span class=\"xn-location\">China<\/span> e os pa\u00edses africanos.<\/p>\n<p>Desde que entraram em funcionamento, em maio de 2015, as turbinas e\u00f3licas t\u00eam sido uma fonte vital de energia para mais de 600.000 lares. Elas ajudaram a aliviar a escassez de energia da Eti\u00f3pia, reduziram a necessidade de geradores a diesel e promoveram o crescimento econ\u00f4mico. Foram criados cerca de 2.100 postos de trabalhos foram e v\u00e1rias universidades est\u00e3o envolvidas no treinamento e na manuten\u00e7\u00e3o. Essa experi\u00eancia pr\u00e1tica preparou muitas pessoas para futuras atribui\u00e7\u00f5es no setor de energia e\u00f3lica da Eti\u00f3pia.<\/p>\n<p>A cidade de Adama tamb\u00e9m registrou um crescimento significativo, sua popula\u00e7\u00e3o aumentou de 324.000, em 2015, para mais de 480.000, em 2023. A melhoria das infraestruturas e o investimento atra\u00edram empresas de v\u00e1rios pa\u00edses, o que levou a uma r\u00e1pida mudan\u00e7a na paisagem da cidade. Para os habitantes das aldeias vizinhas, as melhorias nos transportes, a seguran\u00e7a da eletricidade e o maior acesso \u00e0 educa\u00e7\u00e3o e aos cuidados de sa\u00fade aumentaram consideravelmente a qualidade de vida deles.<\/p>\n<p>As empresas chinesas trouxeram tecnologia sustent\u00e1vel avan\u00e7ada \u00e0 Eti\u00f3pia, ajudando o governo a alcan\u00e7ar suas metas de energia renov\u00e1vel. Al\u00e9m disso, a colabora\u00e7\u00e3o tamb\u00e9m contribuiu para uma transforma\u00e7\u00e3o ecol\u00f3gica e para a luta global contra as altera\u00e7\u00f5es clim\u00e1ticas.<\/p>\n<p>A <span class=\"xn-location\">China<\/span> e os pa\u00edses africanos mant\u00eam uma rela\u00e7\u00e3o de amizade desde a Segunda Guerra Mundial e, nos \u00faltimos anos, h\u00e1 uma colabora\u00e7\u00e3o crescente por meio de iniciativas como a Iniciativa Cintur\u00e3o e Rota (Belt and Road Initiative &#8211; BRI). De ferrovias e estradas a parques e\u00f3licos e centrais el\u00e9tricas, escolas e hospitais, os projetos infraestruturais promovidos pela <span class=\"xn-location\">China<\/span> t\u00eam contribu\u00eddo para o desenvolvimento econ\u00f4mico africano em todo o continente.<\/p>\n<p>A ferrovia Adis Abeba-Djibuti, rede de transporte que liga a Eti\u00f3pia e o Djibuti, por exemplo, reduziu consideravelmente o tempo de viagem, os custos log\u00edsticos e impulsionou o crescimento econ\u00f4mico local. At\u00e9 o momento, a ferrovia transportou 680.000 passageiros e 9,5 milh\u00f5es de toneladas de carga, com uma taxa m\u00e9dia de crescimento anual de 39% na receita.<\/p>\n<p>De acordo com o livro branco &#8220;<span class=\"xn-location\">China<\/span> and <span class=\"xn-location\">Africa<\/span> in the New Era: A Partnership of Equals&#8221; (&#8220;<span class=\"xn-location\">China<\/span> e \u00c1frica na Nova Era: Uma Parceria entre Iguais&#8221;), lan\u00e7ado pelo Conselho de Estado da <span class=\"xn-location\">China<\/span> em 2021, desde a cria\u00e7\u00e3o do F\u00f3rum de Coopera\u00e7\u00e3o <span class=\"xn-location\">China<\/span>-\u00c1frica (FOCAC), em 2000, as empresas chinesas ajudaram os pa\u00edses africanos a construir ou melhorar mais de 10.000 km de ferrovias, quase 100.000 km de estradas, cerca de 1.000 pontes, quase 100 portos e 66.000 km de transmiss\u00e3o e distribui\u00e7\u00e3o de energia.<\/p>\n<p><b>Estreitamento de la\u00e7os econ\u00f4micos e comerciais<\/b><\/p>\n<p>Al\u00e9m de projetos da BRI, a <span class=\"xn-location\">China<\/span> e os pa\u00edses africanos estreitaram la\u00e7os econ\u00f4micos e comerciais, com um volume de negocia\u00e7\u00f5es cada vez maior e produtos e servi\u00e7os diversificados. A <span class=\"xn-location\">China<\/span> tem sido o maior parceiro comercial da \u00c1frica por 15 anos consecutivos. Dados da Administra\u00e7\u00e3o Geral de Alf\u00e2ndegas da <span class=\"xn-location\">China<\/span> mostraram que as comercializa\u00e7\u00f5es <span class=\"xn-location\">China<\/span>-\u00c1frica atingiram um recorde de <span class=\"xn-money\">US$ 282,1<\/span> bilh\u00f5es em 2023, um crescimento de 1,5% naquele ano, o com\u00e9rcio entre a <span class=\"xn-location\">China<\/span> e a \u00c1frica aumentou 5,5% por ano para 1,19 trilh\u00f5es de yuans (cerca de <span class=\"xn-money\">US$ 166,6<\/span> bilh\u00f5es) entre janeiro e julho.<\/p>\n<p>De acordo com Sang Baichuan, reitor do Instituto de Economia Internacional na Universidade de Neg\u00f3cios Internacionais e Economia da <span class=\"xn-location\">China<\/span>, o com\u00e9rcio <span class=\"xn-location\">China<\/span>-\u00c1frica tem crescido rapidamente como resultado dessa coopera\u00e7\u00e3o vantajosa para ambas as partes. Ele disse que a economia chinesa e as economias dos pa\u00edses africanos s\u00e3o altamente complementares, uma vez que a <span class=\"xn-location\">China<\/span> possui tecnologias maduras e aplic\u00e1veis, equipamento e capital suficiente, enquanto os pa\u00edses africanos t\u00eam vantagens significativas em termos de m\u00e3o de obra e recursos naturais.<\/p>\n<p>&#8220;O refor\u00e7o dos la\u00e7os comerciais entre a <span class=\"xn-location\">China<\/span> e \u00c1frica \u00e9 ben\u00e9fico para tirar partido das respectivas vantagens e dos vastos mercados, alcan\u00e7ar benef\u00edcios m\u00fatuos e um desenvolvimento vantajoso para todos&#8221;, afirmou Sang.<\/p>\n<p>Diane Sayinzoga, funcion\u00e1ria s\u00eanior da Confer\u00eancia das Na\u00e7\u00f5es Unidas sobre Com\u00e9rcio e Desenvolvimento (UNCTAD), tamb\u00e9m elogiou a parceria comercial <span class=\"xn-location\">China<\/span>-\u00c1frica, afirmando que ela favoreceu grandes projetos de infraestrutura que s\u00e3o cruciais para a integra\u00e7\u00e3o econ\u00f4mica e o crescimento do continente africano.<\/p>\n<p>Ela acrescentou ainda que a assist\u00eancia da <span class=\"xn-location\">China<\/span> est\u00e1 tamb\u00e9m alinhada com os objetivos da CNUCED de promover o desenvolvimento sustent\u00e1vel de \u00c1frica atrav\u00e9s do refor\u00e7o das suas capacidades de produ\u00e7\u00e3o, do aumento das oportunidades comerciais, da promo\u00e7\u00e3o da diversifica\u00e7\u00e3o econ\u00f4mica e da integra\u00e7\u00e3o dos pa\u00edses africanos na cadeia na cadeia global de valor.<\/p>\n<p>Pequim sediar\u00e1 a C\u00fapula da FOCAC de 2024 entre 4 e 6 de setembro. Especialistas dizem que o f\u00f3rum ser\u00e1 uma oportunidade fundamental para a <span class=\"xn-location\">China<\/span> e a \u00c1frica aprofundarem suas rela\u00e7\u00f5es econ\u00f4micas e comerciais, alcan\u00e7ando benef\u00edcios m\u00fatuos e promovendo metas compartilhadas de desenvolvimento.<\/p>\n<p>&#8220;O FOCAC conduziu a numerosos acordos sobre investimento, com\u00e9rcio e projetos de desenvolvimento entre a <span class=\"xn-location\">China<\/span> e os pa\u00edses africanos para alcan\u00e7ar objetivos de desenvolvimento comuns, que est\u00e3o perfeitamente em conformidade com a miss\u00e3o da CNUCED&#8221;, afirmou Sayinzoga.<\/p>\n<p><u> <a href=\"https:\/\/news.cgtn.com\/news\/2024-08-30\/China-Africa-set-to-embrace-closer-economic-trade-ties-at-FOCAC-1wuF1bzTjVe\/p.html\" target=\"_blank\" rel=\"nofollow noopener\">https:\/\/news.cgtn.com\/news\/2024-08-30\/China-Africa-set-to-embrace-closer-economic-trade-ties-at-FOCAC-1wuF1bzTjVe\/p.html<\/a>\u00a0<\/u><\/p>\n<p id=\"PURL\"><img loading=\"lazy\" decoding=\"async\" title=\"Cision\" width=\"12\" height=\"12\" alt=\"Cision\" src=\"https:\/\/c212.net\/c\/img\/favicon.png?sn=PT95663&amp;sd=2024-09-01\" \/> View original content:<a id=\"PRNURL\" rel=\"nofollow noopener\" href=\"https:\/\/www.prnewswire.com\/br\/comunicados-para-a-imprensa\/cgtn-china-e-africa-vao-estreitar-lacos-economicos-e-comerciais-na-focac-302235568.html\" target=\"_blank\">https:\/\/www.prnewswire.com\/br\/comunicados-para-a-imprensa\/cgtn-china-e-africa-vao-estreitar-lacos-economicos-e-comerciais-na-focac-302235568.html<\/a><\/p>\n<p>FONTE  CGTN<\/p>\n<\/div>\n<p><img decoding=\"async\" alt=\"\" src=\"https:\/\/rt.prnewswire.com\/rt.gif?NewsItemId=PT95663&amp;Transmission_Id=202409011830PR_NEWS_LATAM____PT95663&amp;DateId=20240901\" style=\"border:0px;width:1px;height:1px\" \/><\/p>\n<p>A <b>OESP<\/b> n\u00e3o \u00e9(s\u00e3o) respons\u00e1vel(is) por erros, incorre\u00e7\u00f5es, atrasos ou quaisquer decis\u00f5es tomadas por seus clientes com base nos Conte\u00fados ora disponibilizados, bem como tais Conte\u00fados n\u00e3o representam a opini\u00e3o da <b>OESP<\/b> e s\u00e3o de inteira responsabilidade da <b>PR Newswire Ltda<\/b><\/p>\n","protected":false},"excerpt":{"rendered":"Localizado a 95 quil\u00f4metros no sudeste de Adis Abeba, no cora\u00e7\u00e3o do Rifte da \u00c1frica Oriental, o Projeto de Energia E\u00f3lica Adama (Adama Wind Power Project) se destaca por suas turb","protected":false},"author":1,"featured_media":0,"comment_status":"open","ping_status":"closed","sticky":false,"template":"","format":"standard","meta":{"_acf_changed":false,"inline_featured_image":false,"_monsterinsights_skip_tracking":false,"_monsterinsights_sitenote_active":false,"_monsterinsights_sitenote_note":"","_monsterinsights_sitenote_category":0,"footnotes":""},"categories":[29],"tags":[],"class_list":["post-99639","post","type-post","status-publish","format-standard","hentry","category-prnewseconomia"],"acf":[],"_links":{"self":[{"href":"https:\/\/bluestudio.estadao.com.br\/agencia-de-comunicacao\/wp-json\/wp\/v2\/posts\/99639","targetHints":{"allow":["GET"]}}],"collection":[{"href":"https:\/\/bluestudio.estadao.com.br\/agencia-de-comunicacao\/wp-json\/wp\/v2\/posts"}],"about":[{"href":"https:\/\/bluestudio.estadao.com.br\/agencia-de-comunicacao\/wp-json\/wp\/v2\/types\/post"}],"author":[{"embeddable":true,"href":"https:\/\/bluestudio.estadao.com.br\/agencia-de-comunicacao\/wp-json\/wp\/v2\/users\/1"}],"replies":[{"embeddable":true,"href":"https:\/\/bluestudio.estadao.com.br\/agencia-de-comunicacao\/wp-json\/wp\/v2\/comments?post=99639"}],"version-history":[{"count":0,"href":"https:\/\/bluestudio.estadao.com.br\/agencia-de-comunicacao\/wp-json\/wp\/v2\/posts\/99639\/revisions"}],"wp:attachment":[{"href":"https:\/\/bluestudio.estadao.com.br\/agencia-de-comunicacao\/wp-json\/wp\/v2\/media?parent=99639"}],"wp:term":[{"taxonomy":"category","embeddable":true,"href":"https:\/\/bluestudio.estadao.com.br\/agencia-de-comunicacao\/wp-json\/wp\/v2\/categories?post=99639"},{"taxonomy":"post_tag","embeddable":true,"href":"https:\/\/bluestudio.estadao.com.br\/agencia-de-comunicacao\/wp-json\/wp\/v2\/tags?post=99639"}],"curies":[{"name":"wp","href":"https:\/\/api.w.org\/{rel}","templated":true}]}}