{"id":99167,"date":"2024-08-23T18:13:00","date_gmt":"2024-08-23T21:13:00","guid":{"rendered":"https:\/\/bluestudio.estadao.com.br\/agencia-de-comunicacao\/prnewswire\/prnewseconomia\/fgv-invest-anuncia-o-2o-seminario-academico-de-economia-do-mercado-da-arte-3\/"},"modified":"2024-08-23T18:13:00","modified_gmt":"2024-08-23T21:13:00","slug":"fgv-invest-anuncia-o-2o-seminario-academico-de-economia-do-mercado-da-arte-3","status":"publish","type":"post","link":"https:\/\/bluestudio.estadao.com.br\/agencia-de-comunicacao\/prnewswire\/prnewseconomia\/fgv-invest-anuncia-o-2o-seminario-academico-de-economia-do-mercado-da-arte-3\/","title":{"rendered":"FGV INVEST anuncia o 2\u00ba Semin\u00e1rio Acad\u00eamico de Economia do Mercado da Arte"},"content":{"rendered":"<p><b>PR NEWSWIRE<\/b><\/p>\n<div class=\"xn-content\">\n<p class=\"prntac\"><b><i>Evento acontecer\u00e1 em setembro com os maiores especialistas do mercado da arte<\/i><\/b><\/p>\n<p><span class=\"legendSpanClass\">S\u00c3O PAULO<\/span>, <span class=\"legendSpanClass\">23 de agosto de 2024<\/span> \/PRNewswire\/ &#8212; O Centro FGV INVEST, da Escola de Economia de S\u00e3o Paulo da Funda\u00e7\u00e3o <span class=\"xn-person\">Getulio Vargas<\/span> (FGV EESP), anuncia que o 2\u00ba Semin\u00e1rio Acad\u00eamico de Economia do <span class=\"xn-person\">Mercado da Arte<\/span> ocorrer\u00e1 no dia 19 de setembro de 2024, nas depend\u00eancias da Funda\u00e7\u00e3o <span class=\"xn-person\">Getulio Vargas<\/span>, em S\u00e3o Paulo. Este evento \u00e9 uma iniciativa fundamental para fomentar o debate acad\u00eamico e profissional sobre a economia do mercado da arte, promovendo e divulgando pesquisas cient\u00edficas e aplicadas na \u00e1rea.<\/p>\n<p>O semin\u00e1rio tem como objetivo criar um espa\u00e7o de discuss\u00e3o para acad\u00eamicos, pesquisadores e profissionais do mercado da arte, ampliando o alcance das discuss\u00f5es do\u00a0grupo de estudos do FGV INVEST, que se re\u00fane quinzenalmente desde 2016. A Economia da Arte, conhecida em ingl\u00eas como <i>Art Economics<\/i>, pertence ao campo da Economia da Cultura e tem sido estudada mundialmente desde a d\u00e9cada de 1980. Esta \u00e1rea estuda os dados econ\u00f4micos relacionados \u00e0 cria\u00e7\u00e3o, distribui\u00e7\u00e3o e consumo de obras de arte, literatura e produtos criativos similares, al\u00e9m de analisar o comportamento dos diversos agentes do mercado da arte.<\/p>\n<p>Nesta segunda edi\u00e7\u00e3o do semin\u00e1rio, ser\u00e3o apresentados 15 estudos que visam ajudar os agentes do mercado a tomarem decis\u00f5es com base em pesquisas e informa\u00e7\u00f5es objetivas, melhorando sua capacidade de sustentabilidade e promovendo maior transpar\u00eancia no mercado. Os temas de destaque deste ano incluem:<\/p>\n<ul type=\"disc\">\n<li>An\u00e1lise econ\u00f4mica das feiras de arte e seu impacto no mercado global.<\/li>\n<li>O papel das casas de leil\u00e3o na valoriza\u00e7\u00e3o das obras de arte.<\/li>\n<li>Investimento em arte como diversifica\u00e7\u00e3o de carteiras de investimento.<\/li>\n<li>Pol\u00edticas p\u00fablicas e financiamento do setor art\u00edstico no Brasil.<\/li>\n<li>Tend\u00eancias e desafios do mercado de arte contempor\u00e2nea.<\/li>\n<\/ul>\n<p>De acordo com o &#8216;The Art Market Report 2024&#8217; da <span class=\"xn-person\">Art Basel<\/span> &amp; UBS, o mercado global de arte totalizou 65 bilh\u00f5es de d\u00f3lares em 2023, uma contra\u00e7\u00e3o de 4% em rela\u00e7\u00e3o ao ano anterior, mas ainda acima do n\u00edvel pr\u00e9-pand\u00eamico de 2019, que foi de 64 bilh\u00f5es de d\u00f3lares. Este mercado foi impactado por v\u00e1rios fatores, incluindo infla\u00e7\u00e3o alta, taxas de juros elevadas, e incertezas econ\u00f4micas e pol\u00edticas \u00a0globais.<\/p>\n<p>O mercado brasileiro de arte tamb\u00e9m enfrenta diversos desafios, como o desempenho da economia e as varia\u00e7\u00f5es na renda dos consumidores, al\u00e9m de uma redu\u00e7\u00e3o nos recursos p\u00fablicos destinados a projetos art\u00edsticos. Outro tema que vem sendo debatido \u00e9 a quest\u00e3o dos impostos que incidem sobre as vendas e as importa\u00e7\u00f5es de obras de arte. Esse contexto torna o semin\u00e1rio ainda mais relevante, pois promove uma discuss\u00e3o baseada em fatos do passado e as possibilidades futuras do setor.<\/p>\n<p>&#8220;Promover um evento acad\u00eamico de economia do mercado da arte agora \u00e9 crucial para contextualizar a discuss\u00e3o sobre o passado com base em fatos e promover um di\u00e1logo construtivo sobre as possibilidades futuras do setor&#8221;, afirma Paulo Tenani, professor e economista.<\/p>\n<p>Segundo ele, o Grupo de Estudos de Economia do <span class=\"xn-person\">Mercado da Arte<\/span> do FGV INVEST, composto por pesquisadores e interessados em arte, re\u00fane-se regularmente desde agosto de 2016 no Centro FGV INVEST. O grupo examina textos acad\u00eamicos, livros, relat\u00f3rios e publica\u00e7\u00f5es focadas na economia do mercado da arte, bem como o papel da est\u00e9tica e das artes na economia. O grupo inclui participantes de galerias, leil\u00f5es, locais de exposi\u00e7\u00f5es, colecionadores, pesquisadores e, principalmente, professores e alunos da FGV.<\/p>\n<p>O grupo de estudos tem incentivado e participado de diversas iniciativas, como a publica\u00e7\u00e3o de <i>short studies series <\/i>e <i>working papers<\/i>\u00a0no website da FGV INVEST e FGV EESP, artigos em revistas internacionais, webinars, teses de mestrado e doutorado, e relat\u00f3rios sobre galerias de arte do mercado brasileiro. Al\u00e9m disso, oferece as disciplinas &#8220;Economia do <span class=\"xn-person\">Mercado da Arte<\/span>&#8221; e &#8220;T\u00f3picos do <span class=\"xn-person\">Mercado da Arte<\/span>&#8221; nos cursos de gradua\u00e7\u00e3o e MBA em Economia da FGV EESP. Um dos marcos importantes do grupo foi o Acordo de Coopera\u00e7\u00e3o T\u00e9cnica com o Museu de Arte Moderna de S\u00e3o Paulo, que fortaleceu ainda mais a rela\u00e7\u00e3o entre o meio acad\u00eamico e as institui\u00e7\u00f5es culturais.<\/p>\n<p>A agenda completa do evento estar\u00e1 dispon\u00edvel no site, onde tamb\u00e9m podem ser feitas as inscri\u00e7\u00f5es: <a href=\"https:\/\/evento.fgv.br\/mercadodaartefgv_1909\" target=\"_blank\" rel=\"nofollow noopener\">https:\/\/evento.fgv.br\/mercadodaartefgv_1909<\/a>. As vagas s\u00e3o limitadas e a entrada tem valor simb\u00f3lico de <span class=\"xn-money\">R$ 100,00<\/span>, com meia entrada para estudantes.<\/p>\n<p><b>Detalhes do Evento &#8211; 2\u00ba Semin\u00e1rio Acad\u00eamico de Economia do <span class=\"xn-person\">Mercado da Arte<\/span> <br \/><\/b>Data: 19 de setembro de 2024 <br \/>Hor\u00e1rio: 09:00 &#8211; 18:00 <br \/>Local: Funda\u00e7\u00e3o <span class=\"xn-person\">Getulio Vargas<\/span>, R. Dr. Pl\u00ednio Barreto, 365 &#8211; 15\u00ba andar, S\u00e3o Paulo<\/p>\n<p id=\"PURL\"><img loading=\"lazy\" decoding=\"async\" title=\"Cision\" width=\"12\" height=\"12\" alt=\"Cision\" src=\"https:\/\/c212.net\/c\/img\/favicon.png?sn=PT90645&amp;sd=2024-08-23\" \/> View original content:<a id=\"PRNURL\" rel=\"nofollow noopener\" href=\"https:\/\/www.prnewswire.com\/br\/comunicados-para-a-imprensa\/fgv-invest-anuncia-o-2-seminario-academico-de-economia-do-mercado-da-arte-302229823.html\" target=\"_blank\">https:\/\/www.prnewswire.com\/br\/comunicados-para-a-imprensa\/fgv-invest-anuncia-o-2-seminario-academico-de-economia-do-mercado-da-arte-302229823.html<\/a><\/p>\n<p>FONTE  FGV Invest<\/p>\n<\/div>\n<p><img decoding=\"async\" alt=\"\" src=\"https:\/\/rt.prnewswire.com\/rt.gif?NewsItemId=PT90645&amp;Transmission_Id=202408231708PR_NEWS_LATAM____PT90645&amp;DateId=20240823\" style=\"border:0px;width:1px;height:1px\" \/><\/p>\n<p>A <b>OESP<\/b> n\u00e3o \u00e9(s\u00e3o) respons\u00e1vel(is) por erros, incorre\u00e7\u00f5es, atrasos ou quaisquer decis\u00f5es tomadas por seus clientes com base nos Conte\u00fados ora disponibilizados, bem como tais Conte\u00fados n\u00e3o representam a opini\u00e3o da <b>OESP<\/b> e s\u00e3o de inteira responsabilidade da <b>PR Newswire Ltda<\/b><\/p>\n","protected":false},"excerpt":{"rendered":"Evento acontecer\u00e1 em setembro com os maiores especialistas do mercado da arte","protected":false},"author":1,"featured_media":0,"comment_status":"open","ping_status":"closed","sticky":false,"template":"","format":"standard","meta":{"_acf_changed":false,"inline_featured_image":false,"_monsterinsights_skip_tracking":false,"_monsterinsights_sitenote_active":false,"_monsterinsights_sitenote_note":"","_monsterinsights_sitenote_category":0,"footnotes":""},"categories":[29],"tags":[],"class_list":["post-99167","post","type-post","status-publish","format-standard","hentry","category-prnewseconomia"],"acf":[],"_links":{"self":[{"href":"https:\/\/bluestudio.estadao.com.br\/agencia-de-comunicacao\/wp-json\/wp\/v2\/posts\/99167","targetHints":{"allow":["GET"]}}],"collection":[{"href":"https:\/\/bluestudio.estadao.com.br\/agencia-de-comunicacao\/wp-json\/wp\/v2\/posts"}],"about":[{"href":"https:\/\/bluestudio.estadao.com.br\/agencia-de-comunicacao\/wp-json\/wp\/v2\/types\/post"}],"author":[{"embeddable":true,"href":"https:\/\/bluestudio.estadao.com.br\/agencia-de-comunicacao\/wp-json\/wp\/v2\/users\/1"}],"replies":[{"embeddable":true,"href":"https:\/\/bluestudio.estadao.com.br\/agencia-de-comunicacao\/wp-json\/wp\/v2\/comments?post=99167"}],"version-history":[{"count":0,"href":"https:\/\/bluestudio.estadao.com.br\/agencia-de-comunicacao\/wp-json\/wp\/v2\/posts\/99167\/revisions"}],"wp:attachment":[{"href":"https:\/\/bluestudio.estadao.com.br\/agencia-de-comunicacao\/wp-json\/wp\/v2\/media?parent=99167"}],"wp:term":[{"taxonomy":"category","embeddable":true,"href":"https:\/\/bluestudio.estadao.com.br\/agencia-de-comunicacao\/wp-json\/wp\/v2\/categories?post=99167"},{"taxonomy":"post_tag","embeddable":true,"href":"https:\/\/bluestudio.estadao.com.br\/agencia-de-comunicacao\/wp-json\/wp\/v2\/tags?post=99167"}],"curies":[{"name":"wp","href":"https:\/\/api.w.org\/{rel}","templated":true}]}}