{"id":99160,"date":"2024-08-23T14:46:00","date_gmt":"2024-08-23T17:46:00","guid":{"rendered":"https:\/\/bluestudio.estadao.com.br\/agencia-de-comunicacao\/releases\/releases-geral\/unifecaf-fecha-parceria-com-rede-de-escolas-fadelito\/"},"modified":"2024-08-23T14:46:00","modified_gmt":"2024-08-23T17:46:00","slug":"unifecaf-fecha-parceria-com-rede-de-escolas-fadelito","status":"publish","type":"post","link":"https:\/\/bluestudio.estadao.com.br\/agencia-de-comunicacao\/releases\/releases-geral\/unifecaf-fecha-parceria-com-rede-de-escolas-fadelito\/","title":{"rendered":"UniFECAF fecha parceria com rede de escolas Fadelito"},"content":{"rendered":"<p><b>DINO DIVULGADOR DE NOT\u00cdCIAS<\/b><\/p>\n<p>Tabo\u00e3o da Serra, S\u00e3o Paulo &#8211; SP&#8211;(<a target='_blank' href='http:\/\/www.dino.com.br' rel=\"noopener\">DINO<\/a> &#8211; 23 ago, 2024) &#8211;<br \/>\nO Centro Universit&aacute;rio UniFECAF anunciou uma nova parceria com a rede de escolas Fadelito, para oferecer bolsas de estudos de gradua&ccedil;&atilde;o. A parceria faz parte de uma iniciativa das empresas para facilitar o acesso ao ensino superior e passa a valer a partir de agosto deste ano. O programa ir&aacute; selecionar interessados em estudar pedagogia com uma bolsa de estudos e atuar como estagi&aacute;rio nos col&eacute;gios da rede Fadelito. Com a colabora&ccedil;&atilde;o entre as empresas, &eacute; esperado distribuir em torno de 25&nbsp; bolsas por m&ecirc;s para novas estagi&aacute;rias &nbsp;das escolas da rede de escolas, volume que pode aumentar, de acordo com a demanda por profissionais de educa&ccedil;&atilde;o. &nbsp;<\/p>\n<p>Com 29 unidades em S&atilde;o Paulo, Grande S&atilde;o Paulo e interior, e prestes a inaugurar mais cinco,&nbsp;a rede Fadelito criou um programa para atender &agrave;s necessidades de pessoas que desejam iniciar seus estudos, por&eacute;m n&atilde;o possuem condi&ccedil;&otilde;es financeiras para arcar com as mensalidades. Assim, nasceu o Programa de Democratiza&ccedil;&atilde;o de Acesso ao Ensino Superior. Este programa busca atrair estagi&aacute;rios para aumentar o ambiente escolar, e tamb&eacute;m proporcionar um ensino de qualidade custeado pela Rede Fadelito durante o tempo que o estagi&aacute;rio permanecer atuando na rede, preparando-os para atuar como Educadores futuramente. Inicialmente, a parceria &eacute; destinada apenas &agrave;s seguintes unidades: Campo Belo, Moema, Indian&oacute;polis, Vila Mariana, Klabin, Aclima&ccedil;&atilde;o, Ipiranga, Mooca, Pinheiros, Vila Leopoldina, Osasco e Lapa, mas a previs&atilde;o &eacute; de estender o benef&iacute;cio para outras escolas da rede ainda no ano de 2024.<\/p>\n<p>Marcos, Gestor da rede Fadelito, prev&ecirc; um aumento no n&uacute;mero de contrata&ccedil;&otilde;es, com planos de abrir novas escolas em breve. <em>&ldquo;<\/em>Esperamos contratar pelo menos 150 novos funcion&aacute;rios at&eacute; o final deste ano. Acreditamos que essa expans&atilde;o estimular&aacute; a demanda pelo curso de pedagogia e oferecendo uma oportunidade para muitas mulheres<em>&rdquo;<\/em>, afirma.<\/p>\n<p>O Instituto Nacional de Estudos e Pesquisas Educacionais An&iacute;sio Teixeira (<a rel=\"follow noopener\" target='_blank' href='https:\/\/www.gov.br\/inep\/pt-br\/assuntos\/noticias\/institucional\/dados-revelam-perfil-dos-professores-brasileiros'>Inep<\/a>) tem relatado um aumento de 20% na procura por cursos de Pedagogia nos &uacute;ltimos tr&ecirc;s anos. Este crescimento reflete uma valoriza&ccedil;&atilde;o cada vez maior da forma&ccedil;&atilde;o docente no Brasil, indicando uma demanda crescente por profissionais bem preparados para enfrentar os desafios da educa&ccedil;&atilde;o moderna.&nbsp;&nbsp;&ldquo;As expectativas s&atilde;o das maiores! Como a&nbsp; UniFECAF e a Fadelito s&atilde;o conhecidas no mercado de educa&ccedil;&atilde;o,&nbsp; temos altas expectativas referente &agrave;s pessoas que realizar&atilde;o a inscri&ccedil;&atilde;o e ser&atilde;o selecionadas para realizar a matr&iacute;cula no projeto<em>&rdquo;, <\/em>afirma Michael, Gestor comercial da UniFECAF.&nbsp;<\/p>\n<p>O processo seletivo para as vagas ser&aacute; dividido em duas etapas. A primeira fase compreende a divulga&ccedil;&atilde;o, cadastro, triagem de candidatos, apresenta&ccedil;&atilde;o do programa e sele&ccedil;&atilde;o presencial. Os candidatos aprovados nesta etapa ser&atilde;o convocados para a segunda fase, que inclui uma viv&ecirc;ncia e treinamento de cinco dias, e, por fim, a matr&iacute;cula na institui&ccedil;&atilde;o. Al&eacute;m da bolsa de estudos, os selecionados ter&atilde;o direito a uma bolsa-aux&iacute;lio e ao aux&iacute;lio condu&ccedil;&atilde;o. Os interessados em se inscrever podem encontrar as informa&ccedil;&otilde;es completas e se cadastrar atrav&eacute;s do portal de vagas <a rel=\"follow noopener\" target='_blank' href='https:\/\/fadelitocarreiras.pandape.infojobs.com.br\/Detail?id=C5FE149D3587C1F4&amp;isqr=1'>neste link<\/a>.<\/p>\n<p>As estagi&aacute;rias &nbsp;selecionadas para o programa podem conquistar vantagens significativas para suas carreiras futuras. Segundo&nbsp; Michael, que &eacute; gestor comercial da UniFECAF <em>&#8216;<\/em>est&aacute;gios oferecem oportunidades valiosas para desenvolver habilidades pr&aacute;ticas e profissionais, al&eacute;m de aprimorar a capacidade de atuar em um ambiente corporativo. Muitas vezes, estagi&aacute;rios que se destacam t&ecirc;m a chance de serem contratados pela empresa ao final do est&aacute;gio. Al&eacute;m disso, eles frequentemente t&ecirc;m acesso a recursos e mentoria que podem acelerar seu desenvolvimento profissional e acad&ecirc;mico.<em>&#8216;<\/em><\/p>\n<p>A parceria entre a UniFECAF e a rede de escolas Fadelito visa contribuir para a democratiza&ccedil;&atilde;o do ensino e forma&ccedil;&atilde;o de profissionais qualificados para o mercado de trabalho. O modelo de est&aacute;gio proposto oferece aos alunos a oportunidade de adquirir experi&ecirc;ncia pr&aacute;tica na &aacute;rea da educa&ccedil;&atilde;o, enquanto estudam e destacam&nbsp; a import&acirc;ncia da parceria entre institui&ccedil;&otilde;es de ensino superior e escolas na prepara&ccedil;&atilde;o de futuros educadores.&nbsp;&nbsp;<\/p>\n<p>Al&eacute;m disso, essa oportunidade quebra a barreira financeira, um empecilho para milhares de brasileiros que muitas vezes n&atilde;o possuem condi&ccedil;&otilde;es de concluir um curso de ensino superior. O programa permite que, mesmo os estudantes com limita&ccedil;&otilde;es econ&ocirc;micas possam conciliar a forma&ccedil;&atilde;o acad&ecirc;mica com a pr&aacute;tica profissional, promovendo maior inclus&atilde;o e equidade no setor educacional.<\/p>\n<p>Website: <a target='_blank' href='https:\/\/fadelitocarreiras.pandape.infojobs.com.br\/' rel=\"follow noopener\">https:\/\/fadelitocarreiras.pandape.infojobs.com.br\/<\/a><img src='https:\/\/api.dino.com.br\/v2\/news\/tr\/307504' alt='' style='border:0px;width:1px;height:1px' \/><br \/>\nA <b>OESP<\/b> n\u00e3o \u00e9(s\u00e3o) respons\u00e1vel(is) por erros, incorre\u00e7\u00f5es, atrasos ou quaisquer decis\u00f5es tomadas por seus clientes com base nos Conte\u00fados ora disponibilizados, bem como tais Conte\u00fados n\u00e3o representam a opini\u00e3o da <b>OESP<\/b> e s\u00e3o de inteira responsabilidade da <b>Dino Divulgador de Noticias Online Ltda<\/b><\/p>\n","protected":false},"excerpt":{"rendered":"Tabo\u00e3o da Serra, S\u00e3o Paulo &#8211; SP&#8211;(DINO &#8211; 23 ago, 2024) &#8211;\nO Centro Universit&aacute;rio UniFECAF anunciou uma nova parceria com a rede de escolas Fadelito, para oferecer bolsas de","protected":false},"author":1,"featured_media":0,"comment_status":"open","ping_status":"closed","sticky":false,"template":"","format":"standard","meta":{"_acf_changed":false,"inline_featured_image":false,"_monsterinsights_skip_tracking":false,"_monsterinsights_sitenote_active":false,"_monsterinsights_sitenote_note":"","_monsterinsights_sitenote_category":0,"footnotes":""},"categories":[34],"tags":[],"class_list":["post-99160","post","type-post","status-publish","format-standard","hentry","category-releases-geral"],"acf":[],"_links":{"self":[{"href":"https:\/\/bluestudio.estadao.com.br\/agencia-de-comunicacao\/wp-json\/wp\/v2\/posts\/99160","targetHints":{"allow":["GET"]}}],"collection":[{"href":"https:\/\/bluestudio.estadao.com.br\/agencia-de-comunicacao\/wp-json\/wp\/v2\/posts"}],"about":[{"href":"https:\/\/bluestudio.estadao.com.br\/agencia-de-comunicacao\/wp-json\/wp\/v2\/types\/post"}],"author":[{"embeddable":true,"href":"https:\/\/bluestudio.estadao.com.br\/agencia-de-comunicacao\/wp-json\/wp\/v2\/users\/1"}],"replies":[{"embeddable":true,"href":"https:\/\/bluestudio.estadao.com.br\/agencia-de-comunicacao\/wp-json\/wp\/v2\/comments?post=99160"}],"version-history":[{"count":0,"href":"https:\/\/bluestudio.estadao.com.br\/agencia-de-comunicacao\/wp-json\/wp\/v2\/posts\/99160\/revisions"}],"wp:attachment":[{"href":"https:\/\/bluestudio.estadao.com.br\/agencia-de-comunicacao\/wp-json\/wp\/v2\/media?parent=99160"}],"wp:term":[{"taxonomy":"category","embeddable":true,"href":"https:\/\/bluestudio.estadao.com.br\/agencia-de-comunicacao\/wp-json\/wp\/v2\/categories?post=99160"},{"taxonomy":"post_tag","embeddable":true,"href":"https:\/\/bluestudio.estadao.com.br\/agencia-de-comunicacao\/wp-json\/wp\/v2\/tags?post=99160"}],"curies":[{"name":"wp","href":"https:\/\/api.w.org\/{rel}","templated":true}]}}