{"id":99003,"date":"2024-08-22T21:29:00","date_gmt":"2024-08-23T00:29:00","guid":{"rendered":"https:\/\/bluestudio.estadao.com.br\/agencia-de-comunicacao\/releases\/releases-geral\/feriados-sao-preferencia-de-viajantes-brasileiros\/"},"modified":"2024-08-22T21:29:00","modified_gmt":"2024-08-23T00:29:00","slug":"feriados-sao-preferencia-de-viajantes-brasileiros","status":"publish","type":"post","link":"https:\/\/bluestudio.estadao.com.br\/agencia-de-comunicacao\/releases\/releases-geral\/feriados-sao-preferencia-de-viajantes-brasileiros\/","title":{"rendered":"Feriados s\u00e3o prefer\u00eancia de viajantes brasileiros"},"content":{"rendered":"<p><b>DINO DIVULGADOR DE NOT\u00cdCIAS<\/b><\/p>\n<p>(<a target='_blank' href='http:\/\/www.dino.com.br' rel=\"noopener\">DINO<\/a> &#8211; 14 ago, 2024) &#8211;<br \/>\nOs brasileiros buscam mais por voos, hospedagem, aluguel de carros e viagens em per&iacute;odos espec&iacute;ficos do ano, de acordo com o <a rel=\"follow noopener\" target='_blank' href='https:\/\/www.kayak.com.br\/c\/relatorio-viagem-2023\/#zero'>Relat&oacute;rio de tend&ecirc;ncias de viagem 2023<\/a>, elaborado pelo metabuscador Kayak. O levantamento indicou, por meio de gr&aacute;ficos, que os picos de buscas ocorrem em dias pr&oacute;ximos a feriados nacionais, principalmente no segundo semestre do ano, que tem maior incid&ecirc;ncia dessas datas.&nbsp;<\/p>\n<p>Christoph Weissenback, propriet&aacute;rio da Startup Design e criador do site <a rel=\"follow noopener\" target='_blank' href='https:\/\/calendario2018brasil.com.br\/'>Calend&aacute;rio 2025,<\/a> destaca que no pr&oacute;ximo ano ser&atilde;o oito feriados prolongados. &ldquo;O ano de 2024 &eacute; bissexto, com um dia a mais em fevereiro as datas comemorativas foram jogadas para frente e isso impactou na aus&ecirc;ncia dos conhecidos feriad&otilde;es, mas em 2025 ser&atilde;o oito, ao todo&rdquo;.&nbsp;&nbsp;<\/p>\n<p>Os oito feriados citados por Weissenback s&atilde;o o Carnaval, em 3 e 4 de mar&ccedil;o; a Sexta-feira Santa, que em 2025 ser&aacute; em 18 de abril e far&aacute; com o dia de Tiradentes, em 21 de abril, um feriado prolongado; o dia do trabalhador, em 1&ordm; de maio, que cair&aacute; em uma quinta-feira, assim como Corpus Christi, em 19 de junho, o Dia da Consci&ecirc;ncia Negra, em 20 de novembro e o Natal e Ano novo.&nbsp;<\/p>\n<p>A pesquisa do Kayak utilizou dados de buscas feitas entre 2019 e o primeiro semestre de 2023 e, al&eacute;m de revelar as tend&ecirc;ncias de oportunidades de viagens para os brasileiros, apontou quando as viagens come&ccedil;aram a ser pesquisadas.&nbsp;<\/p>\n<p><strong>Planejamento de viagens<\/strong><\/p>\n<p>Ainda segundo o relat&oacute;rio, os viajantes brasileiros buscam voos internacionais, em m&eacute;dia, com doze semanas de anteced&ecirc;ncia, e oito semanas antes para viagens nacionais. Em rela&ccedil;&atilde;o &agrave; hospedagem, ao planejar viagens para o exterior, o brasileiro leva tr&ecirc;s semanas a mais buscando hospedagens em compara&ccedil;&atilde;o com viagens dentro do pa&iacute;s.<\/p>\n<p>Weissenback fala sobre o uso de ferramentas virtuais para o planejamento de viagens e outros objetivos de organiza&ccedil;&atilde;o pessoal. &ldquo;Agora o planejamento para o pr&oacute;ximo ano est&aacute; come&ccedil;ando lentamente e os calend&aacute;rios impressos s&oacute; chegar&atilde;o no final do ano. Uma funcionalidade do calend&aacute;rio on-line &eacute; que ele mostra os feriados de cada estado, isto raramente est&aacute; dispon&iacute;vel na vers&atilde;o impressa&rdquo;, afirma.&nbsp;<\/p>\n<p>Para o empres&aacute;rio, um calend&aacute;rio on-line pode trazer&nbsp;acessibilidade, uma vez que a&nbsp;utiliza&ccedil;&atilde;o do site &eacute; gratuita e as informa&ccedil;&otilde;es ficam dispon&iacute;veis por um longo per&iacute;odo mas, se for necess&aacute;rio, tamb&eacute;m &eacute; poss&iacute;vel imprimir o calend&aacute;rio.<\/p>\n<p>Para mais informa&ccedil;&otilde;es, basta acessar: <a rel=\"follow noopener\" target='_blank' href='https:\/\/calendario2018brasil.com.br\/'>calendario2018brasil.com.br\/<\/a><\/p>\n<p>A <b>OESP<\/b> n\u00e3o \u00e9(s\u00e3o) respons\u00e1vel(is) por erros, incorre\u00e7\u00f5es, atrasos ou quaisquer decis\u00f5es tomadas por seus clientes com base nos Conte\u00fados ora disponibilizados, bem como tais Conte\u00fados n\u00e3o representam a opini\u00e3o da <b>OESP<\/b> e s\u00e3o de inteira responsabilidade da <b>Dino Divulgador de Noticias Online Ltda<\/b><\/p>\n","protected":false},"excerpt":{"rendered":"(DINO &#8211; 14 ago, 2024) &#8211;\nOs brasileiros buscam mais por voos, hospedagem, aluguel de carros e viagens em per&iacute;odos espec&iacute;ficos do ano, de acordo com o Relat&oacute;rio","protected":false},"author":1,"featured_media":0,"comment_status":"open","ping_status":"closed","sticky":false,"template":"","format":"standard","meta":{"_acf_changed":false,"inline_featured_image":false,"_monsterinsights_skip_tracking":false,"_monsterinsights_sitenote_active":false,"_monsterinsights_sitenote_note":"","_monsterinsights_sitenote_category":0,"footnotes":""},"categories":[34],"tags":[],"class_list":["post-99003","post","type-post","status-publish","format-standard","hentry","category-releases-geral"],"acf":[],"_links":{"self":[{"href":"https:\/\/bluestudio.estadao.com.br\/agencia-de-comunicacao\/wp-json\/wp\/v2\/posts\/99003","targetHints":{"allow":["GET"]}}],"collection":[{"href":"https:\/\/bluestudio.estadao.com.br\/agencia-de-comunicacao\/wp-json\/wp\/v2\/posts"}],"about":[{"href":"https:\/\/bluestudio.estadao.com.br\/agencia-de-comunicacao\/wp-json\/wp\/v2\/types\/post"}],"author":[{"embeddable":true,"href":"https:\/\/bluestudio.estadao.com.br\/agencia-de-comunicacao\/wp-json\/wp\/v2\/users\/1"}],"replies":[{"embeddable":true,"href":"https:\/\/bluestudio.estadao.com.br\/agencia-de-comunicacao\/wp-json\/wp\/v2\/comments?post=99003"}],"version-history":[{"count":0,"href":"https:\/\/bluestudio.estadao.com.br\/agencia-de-comunicacao\/wp-json\/wp\/v2\/posts\/99003\/revisions"}],"wp:attachment":[{"href":"https:\/\/bluestudio.estadao.com.br\/agencia-de-comunicacao\/wp-json\/wp\/v2\/media?parent=99003"}],"wp:term":[{"taxonomy":"category","embeddable":true,"href":"https:\/\/bluestudio.estadao.com.br\/agencia-de-comunicacao\/wp-json\/wp\/v2\/categories?post=99003"},{"taxonomy":"post_tag","embeddable":true,"href":"https:\/\/bluestudio.estadao.com.br\/agencia-de-comunicacao\/wp-json\/wp\/v2\/tags?post=99003"}],"curies":[{"name":"wp","href":"https:\/\/api.w.org\/{rel}","templated":true}]}}