{"id":98944,"date":"2024-08-22T20:28:00","date_gmt":"2024-08-22T23:28:00","guid":{"rendered":"https:\/\/bluestudio.estadao.com.br\/agencia-de-comunicacao\/releases\/releases-geral\/fashion-gold-ultrapassa-r20-milhoes-e-bate-recorde-de-venda\/"},"modified":"2024-08-22T20:28:00","modified_gmt":"2024-08-22T23:28:00","slug":"fashion-gold-ultrapassa-r20-milhoes-e-bate-recorde-de-venda","status":"publish","type":"post","link":"https:\/\/bluestudio.estadao.com.br\/agencia-de-comunicacao\/releases\/releases-geral\/fashion-gold-ultrapassa-r20-milhoes-e-bate-recorde-de-venda\/","title":{"rendered":"Fashion Gold ultrapassa R$20 milh\u00f5es e bate recorde de venda"},"content":{"rendered":"<p><b>DINO DIVULGADOR DE NOT\u00cdCIAS<\/b><\/p>\n<p>Vit\u00f3ria, Esp\u00edrito Santo&#8211;(<a target='_blank' href='http:\/\/www.dino.com.br' rel=\"noopener\">DINO<\/a> &#8211; 19 ago, 2024) &#8211;<br \/>\nNeste m&ecirc;s de agosto, a marca Fashion Gold, do Grupo Ybera Paris,&nbsp;bateu mais um recorde, vendendo somente no Brasil mais de R$ 20 milh&otilde;es com a escova progressiva, um dos produtos de alisamento mais buscados pelas mulheres brasileiras. A empresa que est&aacute; presente em mais de 50 pa&iacute;ses com as marcas Ybera Paris e Fashion Gold, atua em um modelo neg&oacute;cio focado no mercado digital no Brasil.<\/p>\n<p>Em agosto, a empresa promove o &#8216;M&ecirc;s da Progressiva&#8217;, em comemora&ccedil;&atilde;o ao m&ecirc;s em que sua f&oacute;rmula foi lan&ccedil;ada, em 2005. Com descontos e frete gr&aacute;tis, o estoque projetado para durar o m&ecirc;s todo se esgotou em poucos dias. O resultado &eacute; fruto da venda dos produtos exclusivamente pelo marketing de influ&ecirc;ncia, atrav&eacute;s do clube de influenciadores digitais que o Grupo possui, com mais de 15 mil influenciadores que usam e promovem os seus produtos da marca diariamente.<\/p>\n<p>Embora a empresa n&atilde;o revele todos os n&uacute;meros e dados, a campanha promocional movimentou as redes sociais no &uacute;ltimo dia 04 de agosto. O Diretor Comercial do Grupo Ybera Paris, Romulo Alves, mencionou &ldquo;Nosso e-commerce chegou a sofrer algumas dificuldades para suportar o volume de mais de 750 mil acessos simult&acirc;neos nas primeiras horas ap&oacute;s as promo&ccedil;&otilde;es serem liberadas, mas a situa&ccedil;&atilde;o logo foi normalizada e nossos clientes conseguiram comprar e garantir a oferta&rdquo;.<\/p>\n<p>A escova Progressiva Fashion Gold possui refer&ecirc;ncia de qualidade no segmento de alisamento capilar, por fazer parte&nbsp; do Grupo Ybera Paris, que h&aacute; mais de 20 anos atua no mercado de cosm&eacute;ticos capilares. A empresa agora concentra esfor&ccedil;os para enviar todos os pedidos a partir de seu centro de distribui&ccedil;&atilde;o localizado em Viana, no Esp&iacute;rito Santo.<\/p>\n<p><a rel=\"follow noopener\" target='_blank' href='http:\/\/www.b2cstores.combr'>www.b2cstore.com.br<\/a><\/p>\n<p><\/p>\n<p>Website: <a target='_blank' href='http:\/\/www.b2cstore.com.br' rel=\"follow noopener\">http:\/\/www.b2cstore.com.br<\/a><img src='https:\/\/api.dino.com.br\/v2\/news\/tr\/307358' alt='' style='border:0px;width:1px;height:1px' \/><br \/>\nA <b>OESP<\/b> n\u00e3o \u00e9(s\u00e3o) respons\u00e1vel(is) por erros, incorre\u00e7\u00f5es, atrasos ou quaisquer decis\u00f5es tomadas por seus clientes com base nos Conte\u00fados ora disponibilizados, bem como tais Conte\u00fados n\u00e3o representam a opini\u00e3o da <b>OESP<\/b> e s\u00e3o de inteira responsabilidade da <b>Dino Divulgador de Noticias Online Ltda<\/b><\/p>\n","protected":false},"excerpt":{"rendered":"Vit\u00f3ria, Esp\u00edrito Santo&#8211;(DINO &#8211; 19 ago, 2024) &#8211;\nNeste m&ecirc;s de agosto, a marca Fashion Gold, do Grupo Ybera Paris,&nbsp;bateu mais um recorde, vendendo somente no Brasil mais","protected":false},"author":1,"featured_media":0,"comment_status":"open","ping_status":"closed","sticky":false,"template":"","format":"standard","meta":{"_acf_changed":false,"inline_featured_image":false,"_monsterinsights_skip_tracking":false,"_monsterinsights_sitenote_active":false,"_monsterinsights_sitenote_note":"","_monsterinsights_sitenote_category":0,"footnotes":""},"categories":[34],"tags":[],"class_list":["post-98944","post","type-post","status-publish","format-standard","hentry","category-releases-geral"],"acf":[],"_links":{"self":[{"href":"https:\/\/bluestudio.estadao.com.br\/agencia-de-comunicacao\/wp-json\/wp\/v2\/posts\/98944","targetHints":{"allow":["GET"]}}],"collection":[{"href":"https:\/\/bluestudio.estadao.com.br\/agencia-de-comunicacao\/wp-json\/wp\/v2\/posts"}],"about":[{"href":"https:\/\/bluestudio.estadao.com.br\/agencia-de-comunicacao\/wp-json\/wp\/v2\/types\/post"}],"author":[{"embeddable":true,"href":"https:\/\/bluestudio.estadao.com.br\/agencia-de-comunicacao\/wp-json\/wp\/v2\/users\/1"}],"replies":[{"embeddable":true,"href":"https:\/\/bluestudio.estadao.com.br\/agencia-de-comunicacao\/wp-json\/wp\/v2\/comments?post=98944"}],"version-history":[{"count":0,"href":"https:\/\/bluestudio.estadao.com.br\/agencia-de-comunicacao\/wp-json\/wp\/v2\/posts\/98944\/revisions"}],"wp:attachment":[{"href":"https:\/\/bluestudio.estadao.com.br\/agencia-de-comunicacao\/wp-json\/wp\/v2\/media?parent=98944"}],"wp:term":[{"taxonomy":"category","embeddable":true,"href":"https:\/\/bluestudio.estadao.com.br\/agencia-de-comunicacao\/wp-json\/wp\/v2\/categories?post=98944"},{"taxonomy":"post_tag","embeddable":true,"href":"https:\/\/bluestudio.estadao.com.br\/agencia-de-comunicacao\/wp-json\/wp\/v2\/tags?post=98944"}],"curies":[{"name":"wp","href":"https:\/\/api.w.org\/{rel}","templated":true}]}}