{"id":98813,"date":"2024-08-21T10:42:00","date_gmt":"2024-08-21T13:42:00","guid":{"rendered":"https:\/\/bluestudio.estadao.com.br\/agencia-de-comunicacao\/prnewswire\/prnewseconomia\/dar-global-nomeia-rothschild-co-para-explorar-novas-oportunidades-de-crescimento-nos-mercados-de-londres-e-arabia-saudita\/"},"modified":"2024-08-21T10:42:00","modified_gmt":"2024-08-21T13:42:00","slug":"dar-global-nomeia-rothschild-co-para-explorar-novas-oportunidades-de-crescimento-nos-mercados-de-londres-e-arabia-saudita","status":"publish","type":"post","link":"https:\/\/bluestudio.estadao.com.br\/agencia-de-comunicacao\/prnewswire\/prnewseconomia\/dar-global-nomeia-rothschild-co-para-explorar-novas-oportunidades-de-crescimento-nos-mercados-de-londres-e-arabia-saudita\/","title":{"rendered":"DAR GLOBAL NOMEIA ROTHSCHILD &amp; CO PARA EXPLORAR NOVAS OPORTUNIDADES DE CRESCIMENTO NOS MERCADOS DE LONDRES E AR\u00c1BIA SAUDITA"},"content":{"rendered":"<p><b>PR NEWSWIRE<\/b><\/p>\n<div class=\"xn-content\">\n<ul type=\"disc\">\n<li><i>Aquisi\u00e7\u00f5es e joint ventures s\u00e3o parte crucial dos planos de expans\u00e3o em ambos os mercados<\/i><\/li>\n<li>A <i>Dar Global ser\u00e1 auxiliada pela principal parte interessada <span class=\"xn-person\">Dar Al Arkan<\/span> na facilita\u00e7\u00e3o de aquisi\u00e7\u00f5es e joint ventures no mercado saudita<\/i><\/li>\n<li>A <i>Dar Global anunciou anteriormente seus planos de expans\u00e3o para a Ar\u00e1bia Saudita, em novembro de 2023<\/i><\/li>\n<\/ul>\n<p><span class=\"legendSpanClass\"><span class=\"xn-location\">DUBAI<\/span>, Emirados \u00c1rabes Unidos<\/span>, <span class=\"legendSpanClass\">21 de agosto de 2024<\/span> \/PRNewswire\/ &#8212; Dar Global, incorporadora imobili\u00e1ria internacional de luxo listada em Londres, tem o prazer de anunciar a nomea\u00e7\u00e3o da Rothschild &amp; Co, principal consultora financeira independente global, para explorar novas oportunidades de crescimento nos mercados de Londres e da Ar\u00e1bia Saudita. A mudan\u00e7a faz parte do plano estrat\u00e9gico da Dar Global para ampliar sua presen\u00e7a nos dois mercados.<\/p>\n<div id=\"prni_dvprnejpgdd6dleft\" dir=\"ltr\" style=\"width: 100%;text-align: left\"><img decoding=\"async\" id=\"prnejpgdd6dleft\" title=\"Needed 5 million sqm of commercial and residential spaces, incorporating world-class facilities for an affluent lifestyle\" src=\"https:\/\/mma.PRNewswire.com\/media\/2486696\/World_Class_Facilities.jpg\" alt=\"Needed 5 million sqm of commercial and residential spaces, incorporating world-class facilities for an affluent lifestyle\" align=\"middle\" data-name=\"url$https%3A%2F%2Fmma.PRNewswire.com%2Fmedia%2F2486696%2FWorld_Class_Facilities.jpg\" \/><\/div>\n<p>Embora o mercado de Londres continue a ser uma \u00e1rea de foco fundamental para a Dar Global, a empresa anunciou em novembro de 2023 a sua inten\u00e7\u00e3o de explorar oportunidades de expans\u00e3o para a Ar\u00e1bia Saudita, para se beneficiar do crescente interesse internacional no Reino. A Dar Global ser\u00e1 assistida por seu principal acionista Dar Al\u00a0Arkan em Aquisi\u00e7\u00f5es e Joint Ventures no mercado saudita. A Dar Global teve um sucesso significativo em transa\u00e7\u00f5es semelhantes em todos os seus portf\u00f3lios, em parceria com propriet\u00e1rios de terras, organiza\u00e7\u00f5es governamentais e algumas das principais marcas de luxo e hospitalidade do mundo para oferecer oportunidades de investimento de alta qualidade e sob medida para clientes abastados e com mobilidade internacional.<\/p>\n<p><b><span class=\"xn-person\">Ziad El Chaar<\/span>, CEO da <span class=\"xn-person\">Dar Global<\/span>, <\/b>disse: &#8220;Nossas parcerias s\u00e3o fundamentais para o nosso sucesso e nosso compromisso profundamente enraizado de oferecer oportunidades de investimento personalizadas de alta qualidade para nossos clientes nos manter\u00e1 em boa posi\u00e7\u00e3o \u00e0 medida que avan\u00e7amos. Estamos ansiosos para aumentar ainda mais nossa presen\u00e7a no principal mercado de Londres, mesmo enquanto trabalhamos ao lado de nosso principal acionista <span class=\"xn-person\">Dar Al Arkan<\/span> para consolidar nossas aquisi\u00e7\u00f5es e joint ventures no mercado saudita. Temos o prazer de trabalhar com a equipe da Rothschild &amp; Co no avan\u00e7o de nossas ambi\u00e7\u00f5es, \u00e0 medida que refor\u00e7amos a presen\u00e7a de nossa marca na regi\u00e3o.&#8221;<\/p>\n<p>A Dar Global espera publicar seus resultados semestrais at\u00e9 30 de junho de 2024, em 26 de setembro de 2024.<\/p>\n<p>Foto &#8211; <a href=\"https:\/\/mma.prnewswire.com\/media\/2486696\/World_Class_Facilities.jpg\" target=\"_blank\" rel=\"nofollow noopener\">https:\/\/mma.PRNewswire.com\/media\/2486696\/World_Class_Facilities.jpg<\/a><\/p>\n<p id=\"PURL\"><img loading=\"lazy\" decoding=\"async\" title=\"Cision\" width=\"12\" height=\"12\" alt=\"Cision\" src=\"https:\/\/c212.net\/c\/img\/favicon.png?sn=PT88392&amp;sd=2024-08-21\" \/> View original content:<a id=\"PRNURL\" rel=\"nofollow noopener\" href=\"https:\/\/www.prnewswire.com\/br\/comunicados-para-a-imprensa\/dar-global-nomeia-rothschild--co-para-explorar-novas-oportunidades-de-crescimento-nos-mercados-de-londres-e-arabia-saudita-302227520.html\" target=\"_blank\">https:\/\/www.prnewswire.com\/br\/comunicados-para-a-imprensa\/dar-global-nomeia-rothschild&#8211;co-para-explorar-novas-oportunidades-de-crescimento-nos-mercados-de-londres-e-arabia-saudita-302227520.html<\/a><\/p>\n<p>FONTE  Dar Global<\/p>\n<\/div>\n<p><img decoding=\"async\" alt=\"\" src=\"https:\/\/rt.prnewswire.com\/rt.gif?NewsItemId=PT88392&amp;Transmission_Id=202408210932PR_NEWS_LATAM____PT88392&amp;DateId=20240821\" style=\"border:0px;width:1px;height:1px\" \/><\/p>\n<p>A <b>OESP<\/b> n\u00e3o \u00e9(s\u00e3o) respons\u00e1vel(is) por erros, incorre\u00e7\u00f5es, atrasos ou quaisquer decis\u00f5es tomadas por seus clientes com base nos Conte\u00fados ora disponibilizados, bem como tais Conte\u00fados n\u00e3o representam a opini\u00e3o da <b>OESP<\/b> e s\u00e3o de inteira responsabilidade da <b>PR Newswire Ltda<\/b><\/p>\n","protected":false},"excerpt":{"rendered":"Dar Global, incorporadora imobili\u00e1ria internacional de luxo listada em Londres, tem o prazer de anunciar a nomea\u00e7\u00e3o da Rothschild &amp; Co, principal consultora financeira indepen","protected":false},"author":1,"featured_media":0,"comment_status":"open","ping_status":"closed","sticky":false,"template":"","format":"standard","meta":{"_acf_changed":false,"inline_featured_image":false,"_monsterinsights_skip_tracking":false,"_monsterinsights_sitenote_active":false,"_monsterinsights_sitenote_note":"","_monsterinsights_sitenote_category":0,"footnotes":""},"categories":[29],"tags":[],"class_list":["post-98813","post","type-post","status-publish","format-standard","hentry","category-prnewseconomia"],"acf":[],"_links":{"self":[{"href":"https:\/\/bluestudio.estadao.com.br\/agencia-de-comunicacao\/wp-json\/wp\/v2\/posts\/98813","targetHints":{"allow":["GET"]}}],"collection":[{"href":"https:\/\/bluestudio.estadao.com.br\/agencia-de-comunicacao\/wp-json\/wp\/v2\/posts"}],"about":[{"href":"https:\/\/bluestudio.estadao.com.br\/agencia-de-comunicacao\/wp-json\/wp\/v2\/types\/post"}],"author":[{"embeddable":true,"href":"https:\/\/bluestudio.estadao.com.br\/agencia-de-comunicacao\/wp-json\/wp\/v2\/users\/1"}],"replies":[{"embeddable":true,"href":"https:\/\/bluestudio.estadao.com.br\/agencia-de-comunicacao\/wp-json\/wp\/v2\/comments?post=98813"}],"version-history":[{"count":0,"href":"https:\/\/bluestudio.estadao.com.br\/agencia-de-comunicacao\/wp-json\/wp\/v2\/posts\/98813\/revisions"}],"wp:attachment":[{"href":"https:\/\/bluestudio.estadao.com.br\/agencia-de-comunicacao\/wp-json\/wp\/v2\/media?parent=98813"}],"wp:term":[{"taxonomy":"category","embeddable":true,"href":"https:\/\/bluestudio.estadao.com.br\/agencia-de-comunicacao\/wp-json\/wp\/v2\/categories?post=98813"},{"taxonomy":"post_tag","embeddable":true,"href":"https:\/\/bluestudio.estadao.com.br\/agencia-de-comunicacao\/wp-json\/wp\/v2\/tags?post=98813"}],"curies":[{"name":"wp","href":"https:\/\/api.w.org\/{rel}","templated":true}]}}