{"id":98804,"date":"2024-08-21T09:12:00","date_gmt":"2024-08-21T12:12:00","guid":{"rendered":"https:\/\/bluestudio.estadao.com.br\/agencia-de-comunicacao\/prnewswire\/prnewsinternacional\/bayer-fecha-parceria-com-agro-club-tecnologico-para-validacao-de-inovacoes-para-o-setor\/"},"modified":"2024-08-21T09:12:00","modified_gmt":"2024-08-21T12:12:00","slug":"bayer-fecha-parceria-com-agro-club-tecnologico-para-validacao-de-inovacoes-para-o-setor","status":"publish","type":"post","link":"https:\/\/bluestudio.estadao.com.br\/agencia-de-comunicacao\/prnewswire\/prnewsinternacional\/bayer-fecha-parceria-com-agro-club-tecnologico-para-validacao-de-inovacoes-para-o-setor\/","title":{"rendered":"Bayer fecha parceria com Agro Club Tecnol\u00f3gico para valida\u00e7\u00e3o de inova\u00e7\u00f5es para o setor"},"content":{"rendered":"<p><b>PR NEWSWIRE<\/b><\/p>\n<div class=\"xn-content\">\n<p class=\"prntac\"><i>A iniciativa, idealizada por grupo seleto de produtores de Rondon\u00f3polis\/MT, conta com apoio de empresas agro, consultorias e universidades para validar tecnologias mais assertivas para o campo<\/i><\/p>\n<p><span class=\"legendSpanClass\">S\u00c3O PAULO<\/span>, <span class=\"legendSpanClass\">21 de agosto de 2024<\/span> \/PRNewswire\/ &#8212; Diante dos desafios enfrentados no campo \u00e9 imprescind\u00edvel o desenvolvimento de inova\u00e7\u00f5es que atendam as necessidades espec\u00edficas do agricultor brasileiro e contribuam para produzir mais, de forma cada vez mais sustent\u00e1vel. Ainda que empresas lancem solu\u00e7\u00f5es tecnol\u00f3gicas, nem sempre elas funcionam na pr\u00e1tica, resolvendo os desafios dos produtores. Para que inova\u00e7\u00f5es bem-sucedidas os alcancem, foi criado o Agro Club Tecnol\u00f3gico, primeira organiza\u00e7\u00e3o do Brasil que contar\u00e1 com empresas agro, entre elas a Bayer, consultorias e universidades, para validar tecnologias que v\u00e3o para o campo. At\u00e9 o momento, mais de 100 parceiros e produtores fazem parte do projeto.<\/p>\n<div class=\"PRN_ImbeddedAssetReference\" id=\"DivAssetPlaceHolder1\">\n<a href=\"https:\/\/mma.prnewswire.com\/media\/2485995\/Bayer.html\" target=\"_blank\" rel=\"nofollow noopener\">  <img decoding=\"async\" src=\"https:\/\/mma.prnewswire.com\/media\/2485995\/Bayer.jpg\" title=\"\" alt=\"\" \/><\/a>\n <\/p>\n<\/p><\/div>\n<p>O Agro Club Tecnol\u00f3gico testar\u00e1 e validar\u00e1 solu\u00e7\u00f5es inovadoras desenvolvidas por diferentes institui\u00e7\u00f5es que, se aprovadas, poder\u00e3o chegar aos produtores, trazendo celeridade ao permitir que inova\u00e7\u00f5es sejam testadas nas fazendas da regi\u00e3o e avaliadas por diferentes stakeholders, diminuindo a possibilidade de que solu\u00e7\u00f5es ineficientes sejam adotadas pelos agricultores.<\/p>\n<p>Para Abdalah Novaes, diretor de solu\u00e7\u00f5es agr\u00edcolas digitais da Bayer para a Am\u00e9rica Latina, essa parceria fomenta a estrat\u00e9gia da companhia de sempre ter o cliente no centro. &#8220;Ao fazer parte do Agro Club Tecnol\u00f3gico, temos a oportunidade de testar e validar nossas inova\u00e7\u00f5es no campo e poder contribuir com o desenvolvimento de outras, seja por meio de mentoria, feedback e\/ou valida\u00e7\u00e3o das mesmas.&#8221;<\/p>\n<p>A valida\u00e7\u00e3o das tecnologias envolve diversas etapas, incluindo testes com os produtores, mentorias com empresas, parcerias e avalia\u00e7\u00f5es em colabora\u00e7\u00e3o com universidades. Se a inova\u00e7\u00e3o for aprovada por essa rede, recebe um selo de valida\u00e7\u00e3o e tem a oportunidade de ser implementada pelos produtores.<\/p>\n<p>A iniciativa surgiu em resposta \u00e0 percep\u00e7\u00e3o de alguns produtores de Rondon\u00f3polis, em <span class=\"xn-location\">Mato Grosso<\/span>, que enfrentavam desafios com a oferta recorrente de solu\u00e7\u00f5es por diversas empresas, startups e profissionais aut\u00f4nomos, as quais nem sempre atendiam \u00e0s suas expectativas. Frente a essa quest\u00e3o, <span class=\"xn-person\">Durval Carneiro<\/span>, fundador e CEO da empresa, junto com Victor Griesang, presidente da CooperCotton, e <span class=\"xn-person\">Vicente Bissoni<\/span>, Diretor Financeiro e Adm do Grupo Botuver\u00e1, criaram o Agro Club Tecnol\u00f3gico, que ter\u00e1 seu espa\u00e7o f\u00edsico inaugurado em setembro, em Rondon\u00f3polis.<\/p>\n<p>&#8220;O munic\u00edpio tem o segundo maior Produto Interno Bruto (PIB) de <span class=\"xn-location\">Mato Grosso<\/span> e \u00e9 uma das principais capitais do agroneg\u00f3cio. Portanto, temos muitos produtores na regi\u00e3o que poder\u00e3o compartilhar conosco suas necessidades e junto de outras institui\u00e7\u00f5es, empresas e startups poderemos cocriar solu\u00e7\u00f5es que n\u00e3o somente ajudar\u00e3o os agricultores da regi\u00e3o, mas sim de todo o pa\u00eds. Desta forma, conseguiremos disponibilizar o que eles realmente necessitam para obter maiores produtividades, de forma respons\u00e1vel e sustent\u00e1vel&#8221;, destaca <span class=\"xn-person\">Durval Carneiro<\/span>, fundador e CEO do Agro Club Tecnol\u00f3gico.<\/p>\n<p><b>Sobre a Bayer <br \/><\/b>A Bayer \u00e9 uma empresa global com compet\u00eancias essenciais nas ci\u00eancias da vida nos setores de agroneg\u00f3cios e sa\u00fade. Seus produtos e servi\u00e7os s\u00e3o projetados para ajudar as pessoas e o planeta a prosperar, apoiando os esfor\u00e7os para superar os principais desafios apresentados por uma popula\u00e7\u00e3o global em crescimento e envelhecimento. A Bayer est\u00e1 comprometida em impulsionar o desenvolvimento sustent\u00e1vel e gerar um impacto positivo em seus neg\u00f3cios. Ao mesmo tempo, o Grupo pretende aumentar o seu poder de ganho e criar valor atrav\u00e9s da inova\u00e7\u00e3o e do crescimento. A marca Bayer representa confian\u00e7a, confiabilidade e qualidade. O Brasil \u00e9 a segunda maior opera\u00e7\u00e3o da companhia no mundo.<\/p>\n<p><b>Declara\u00e7\u00f5es prospectivas<\/b> \u00a0<br \/>Este comunicado pode conter declara\u00e7\u00f5es prospectivas baseadas nas previs\u00f5es atuais da equipe executiva da Bayer. Diversos riscos, incertezas e outros fatores, conhecidos ou desconhecidos, podem gerar diferen\u00e7as materiais entre os reais e futuros resultados, situa\u00e7\u00f5es financeiras, desenvolvimentos e desempenhos da empresa e as estimativas apresentadas aqui. Esses fatores incluem aqueles discutidos nos relat\u00f3rios p\u00fablicos da Bayer, dispon\u00edveis no <a href=\"https:\/\/www.bayer.com\/\" target=\"_blank\" rel=\"nofollow noopener\">site da empresa<\/a>. A companhia se isenta de qualquer responsabilidade pela atualiza\u00e7\u00e3o destas declara\u00e7\u00f5es prospectivas e pela precis\u00e3o de eventos e desenvolvimentos futuros.\u00a0<\/p>\n<p>Foto &#8211; <a href=\"https:\/\/mma.prnewswire.com\/media\/2485995\/Bayer.jpg\" target=\"_blank\" rel=\"nofollow noopener\">https:\/\/mma.prnewswire.com\/media\/2485995\/Bayer.jpg<\/a><\/p>\n<p id=\"PURL\"><img loading=\"lazy\" decoding=\"async\" title=\"Cision\" width=\"12\" height=\"12\" alt=\"Cision\" src=\"https:\/\/c212.net\/c\/img\/favicon.png?sn=PT87893&amp;sd=2024-08-21\" \/> View original content to download multimedia:<a id=\"PRNURL\" rel=\"nofollow noopener\" href=\"https:\/\/www.prnewswire.com\/br\/comunicados-para-a-imprensa\/bayer-fecha-parceria-com-agro-club-tecnologico-para-validacao-de-inovacoes-para-o-setor-302227425.html\" target=\"_blank\">https:\/\/www.prnewswire.com\/br\/comunicados-para-a-imprensa\/bayer-fecha-parceria-com-agro-club-tecnologico-para-validacao-de-inovacoes-para-o-setor-302227425.html<\/a><\/p>\n<p>FONTE  Bayer<\/p>\n<\/div>\n<p><img decoding=\"async\" alt=\"\" src=\"https:\/\/rt.prnewswire.com\/rt.gif?NewsItemId=PT87893&amp;Transmission_Id=202408210804PR_NEWS_LATAM____PT87893&amp;DateId=20240821\" style=\"border:0px;width:1px;height:1px\" \/><\/p>\n<p>A <b>OESP<\/b> n\u00e3o \u00e9(s\u00e3o) respons\u00e1vel(is) por erros, incorre\u00e7\u00f5es, atrasos ou quaisquer decis\u00f5es tomadas por seus clientes com base nos Conte\u00fados ora disponibilizados, bem como tais Conte\u00fados n\u00e3o representam a opini\u00e3o da <b>OESP<\/b> e s\u00e3o de inteira responsabilidade da <b>PR Newswire Ltda<\/b><\/p>\n","protected":false},"excerpt":{"rendered":"A iniciativa, idealizada por grupo seleto de produtores de Rondon\u00f3polis\/MT, conta com apoio de empresas agro, consultorias e universidades para validar tecnologias mais assertivas para o campo","protected":false},"author":1,"featured_media":0,"comment_status":"open","ping_status":"closed","sticky":false,"template":"","format":"standard","meta":{"_acf_changed":false,"inline_featured_image":false,"_monsterinsights_skip_tracking":false,"_monsterinsights_sitenote_active":false,"_monsterinsights_sitenote_note":"","_monsterinsights_sitenote_category":0,"footnotes":""},"categories":[31],"tags":[],"class_list":["post-98804","post","type-post","status-publish","format-standard","hentry","category-prnewsinternacional"],"acf":[],"_links":{"self":[{"href":"https:\/\/bluestudio.estadao.com.br\/agencia-de-comunicacao\/wp-json\/wp\/v2\/posts\/98804","targetHints":{"allow":["GET"]}}],"collection":[{"href":"https:\/\/bluestudio.estadao.com.br\/agencia-de-comunicacao\/wp-json\/wp\/v2\/posts"}],"about":[{"href":"https:\/\/bluestudio.estadao.com.br\/agencia-de-comunicacao\/wp-json\/wp\/v2\/types\/post"}],"author":[{"embeddable":true,"href":"https:\/\/bluestudio.estadao.com.br\/agencia-de-comunicacao\/wp-json\/wp\/v2\/users\/1"}],"replies":[{"embeddable":true,"href":"https:\/\/bluestudio.estadao.com.br\/agencia-de-comunicacao\/wp-json\/wp\/v2\/comments?post=98804"}],"version-history":[{"count":0,"href":"https:\/\/bluestudio.estadao.com.br\/agencia-de-comunicacao\/wp-json\/wp\/v2\/posts\/98804\/revisions"}],"wp:attachment":[{"href":"https:\/\/bluestudio.estadao.com.br\/agencia-de-comunicacao\/wp-json\/wp\/v2\/media?parent=98804"}],"wp:term":[{"taxonomy":"category","embeddable":true,"href":"https:\/\/bluestudio.estadao.com.br\/agencia-de-comunicacao\/wp-json\/wp\/v2\/categories?post=98804"},{"taxonomy":"post_tag","embeddable":true,"href":"https:\/\/bluestudio.estadao.com.br\/agencia-de-comunicacao\/wp-json\/wp\/v2\/tags?post=98804"}],"curies":[{"name":"wp","href":"https:\/\/api.w.org\/{rel}","templated":true}]}}