{"id":98360,"date":"2024-08-08T11:12:00","date_gmt":"2024-08-08T14:12:00","guid":{"rendered":"https:\/\/bluestudio.estadao.com.br\/agencia-de-comunicacao\/prnewswire\/prnewseconomia\/estao-abertas-as-inscricoes-para-o-premio-falling-walls-lab-brazil-2024-de-inovacao-ciencia-e-tecnologia-3\/"},"modified":"2024-08-08T11:12:00","modified_gmt":"2024-08-08T14:12:00","slug":"estao-abertas-as-inscricoes-para-o-premio-falling-walls-lab-brazil-2024-de-inovacao-ciencia-e-tecnologia-3","status":"publish","type":"post","link":"https:\/\/bluestudio.estadao.com.br\/agencia-de-comunicacao\/prnewswire\/prnewseconomia\/estao-abertas-as-inscricoes-para-o-premio-falling-walls-lab-brazil-2024-de-inovacao-ciencia-e-tecnologia-3\/","title":{"rendered":"Est\u00e3o abertas as inscri\u00e7\u00f5es para o Pr\u00eamio Falling Walls Lab Brazil 2024 de Inova\u00e7\u00e3o, Ci\u00eancia e Tecnologia"},"content":{"rendered":"<p><b>PR NEWSWIRE<\/b><\/p>\n<div class=\"xn-content\">\n<p class=\"prntac\"><i>Competi\u00e7\u00e3o nacional \u00e9 realizada pelo Centro Alem\u00e3o de Ci\u00eancia e Inova\u00e7\u00e3o (DWIH), com sede em S\u00e3o Paulo (SP), em parceria com a <span class=\"xn-person\">Cesar School<\/span>, Servi\u00e7o Alem\u00e3o de Interc\u00e2mbio Acad\u00eamico (DAAD) e o Minist\u00e9rio das Rela\u00e7\u00f5es Exteriores da Alemanha. Inscri\u00e7\u00f5es v\u00e3o at\u00e9 19 de agosto e o vencedor brasileiro ir\u00e1 competir a final na Alemanha<\/i><\/p>\n<p><span class=\"legendSpanClass\">S\u00c3O PAULO<\/span>, <span class=\"legendSpanClass\">8 de agosto de 2024<\/span> \/PRNewswire\/ &#8212; O Centro Alem\u00e3o de Ci\u00eancia e Inova\u00e7\u00e3o (DWIH), com sede em S\u00e3o Paulo (SP), em parceria com a <span class=\"xn-person\">Cesar School<\/span>, institui\u00e7\u00e3o de ensino superior da capital pernambucana; o Servi\u00e7o Alem\u00e3o de Interc\u00e2mbio Acad\u00eamico (DAAD) e o Minist\u00e9rio das Rela\u00e7\u00f5es Exteriores da Alemanha, realiza o <b><i>Falling Walls Lab Brazil 2024<\/i><\/b>.<\/p>\n<p>Falling Walls Lab Brazil \u00e9 uma competi\u00e7\u00e3o de \u00e2mbito nacional, realizada anualmente, que visa premiar os projetos inovadores e de destaque nas categorias de Ci\u00eancia &amp; Tecnologia. O evento de premia\u00e7\u00e3o dos vencedores da edi\u00e7\u00e3o 2024 ser\u00e1 realizada em 27 de setembro, em <span class=\"xn-location\">Recife<\/span> (PE). Os (as) candidatos (as) vencedores (as), de fora de <span class=\"xn-location\">Recife<\/span>, ter\u00e3o ajuda de custo para deslocamento e hospedagem na capital pernambucana, em formato de reembolso. As inscri\u00e7\u00f5es para participar do concurso v\u00e3o at\u00e9 19 de agosto.<\/p>\n<p>A competi\u00e7\u00e3o \u00e9 dividida em tr\u00eas etapas. Na primeira fase, 15 projetos ser\u00e3o selecionados para serem apresentados, obrigatoriamente em ingl\u00eas, para o j\u00fari, em Recife.\u00a0 Na segunda etapa, o mesmo j\u00fari escolher\u00e1 o melhor projeto, a ser premiado com uma viagem, com tudo pago, para Berlim, na Alemanha. Na terceira etapa, o (a) candidato (a) participar\u00e1 da final global do Falling Walls Lab, no dia 7 de novembro, representando o Brasil juntamente com at\u00e9 100 outros competidores (as) ao redor do mundo. Por fim, o j\u00fari de especialistas locais, durante evento on-line, anunciar\u00e1 o campe\u00e3o, ou campe\u00e3 global.<\/p>\n<p>O Falling Walls Lab Brazil 2024 \u00e9 aberto a diferentes perfis de participantes. S\u00e3o eles, estudantes matriculados em universidades, institui\u00e7\u00f5es de pesquisa e inova\u00e7\u00e3o, empreendedores cient\u00edficos, representantes de empresas, centros acad\u00eamicos e funda\u00e7\u00f5es.<\/p>\n<p>Os candidatos(as) podem ser de qualquer \u00e1rea, mas devem estar com v\u00ednculo ativo a uma institui\u00e7\u00e3o de ensino superior. Outra possibilidade para participa\u00e7\u00e3o \u00e9 que o candidato tenha conclu\u00eddo a pesquisa inscrita no concurso nos seguintes prazos: gradua\u00e7\u00e3o h\u00e1 no m\u00e1ximo dez anos, mestrado h\u00e1 sete ou o doutorado h\u00e1 cinco anos.<\/p>\n<p>N\u00e3o poder\u00e3o participar aqueles candidatos que j\u00e1 se inscreveram em outras edi\u00e7\u00f5es e chegaram a ser pr\u00e9-selecionados. Antes da apresenta\u00e7\u00e3o dos projetos, prevista para o dia 27 de setembro, a <span class=\"xn-person\">Cesar School<\/span> oferecer\u00e1 um treinamento on-line de pitch para os selecionados.\u00a0 Tanto em <span class=\"xn-location\">Recife<\/span>, quanto em Berlim, o p\u00fablico presente tamb\u00e9m poder\u00e1 opinar e escolher seus projetos favoritos.\u00a0<\/p>\n<p><b>Servi\u00e7o:<\/b> \u00a0<br \/><b>Pr\u00eamio<\/b>: FALLING WALLS LAB <span class=\"xn-location\">BRAZIL<\/span> 2024<\/p>\n<p><b>Inscri\u00e7\u00f5es: <\/b>abertas at\u00e9 <span class=\"xn-chron\">19\/08\/2024<\/span> <br \/><b>Etapa brasileira em <span class=\"xn-location\">Recife<\/span><\/b>: 27\/09\/2024. <br \/><b>Final em Berlim<\/b>: <span class=\"xn-chron\">07\/11\/2024<\/span> <br \/><b>Mais informa\u00e7\u00f5es e Inscri\u00e7\u00f5es<\/b>: <a href=\"https:\/\/apply.falling-walls.com\/lab\/apply\/brazil\/apply\/\" target=\"_blank\" rel=\"nofollow noopener\">https:\/\/apply.falling-walls.com\/lab\/apply\/brazil\/apply\/<\/a>\u00a0<\/p>\n<p><b>Conhe\u00e7a os vencedores de 2023<\/b>\u00a0<\/p>\n<p><a href=\"https:\/\/www.dwih-saopaulo.org\/pt\/2023\/09\/14\/falling-walls-lab-brazil-2023-premia-plataforma-que-usa-aprendizado-de-maquina-para-combater-fake-news\/\" target=\"_blank\" rel=\"nofollow noopener\">A edi\u00e7\u00e3o de 2023 do Falling Walls Lab Brazil, realizada em S\u00e3o Paulo (SP) em uma parceria com a Universidade Federal de S\u00e3o Paulo (Unifesp)<\/a>, premiou em primeiro lugar uma plataforma web que usa aprendizado de m\u00e1quina para detectar not\u00edcias falsas, idealizada pelo estudante <span class=\"xn-person\">Denis Tavares da Silva<\/span>, da Faculdade de Tecnologia de S\u00e3o Paulo (Fatec &#8211; Ourinhos).<\/p>\n<p><b>Vencedores <br \/><\/b>Al\u00e9m do estudante <span class=\"xn-person\">Denis da Silva<\/span>, o vice-campe\u00e3o, <span class=\"xn-person\">Elias Barbosa<\/span>, ent\u00e3o estudante de Biomedicina na Universidade Federal de Pernambuco (UFPE), e <span class=\"xn-person\">Bruna Enne<\/span>, que ficou na terceira coloca\u00e7\u00e3o, estudante da Universidade de S\u00e3o Paulo (USP) tamb\u00e9m foram para a Alemanha, representando o Brasil.<\/p>\n<p>Durante seu pitch, Silva citou estudos que mostrariam que as pessoas t\u00eam 70% mais chance de compartilhar uma not\u00edcia falsa do que uma verdadeira, j\u00e1 que as <i>fake news<\/i> apelam para o senso de urg\u00eancia e, frequentemente, s\u00e3o afinadas com vi\u00e9s de confirma\u00e7\u00e3o do usu\u00e1rio. No aplicativo desenvolvido pelo estudante, chamado ITT &#8211; Is That True? (&#8220;Isso \u00e9 verdade?&#8221;, em portugu\u00eas), os leitores colam o texto sobre o qual tem d\u00favidas (postagens do X &#8211; antigo Twitter &#8211; trechos de reportagens e at\u00e9 mat\u00e9rias inteiras), e o sistema responde com a probabilidade de a not\u00edcia ser falsa ou n\u00e3o. Para tanto, o ITT usa aprendizado de m\u00e1quina para detectar inconsist\u00eancias, e, ao final, ainda sugere outros artigos verdadeiros sobre o tema. <span class=\"xn-person\">Segundo Silva<\/span>, a taxa de precis\u00e3o na identifica\u00e7\u00e3o de uma <i>fake news<\/i> chegou a 94,62% na fase de prot\u00f3tipo.\u00a0<\/p>\n<p><b><span class=\"xn-person\">Elias Barbosa<\/span><\/b> \u00a0<br \/>Barbosa, por sua vez, ficou na segunda coloca\u00e7\u00e3o com o projeto &#8220;Breaking the Wall of Lifelong Tropical Diseases&#8221;, em que propunha uma abordagem multifuncional para a leishmaniose e a hansen\u00edase. A partir de c\u00e9lulas-tronco pluripotentes induzidas, vindas do pr\u00f3prio paciente, Barbosa trabalhou para desenvolver um modelo experimental que estimule a gera\u00e7\u00e3o de terapias regenerativas personalizadas e de curativos, a fim de tratar a doen\u00e7a e suas sequelas.\u00a0<\/p>\n<p><b><span class=\"xn-person\">Bruna Enne<\/span><\/b> \u00a0<br \/>Em terceiro lugar, houve um empate entre <span class=\"xn-person\">Bruna Enne<\/span>, com o projeto &#8220;Sinaliza Enem&#8221;, que prepara estudantes surdos para o vestibular e o Exame Nacional do Ensino M\u00e9dio (Enem), com aux\u00edlio da L\u00edngua Brasileira de Sinais (Libras) e de uma metodologia pr\u00f3pria, e <span class=\"xn-person\">Caio Teixeira<\/span>, da Unifesp, com um dispositivo t\u00e1til vibrante para as bengalas usadas por deficientes visuais.\u00a0<\/p>\n<p><b>Sobre o pr\u00eamio<\/b><\/p>\n<p>O Falling Walls Lab \u00e9 uma competi\u00e7\u00e3o de <i>pitch<\/i> e um f\u00f3rum de networking de classe mundial que re\u00fane um grupo diversificado e interdisciplinar de estudantes e profissionais em in\u00edcio de carreira, oferecendo um palco para ideias inovadoras em n\u00edvel global e local. Nossos formatos multifacetados apoiam nossos participantes na condu\u00e7\u00e3o de suas inova\u00e7\u00f5es e no desenvolvimento de suas habilidades de comunica\u00e7\u00e3o, promovendo a colabora\u00e7\u00e3o e criando um espa\u00e7o para que nossa comunidade impactante e sustent\u00e1vel prospere. <br \/><a href=\"https:\/\/falling-walls.com\/lab\" target=\"_blank\" rel=\"nofollow noopener\">https:\/\/falling-walls.com\/lab<\/a>\u00a0<\/p>\n<p><b>Sobre Centro Alem\u00e3o de Ci\u00eancia e Inova\u00e7\u00e3o S\u00e3o Paulo (DWIH S\u00e3o Paulo)<\/b><\/p>\n<p>Ci\u00eancia e inova\u00e7\u00e3o s\u00e3o \u00e1reas reconhecidas pela Alemanha e pelo Brasil como essenciais para garantir o desenvolvimento econ\u00f4mico, social e ambiental sustent\u00e1vel. Com a inaugura\u00e7\u00e3o do Centro Alem\u00e3o de Ci\u00eancia e Inova\u00e7\u00e3o S\u00e3o Paulo (DWIH S\u00e3o Paulo) em 2012, por iniciativa de seu Minist\u00e9rio Federal das Rela\u00e7\u00f5es Externas (AA), a Alemanha deu um importante passo para estreitar os la\u00e7os de 50 anos com os parceiros brasileiros na ci\u00eancia e pesquisa.<\/p>\n<p>O DWIH S\u00e3o Paulo promove n\u00e3o s\u00f3 a visibilidade dos locais de inova\u00e7\u00e3o alem\u00e3es no Brasil, assim como a sinergia e troca entre institui\u00e7\u00f5es de ambos os pa\u00edses &#8211; especialmente em S\u00e3o Paulo, o maior centro brasileiro de pesquisa e de empresas alem\u00e3s fora da Alemanha. O DWIH S\u00e3o Paulo re\u00fane, em um s\u00f3 espa\u00e7o, representantes de diversas institui\u00e7\u00f5es alem\u00e3s de pesquisa e fomento, evidenciando a Alemanha como uma parceira de excel\u00eancia e com alta competitividade nas \u00e1reas de ci\u00eancia e inova\u00e7\u00e3o.<\/p>\n<p>Como um importante ponto de contato entre pessoas e institui\u00e7\u00f5es do Brasil e da Alemanha na \u00e1rea de ensino superior, ci\u00eancias, pesquisa e inova\u00e7\u00e3o cient\u00edfica, o DWIH S\u00e3o Paulo contribui atrav\u00e9s do seu trabalho para o desenvolvimento social e cient\u00edfico sustent\u00e1vel entre os dois pa\u00edses.<\/p>\n<p><a href=\"https:\/\/www.dwih-saopaulo.org\/pt\/dwih-sao-paulo\/\" target=\"_blank\" rel=\"nofollow noopener\">https:\/\/www.dwih-saopaulo.org\/pt\/dwih-sao-paulo\/<\/a>\u00a0<\/p>\n<p><b>Informa\u00e7\u00f5es para imprensa:<\/b>\u00a0\u00a0Capital Informa\u00e7\u00e3o\u00a0 \u00a0<\/p>\n<p>Equipe de Atendimento:\u00a0 \u00a0<br \/>Maria Luiza Gon\u00e7alves <a href=\"mailto:maria.luiza@capitalinformacao.com.br\" target=\"_blank\" rel=\"nofollow noopener\">maria.luiza@capitalinformacao.com.br<\/a> \u00a0<br \/><span class=\"xn-person\">Adriana Athayde<\/span> <a href=\"mailto:adriana@capitalinformacao.com.br\" target=\"_blank\" rel=\"nofollow noopener\">adriana@capitalinformacao.com.br<\/a> <br \/><span class=\"xn-person\">Luciane Bernades<\/span> <a href=\"mailto:luciane@capitalinformacao.com.br\" target=\"_blank\" rel=\"nofollow noopener\">luciane@capitalinformacao.com.br<\/a> <br \/><a href=\"https:\/\/www.capitalinformacao.com.br\/\" target=\"_blank\" rel=\"nofollow noopener\">www.capitalinformacao.com.br<\/a> \u00a0\u00a0<\/p>\n<p id=\"PURL\"><img loading=\"lazy\" decoding=\"async\" title=\"Cision\" width=\"12\" height=\"12\" alt=\"Cision\" src=\"https:\/\/c212.net\/c\/img\/favicon.png?sn=PT79032&amp;sd=2024-08-08\" \/> View original content:<a id=\"PRNURL\" rel=\"nofollow noopener\" href=\"https:\/\/www.prnewswire.com\/br\/comunicados-para-a-imprensa\/estao-abertas-as-inscricoes-para-o-premio-falling-walls-lab-brazil-2024-de-inovacao-ciencia-e-tecnologia-302217173.html\" target=\"_blank\">https:\/\/www.prnewswire.com\/br\/comunicados-para-a-imprensa\/estao-abertas-as-inscricoes-para-o-premio-falling-walls-lab-brazil-2024-de-inovacao-ciencia-e-tecnologia-302217173.html<\/a><\/p>\n<p>FONTE  Centro Alem\u00e3o de Ci\u00eancia e Inova\u00e7\u00e3o S\u00e3o Paulo (DWIH S\u00e3o Paulo)<\/p>\n<\/div>\n<p><img decoding=\"async\" alt=\"\" src=\"https:\/\/rt.prnewswire.com\/rt.gif?NewsItemId=PT79032&amp;Transmission_Id=202408081000PR_NEWS_LATAM____PT79032&amp;DateId=20240808\" style=\"border:0px;width:1px;height:1px\" \/><\/p>\n<p>A <b>OESP<\/b> n\u00e3o \u00e9(s\u00e3o) respons\u00e1vel(is) por erros, incorre\u00e7\u00f5es, atrasos ou quaisquer decis\u00f5es tomadas por seus clientes com base nos Conte\u00fados ora disponibilizados, bem como tais Conte\u00fados n\u00e3o representam a opini\u00e3o da <b>OESP<\/b> e s\u00e3o de inteira responsabilidade da <b>PR Newswire Ltda<\/b><\/p>\n","protected":false},"excerpt":{"rendered":"Competi\u00e7\u00e3o nacional \u00e9 realizada pelo Centro Alem\u00e3o de Ci\u00eancia e Inova\u00e7\u00e3o (DWIH), com sede em S\u00e3o Paulo (SP), em parceria com a Cesar School, Servi\u00e7o Alem\u00e3o de Interc\u00e2mbio Acad\u00eamico (DAAD)","protected":false},"author":1,"featured_media":0,"comment_status":"open","ping_status":"closed","sticky":false,"template":"","format":"standard","meta":{"_acf_changed":false,"inline_featured_image":false,"_monsterinsights_skip_tracking":false,"_monsterinsights_sitenote_active":false,"_monsterinsights_sitenote_note":"","_monsterinsights_sitenote_category":0,"footnotes":""},"categories":[29],"tags":[],"class_list":["post-98360","post","type-post","status-publish","format-standard","hentry","category-prnewseconomia"],"acf":[],"_links":{"self":[{"href":"https:\/\/bluestudio.estadao.com.br\/agencia-de-comunicacao\/wp-json\/wp\/v2\/posts\/98360","targetHints":{"allow":["GET"]}}],"collection":[{"href":"https:\/\/bluestudio.estadao.com.br\/agencia-de-comunicacao\/wp-json\/wp\/v2\/posts"}],"about":[{"href":"https:\/\/bluestudio.estadao.com.br\/agencia-de-comunicacao\/wp-json\/wp\/v2\/types\/post"}],"author":[{"embeddable":true,"href":"https:\/\/bluestudio.estadao.com.br\/agencia-de-comunicacao\/wp-json\/wp\/v2\/users\/1"}],"replies":[{"embeddable":true,"href":"https:\/\/bluestudio.estadao.com.br\/agencia-de-comunicacao\/wp-json\/wp\/v2\/comments?post=98360"}],"version-history":[{"count":0,"href":"https:\/\/bluestudio.estadao.com.br\/agencia-de-comunicacao\/wp-json\/wp\/v2\/posts\/98360\/revisions"}],"wp:attachment":[{"href":"https:\/\/bluestudio.estadao.com.br\/agencia-de-comunicacao\/wp-json\/wp\/v2\/media?parent=98360"}],"wp:term":[{"taxonomy":"category","embeddable":true,"href":"https:\/\/bluestudio.estadao.com.br\/agencia-de-comunicacao\/wp-json\/wp\/v2\/categories?post=98360"},{"taxonomy":"post_tag","embeddable":true,"href":"https:\/\/bluestudio.estadao.com.br\/agencia-de-comunicacao\/wp-json\/wp\/v2\/tags?post=98360"}],"curies":[{"name":"wp","href":"https:\/\/api.w.org\/{rel}","templated":true}]}}