{"id":98060,"date":"2024-08-01T12:57:00","date_gmt":"2024-08-01T15:57:00","guid":{"rendered":"https:\/\/bluestudio.estadao.com.br\/agencia-de-comunicacao\/releases\/releases-geral\/agronegocio-estrondo-bate-recorde-em-colheita-de-braquiaria\/"},"modified":"2024-08-01T12:57:00","modified_gmt":"2024-08-01T15:57:00","slug":"agronegocio-estrondo-bate-recorde-em-colheita-de-braquiaria","status":"publish","type":"post","link":"https:\/\/bluestudio.estadao.com.br\/agencia-de-comunicacao\/releases\/releases-geral\/agronegocio-estrondo-bate-recorde-em-colheita-de-braquiaria\/","title":{"rendered":"Agroneg\u00f3cio Estrondo bate recorde em colheita de braqui\u00e1ria"},"content":{"rendered":"<p><b>DINO DIVULGADOR DE NOT\u00cdCIAS<\/b><\/p>\n<p>(<a target='_blank' href='http:\/\/www.dino.com.br' rel=\"noopener\">DINO<\/a> &#8211; 01 ago, 2024) &#8211;<br \/>\nAs fazendas do Agroneg\u00f3cio Estrondo est\u00e3o em plena atividade com a colheita da semente de braqui\u00e1ria, um marco significativo para a sustentabilidade e produtividade agropecu\u00e1ria na regi\u00e3o. Foram plantados 1.900 hectares de braqui\u00e1ria para semente, com a colheita em plataforma chegando a 80% e iniciada a varri\u00e7\u00e3o do solo. Os resultados iniciais demostram um recorde com produtividades acima de 1000 quilos de semente por hectare. A braqui\u00e1ria \u00e9 uma gram\u00ednea amplamente utilizada na forma\u00e7\u00e3o de pastagens devido \u00e0 sua resist\u00eancia e capacidade de adapta\u00e7\u00e3o a diferentes tipos de solo e clima.<\/p>\n<p>No Agroneg\u00f3cio Estrondo, \u00e9 cultivada a variedade Braqui\u00e1ria Ruziziensis. Os principais compradores s\u00e3o sementeiras localizadas no estado de S\u00e3o Paulo, que abastecem tanto o mercado interno quanto o de exporta\u00e7\u00e3o.<\/p>\n<p>O processo de colheita nas fazendas do Estrondo \u00e9 feito inicialmente utilizando uma plataforma de soja para a colheita das sementes. Este equipamento permite uma colheita r\u00e1pida e garante a qualidade das sementes recolhidas. Posteriormente, realiza-se uma varredura do solo para coletar as sementes remanescentes. Esta etapa \u00e9 crucial para maximizar o aproveitamento e minimizar desperd\u00edcios, assegurando que a maior quantidade poss\u00edvel de sementes seja coletada.<\/p>\n<p>&#8216;A colheita dos campos de produ\u00e7\u00e3o de semente de braqui\u00e1ria utiliza inicialmente colheitadeiras de gr\u00e3os, colhendo as plantas de braqui\u00e1ria e recolhendo as sementes no cacho. Neste processo s\u00e3o colhidas em m\u00e9dia 800 kg\/h\u00e1, posteriormente \u00e9 realizada a varri\u00e7\u00e3o do solo, com produ\u00e7\u00e3o em m\u00e9dia de 200 kg\/h\u00e1. Todas as sementes s\u00e3o levadas para o sistema de limpeza e ap\u00f3s a padroniza\u00e7\u00e3o, armazenadas em big bags, para comercializa\u00e7\u00e3o&#8217;, explica Daniel Ferraz, gerente administrativo e financeiro da empresa.<\/p>\n<p>A import\u00e2ncia dessa colheita vai al\u00e9m da simples produ\u00e7\u00e3o de sementes. O sistema de cons\u00f3rcio entre milho e braqui\u00e1ria consolidou-se na produ\u00e7\u00e3o do cerrado, elevando o mercado consumidor da semente. A braqui\u00e1ria desempenha um papel vital na forma\u00e7\u00e3o de pastagens de alta qualidade, que s\u00e3o essenciais para a cria\u00e7\u00e3o de gado. Al\u00e9m disso, a presen\u00e7a dessa gram\u00ednea contribui para a conserva\u00e7\u00e3o do solo, prevenindo a eros\u00e3o e melhorando a reten\u00e7\u00e3o de \u00e1gua, o que \u00e9 fundamental para a sustentabilidade das atividades agr\u00edcolas. A braqui\u00e1ria \u00e9 tamb\u00e9m uma pe\u00e7a-chave no sistema de plantio direto, um m\u00e9todo de agricultura sustent\u00e1vel que minimiza a perturba\u00e7\u00e3o do solo e promove a sa\u00fade do ecossistema. Ela atua no sequestro de carbono, ajudando a mitigar as mudan\u00e7as clim\u00e1ticas, e na melhoria da fertilidade do solo, atrav\u00e9s do aumento da mat\u00e9ria org\u00e2nica e dos nutrientes dispon\u00edveis.<\/p>\n<p>A colheita da semente de braqui\u00e1ria no Agroneg\u00f3cio Estrondo exemplifica a integra\u00e7\u00e3o de tecnologia e pr\u00e1ticas sustent\u00e1veis no campo. &#8216;Esse processo n\u00e3o s\u00f3 fortalece a cadeia produtiva do agroneg\u00f3cio, mas tamb\u00e9m reafirma o nosso compromisso com a preserva\u00e7\u00e3o ambiental e a efici\u00eancia produtiva&#8217;, explica Daniel Ferraz.&nbsp;<\/p>\n<p><strong>Assessoria de Imprensa<\/strong><\/p>\n<p><strong>Raquel Pinto &#8211; 21 97246-4388<br \/>\n <\/strong><a rel=\"follow noopener\" target='_blank' href='mailto:raquel.pinto@fsb.com.br' data-mce-target='_blank'><strong>raquel.pinto@fsb.com.br<\/strong><\/a><\/p>\n<p><strong>&nbsp;<\/strong><\/p>\n<\/p>\n<p>A <b>OESP<\/b> n\u00e3o \u00e9(s\u00e3o) respons\u00e1vel(is) por erros, incorre\u00e7\u00f5es, atrasos ou quaisquer decis\u00f5es tomadas por seus clientes com base nos Conte\u00fados ora disponibilizados, bem como tais Conte\u00fados n\u00e3o representam a opini\u00e3o da <b>OESP<\/b> e s\u00e3o de inteira responsabilidade da <b>Dino Divulgador de Noticias Online Ltda<\/b><\/p>\n","protected":false},"excerpt":{"rendered":"(DINO &#8211; 01 ago, 2024) &#8211;\nAs fazendas do Agroneg\u00f3cio Estrondo est\u00e3o em plena atividade com a colheita da semente de braqui\u00e1ria, um marco significativo para a sustentabilidade e prod","protected":false},"author":1,"featured_media":0,"comment_status":"open","ping_status":"closed","sticky":false,"template":"","format":"standard","meta":{"_acf_changed":false,"inline_featured_image":false,"_monsterinsights_skip_tracking":false,"_monsterinsights_sitenote_active":false,"_monsterinsights_sitenote_note":"","_monsterinsights_sitenote_category":0,"footnotes":""},"categories":[34],"tags":[],"class_list":["post-98060","post","type-post","status-publish","format-standard","hentry","category-releases-geral"],"acf":[],"_links":{"self":[{"href":"https:\/\/bluestudio.estadao.com.br\/agencia-de-comunicacao\/wp-json\/wp\/v2\/posts\/98060","targetHints":{"allow":["GET"]}}],"collection":[{"href":"https:\/\/bluestudio.estadao.com.br\/agencia-de-comunicacao\/wp-json\/wp\/v2\/posts"}],"about":[{"href":"https:\/\/bluestudio.estadao.com.br\/agencia-de-comunicacao\/wp-json\/wp\/v2\/types\/post"}],"author":[{"embeddable":true,"href":"https:\/\/bluestudio.estadao.com.br\/agencia-de-comunicacao\/wp-json\/wp\/v2\/users\/1"}],"replies":[{"embeddable":true,"href":"https:\/\/bluestudio.estadao.com.br\/agencia-de-comunicacao\/wp-json\/wp\/v2\/comments?post=98060"}],"version-history":[{"count":0,"href":"https:\/\/bluestudio.estadao.com.br\/agencia-de-comunicacao\/wp-json\/wp\/v2\/posts\/98060\/revisions"}],"wp:attachment":[{"href":"https:\/\/bluestudio.estadao.com.br\/agencia-de-comunicacao\/wp-json\/wp\/v2\/media?parent=98060"}],"wp:term":[{"taxonomy":"category","embeddable":true,"href":"https:\/\/bluestudio.estadao.com.br\/agencia-de-comunicacao\/wp-json\/wp\/v2\/categories?post=98060"},{"taxonomy":"post_tag","embeddable":true,"href":"https:\/\/bluestudio.estadao.com.br\/agencia-de-comunicacao\/wp-json\/wp\/v2\/tags?post=98060"}],"curies":[{"name":"wp","href":"https:\/\/api.w.org\/{rel}","templated":true}]}}