{"id":97931,"date":"2024-07-30T09:12:00","date_gmt":"2024-07-30T12:12:00","guid":{"rendered":"https:\/\/bluestudio.estadao.com.br\/agencia-de-comunicacao\/prnewswire\/prnewseconomia\/a-incit-anuncia-um-parceria-estrategica-global-com-o-senai-para-impulsionar-a-transformacao-industrial-no-brasil-3\/"},"modified":"2024-07-30T09:12:00","modified_gmt":"2024-07-30T12:12:00","slug":"a-incit-anuncia-um-parceria-estrategica-global-com-o-senai-para-impulsionar-a-transformacao-industrial-no-brasil-3","status":"publish","type":"post","link":"https:\/\/bluestudio.estadao.com.br\/agencia-de-comunicacao\/prnewswire\/prnewseconomia\/a-incit-anuncia-um-parceria-estrategica-global-com-o-senai-para-impulsionar-a-transformacao-industrial-no-brasil-3\/","title":{"rendered":"A INCIT anuncia um parceria estrat\u00e9gica global com o SENAI para impulsionar a transforma\u00e7\u00e3o industrial no Brasil"},"content":{"rendered":"<p><b>PR NEWSWIRE<\/b><\/p>\n<div class=\"xn-content\">\n<span class=\"legendSpanClass\"><span class=\"xn-location\">RIO DE JANEIRO<\/span> e\u00a0SINGAPURA<\/span>, <span class=\"legendSpanClass\">30 de julho de 2024<\/span> \/PRNewswire\/ &#8212; A <b>INCIT &#8211; International Centre for Industrial Transformation (Centro Internacional de Transforma\u00e7\u00e3o Industrial)<\/b> tem o orgulho de anunciar uma parceria estrat\u00e9gica com o <b>SENAI (<\/b><b>Servi\u00e7o<\/b><b> Nacional de Aprendizagem Industrial)<\/b> para apoiar a transforma\u00e7\u00e3o da ind\u00fastria brasileira de manufatura. \u00a0<\/p>\n<p>Desde maio, o <a href=\"https:\/\/www.portaldaindustria.com.br\/senai\/\" target=\"_blank\" rel=\"nofollow noopener\">SENAI<\/a> avan\u00e7ou com a ado\u00e7\u00e3o do <a href=\"https:\/\/incit.org\/en\/services\/siri\/\" target=\"_blank\" rel=\"nofollow noopener\">\u00cdndice de Prontid\u00e3o da Ind\u00fastria Inteligente (SIRI)<\/a> para o Brasil Mais Produtivo, o programa mais abrangente de apoio \u00e0 produtividade empresarial e \u00e0 transforma\u00e7\u00e3o digital no Brasil. A Avalia\u00e7\u00e3o SIRI ser\u00e1 o primeiro passo da parceria de consultoria em transforma\u00e7\u00e3o digital do SENAI com o <a href=\"https:\/\/incit.org\/\" target=\"_blank\" rel=\"nofollow noopener\">INCIT<\/a>. Avaliadores SIRI certificados apoiar\u00e3o 1.200 empresas de manufatura na regi\u00e3o conduzindo avalia\u00e7\u00f5es para descobrir brechas e oportunidades de desenvolvimento.<\/p>\n<p>A avalia\u00e7\u00e3o pontuar\u00e1 a prontid\u00e3o geral de cada empresa para a ind\u00fastria 4.0 e por fim destacar as \u00e1reas para investimento em solu\u00e7\u00f5es digitais. Os resultados dessas avalia\u00e7\u00f5es s\u00e3o informa\u00e7\u00f5es cruciais que ser\u00e3o utilizadas para combinar os fabricantes com os fornecedores de tecnologias digitais mais adequados.<\/p>\n<p>O Sr. <span class=\"xn-person\">Raimund Klein<\/span>, fundador e CEO da INCIT, disse: &#8220;Estamos encantados e empolgados em fazer parceria com o SENAI para apresentar o SIRI ao Brasil, representando sua estreia em seu primeiro pa\u00eds da Am\u00e9rica Latina. Isso est\u00e1 de acordo com a iniciativa brasileira, o programa Brasil Mais Produtivo, que promove a aprendizagem e a aplica\u00e7\u00e3o cont\u00ednua do novo ambiente digital pelas empresas.&#8221;<\/p>\n<p>O programa Brasil Mais Produtivo \u00e9 coordenado pelo Minist\u00e9rio do Desenvolvimento, Ind\u00fastria, Com\u00e9rcio e Servi\u00e7os (MDIC) em parceria com o Servi\u00e7o Nacional de Aprendizagem Industrial (SENAI), Servi\u00e7o Brasileiro de Apoio \u00e0s Micro e Pequenas Empresas (Sebrae), Ag\u00eancia Brasileira de Desenvolvimento Industrial (ABDI), Financiadora de Estudos e Projetos (Finep), Associa\u00e7\u00e3o Brasileira de Pesquisa e Inova\u00e7\u00e3o Industrial (Embrapii) e Banco Nacional de Desenvolvimento Econ\u00f4mico e Social (BNDES). Com um investimento de mais de <span class=\"xn-money\">R$ 2<\/span> bilh\u00f5es, o programa afetar\u00e1 200.000 empresas at\u00e9 2027 com uma gama de servi\u00e7os que incluem treinamento profissional e consultoria.<\/p>\n<p>O diretor do SENAI, <span class=\"xn-person\">Gustavo Leal<\/span>, reconhece a relev\u00e2ncia da parceria para o sucesso do programa. &#8220;<i>Essa alian\u00e7a estrat\u00e9gica nos move em dire\u00e7\u00e3o a um futuro onde mais de mil fabricantes brasileiros dar\u00e3o um salto para a era digital. Estamos comprometidos com esse passo importante em promover um setor que seja mais inteligente, eficiente e pronto para os desafios do amanh\u00e3&#8221;.<\/i><\/p>\n<p>Para mais informa\u00e7\u00f5es sobre INCIT ou SIRI, visite: <a href=\"https:\/\/incit.org\/\" target=\"_blank\" rel=\"nofollow noopener\">https:\/\/incit.org\/<\/a><\/p>\n<p><i>Contato de m\u00eddia<br \/><\/i><span class=\"xn-person\">Gemma Manning<\/span> em <a href=\"mailto:gemma@manningandcogroup.com\" target=\"_blank\" rel=\"nofollow noopener\">gemma@manningandcogroup.com<\/a>.<\/p>\n<p id=\"PURL\"><img loading=\"lazy\" decoding=\"async\" title=\"Cision\" width=\"12\" height=\"12\" alt=\"Cision\" src=\"https:\/\/c212.net\/c\/img\/favicon.png?sn=PT71287&amp;sd=2024-07-30\" \/> View original content:<a id=\"PRNURL\" rel=\"nofollow noopener\" href=\"https:\/\/www.prnewswire.com\/br\/comunicados-para-a-imprensa\/a-incit-anuncia-um-parceria-estrategica-global-com-o-senai-para-impulsionar-a-transformacao-industrial-no-brasil-302209244.html\" target=\"_blank\">https:\/\/www.prnewswire.com\/br\/comunicados-para-a-imprensa\/a-incit-anuncia-um-parceria-estrategica-global-com-o-senai-para-impulsionar-a-transformacao-industrial-no-brasil-302209244.html<\/a><\/p>\n<p>FONTE  INCIT<\/p>\n<\/div>\n<p><img decoding=\"async\" alt=\"\" src=\"https:\/\/rt.prnewswire.com\/rt.gif?NewsItemId=PT71287&amp;Transmission_Id=202407300800PR_NEWS_LATAM____PT71287&amp;DateId=20240730\" style=\"border:0px;width:1px;height:1px\" \/><\/p>\n<p>A <b>OESP<\/b> n\u00e3o \u00e9(s\u00e3o) respons\u00e1vel(is) por erros, incorre\u00e7\u00f5es, atrasos ou quaisquer decis\u00f5es tomadas por seus clientes com base nos Conte\u00fados ora disponibilizados, bem como tais Conte\u00fados n\u00e3o representam a opini\u00e3o da <b>OESP<\/b> e s\u00e3o de inteira responsabilidade da <b>PR Newswire Ltda<\/b><\/p>\n","protected":false},"excerpt":{"rendered":"A INCIT &#8211; International Centre for Industrial Transformation (Centro Internacional de Transforma\u00e7\u00e3o Industrial) tem o orgulho de anunciar uma parceria estrat\u00e9gica com o","protected":false},"author":1,"featured_media":0,"comment_status":"open","ping_status":"closed","sticky":false,"template":"","format":"standard","meta":{"_acf_changed":false,"inline_featured_image":false,"_monsterinsights_skip_tracking":false,"_monsterinsights_sitenote_active":false,"_monsterinsights_sitenote_note":"","_monsterinsights_sitenote_category":0,"footnotes":""},"categories":[29],"tags":[],"class_list":["post-97931","post","type-post","status-publish","format-standard","hentry","category-prnewseconomia"],"acf":[],"_links":{"self":[{"href":"https:\/\/bluestudio.estadao.com.br\/agencia-de-comunicacao\/wp-json\/wp\/v2\/posts\/97931","targetHints":{"allow":["GET"]}}],"collection":[{"href":"https:\/\/bluestudio.estadao.com.br\/agencia-de-comunicacao\/wp-json\/wp\/v2\/posts"}],"about":[{"href":"https:\/\/bluestudio.estadao.com.br\/agencia-de-comunicacao\/wp-json\/wp\/v2\/types\/post"}],"author":[{"embeddable":true,"href":"https:\/\/bluestudio.estadao.com.br\/agencia-de-comunicacao\/wp-json\/wp\/v2\/users\/1"}],"replies":[{"embeddable":true,"href":"https:\/\/bluestudio.estadao.com.br\/agencia-de-comunicacao\/wp-json\/wp\/v2\/comments?post=97931"}],"version-history":[{"count":0,"href":"https:\/\/bluestudio.estadao.com.br\/agencia-de-comunicacao\/wp-json\/wp\/v2\/posts\/97931\/revisions"}],"wp:attachment":[{"href":"https:\/\/bluestudio.estadao.com.br\/agencia-de-comunicacao\/wp-json\/wp\/v2\/media?parent=97931"}],"wp:term":[{"taxonomy":"category","embeddable":true,"href":"https:\/\/bluestudio.estadao.com.br\/agencia-de-comunicacao\/wp-json\/wp\/v2\/categories?post=97931"},{"taxonomy":"post_tag","embeddable":true,"href":"https:\/\/bluestudio.estadao.com.br\/agencia-de-comunicacao\/wp-json\/wp\/v2\/tags?post=97931"}],"curies":[{"name":"wp","href":"https:\/\/api.w.org\/{rel}","templated":true}]}}