{"id":97923,"date":"2024-07-29T22:31:00","date_gmt":"2024-07-30T01:31:00","guid":{"rendered":"https:\/\/bluestudio.estadao.com.br\/agencia-de-comunicacao\/releases\/releases-geral\/altos-executivos-se-reunem-na-6a-edicao-do-clube-do-vinho-sp\/"},"modified":"2024-07-29T22:31:00","modified_gmt":"2024-07-30T01:31:00","slug":"altos-executivos-se-reunem-na-6a-edicao-do-clube-do-vinho-sp","status":"publish","type":"post","link":"https:\/\/bluestudio.estadao.com.br\/agencia-de-comunicacao\/releases\/releases-geral\/altos-executivos-se-reunem-na-6a-edicao-do-clube-do-vinho-sp\/","title":{"rendered":"Altos Executivos se re\u00fanem na 6\u00aa edi\u00e7\u00e3o do Clube do Vinho SP"},"content":{"rendered":"<p><b>DINO DIVULGADOR DE NOT\u00cdCIAS<\/b><\/p>\n<p>S\u00e3o Paulo&#8211;(<a target='_blank' href='http:\/\/www.dino.com.br' rel=\"noopener\">DINO<\/a> &#8211; 29 jul, 2024) &#8211;<br \/>\nA 6&ordf; edi&ccedil;&atilde;o do Clube do Vinho Altos Executivos ocorrer&aacute; no dia 22 de agosto, no exclusivo Pal&aacute;cio Tangar&aacute;, em S&atilde;o Paulo, somente para clientes e convidados. Este evento celebra o 23&ordm; anivers&aacute;rio da LPM Global Relations, uma empresa voltada para altos executivos C-Level no pa&iacute;s.<\/p>\n<p>O trabalho da LPM Global &eacute; exclusivo para executivos e empresas nacionais de grande porte e multinacionais, e, anualmente, com exce&ccedil;&atilde;o do per&iacute;odo da pandemia da Covid-19, busca proporcionar um networking para os seus clientes e parceiros. O evento ser&aacute; marcado por uma relevante troca de informa&ccedil;&otilde;es, j&aacute; que os executivos raramente t&ecirc;m tempo para sair e fazer networking por conta pr&oacute;pria. A empresa tamb&eacute;m auxilia na gera&ccedil;&atilde;o de neg&oacute;cios, sendo esta uma parte essencial aos servi&ccedil;os realizados.<\/p>\n<p>Sandra Dias, High Level Business Strategist International Executive e CEO da LPM Global Relations, comentou sobre a expectativa para o evento deste ano: &#8216;Estamos ansiosos por este momento. Vamos trazer quatro palestrantes para falar de um tema da atualidade, aprofundando na intelig&ecirc;ncia artificial e suas nuances.&nbsp;Teremos o executivo da Amazon, Arnaldo Armola, M&aacute;rio Toews, s&oacute;cio-fundador da Datalege Consultoria, Fl&aacute;vio Lima, fundador da MOVEO Consultoria e Marcelo Murilo, vice-presidente e conselheiro do grupo Benner. Cada um trar&aacute; uma vis&atilde;o distinta sobre as IAs, tema que hoje &eacute; imprescind&iacute;vel em nosso dia a dia.&#8217;<\/p>\n<p>Ela acrescentou: &#8216;As pessoas n&atilde;o falam muito do jur&iacute;dico e da lei LGPD dentro da IA. Esse ser&aacute; um dos temas absolutamente relevantes.&#8217;<\/p>\n<p>De acordo com uma pesquisa realizada pela <a rel=\"follow noopener\" target='_blank' href='https:\/\/www.deloitte.com\/br\/pt\/services\/consulting\/research\/agenda2023.html'>Deloitte no Brasil<\/a>, 58% das empresas j&aacute; utilizam intelig&ecirc;ncia artificial em suas atividades ou em produtos e servi&ccedil;os oferecidos aos clientes. Entre elas, 79% pretendem ampliar o uso para outras fun&ccedil;&otilde;es ou produtos\/servi&ccedil;os. Isso &eacute; um aumento significativo comparado aos 41% de 2022, segundo dados da <a rel=\"follow noopener\" target='_blank' href='https:\/\/abes.com.br\/en\/estudo-ibm-41-das-empresas-no-brasil-ja-implementaram-ativamente-inteligencia-artificial-em-seus-negocios\/'>ABES (Associa&ccedil;&atilde;o Brasileira de empresas de software)<\/a>.<\/p>\n<p>Segundo um dos palestrantes, M&aacute;rio Toews, a expectativa para esse evento &eacute; enorme devido &agrave; oportunidade de fazer networking e trocar experi&ecirc;ncias com os demais palestrantes: &#8216;Fico feliz em poder contribuir com conte&uacute;dos da atualidade que sejam de grande valia para os altos executivos que estar&atilde;o presentes no evento.&rdquo;<\/p>\n<p>Ainda segundo ele, a sua palestra vai abordar as leis gerais de produ&ccedil;&atilde;o de dados, conectadas com as quest&otilde;es atuais e a pr&oacute;pria legisla&ccedil;&atilde;o. &#8216;Vamos falar tamb&eacute;m sobre os golpes na internet e principalmente sobre a intelig&ecirc;ncia artificial. Estamos preparando um excelente conte&uacute;do para todos&rdquo;, disse M&aacute;rio.<\/p>\n<p>Al&eacute;m disso, estudos mostram que antes da implementa&ccedil;&atilde;o das IAs, as grandes empresas enfrentavam desafios significativos em termos de processamento de dados, automa&ccedil;&atilde;o de tarefas e personaliza&ccedil;&atilde;o de servi&ccedil;os. Com a chegada da intelig&ecirc;ncia artificial, elas conseguiram otimizar processos, reduzir custos operacionais e melhorar a tomada de decis&otilde;es estrat&eacute;gicas. As IAs permitiram uma an&aacute;lise mais precisa e r&aacute;pida de grandes volumes de dados, aumentando a competitividade no mercado e a satisfa&ccedil;&atilde;o dos clientes.<\/p>\n<p>O evento ser&aacute; realizado no&nbsp; seis estrelas Pal&aacute;cio Tangar&aacute;, um dos espa&ccedil;os mais exclusivos de S&atilde;o Paulo. &#8216;Estamos preparando um evento totalmente diferente das edi&ccedil;&otilde;es anteriores, com o objetivo de fortalecer ainda mais a nossa marca e o nosso trabalho no meio executivo. Ap&oacute;s as palestras, teremos um Petit Comit&eacute; com vinhos premiados, embora eu n&atilde;o possa revelar ainda quais ser&atilde;o servidos&#8217;, comentou Sandra Dias. &#8216;N&atilde;o vou dar spoiler, mas, ap&oacute;s as palestras, teremos um momento especial que promete surpreender a todos.&#8217;<\/p>\n<p>J&aacute; est&atilde;o confirmados para o Clube do vinho altos executivos, presidentes e vice-presidentes de algumas das maiores empresas do Brasil e exterior.<\/p>\n<p>&ldquo;Estamos entusiasmados com essa grande oportunidade de reunir renomados executivos neste evento especial, que celebra o anivers&aacute;rio da nossa empresa com as melhores mentes do mercado corporativo atual&#8217;, finalizou Sandra Dias.<\/p>\n<p>A <b>OESP<\/b> n\u00e3o \u00e9(s\u00e3o) respons\u00e1vel(is) por erros, incorre\u00e7\u00f5es, atrasos ou quaisquer decis\u00f5es tomadas por seus clientes com base nos Conte\u00fados ora disponibilizados, bem como tais Conte\u00fados n\u00e3o representam a opini\u00e3o da <b>OESP<\/b> e s\u00e3o de inteira responsabilidade da <b>Dino Divulgador de Noticias Online Ltda<\/b><\/p>\n","protected":false},"excerpt":{"rendered":"S\u00e3o Paulo&#8211;(DINO &#8211; 29 jul, 2024) &#8211;\nA 6&ordf; edi&ccedil;&atilde;o do Clube do Vinho Altos Executivos ocorrer&aacute; no dia 22 de agosto, no exclusivo Pal&aacute;cio Tangar&amp;aacute","protected":false},"author":1,"featured_media":0,"comment_status":"open","ping_status":"closed","sticky":false,"template":"","format":"standard","meta":{"_acf_changed":false,"inline_featured_image":false,"_monsterinsights_skip_tracking":false,"_monsterinsights_sitenote_active":false,"_monsterinsights_sitenote_note":"","_monsterinsights_sitenote_category":0,"footnotes":""},"categories":[34],"tags":[],"class_list":["post-97923","post","type-post","status-publish","format-standard","hentry","category-releases-geral"],"acf":[],"_links":{"self":[{"href":"https:\/\/bluestudio.estadao.com.br\/agencia-de-comunicacao\/wp-json\/wp\/v2\/posts\/97923","targetHints":{"allow":["GET"]}}],"collection":[{"href":"https:\/\/bluestudio.estadao.com.br\/agencia-de-comunicacao\/wp-json\/wp\/v2\/posts"}],"about":[{"href":"https:\/\/bluestudio.estadao.com.br\/agencia-de-comunicacao\/wp-json\/wp\/v2\/types\/post"}],"author":[{"embeddable":true,"href":"https:\/\/bluestudio.estadao.com.br\/agencia-de-comunicacao\/wp-json\/wp\/v2\/users\/1"}],"replies":[{"embeddable":true,"href":"https:\/\/bluestudio.estadao.com.br\/agencia-de-comunicacao\/wp-json\/wp\/v2\/comments?post=97923"}],"version-history":[{"count":0,"href":"https:\/\/bluestudio.estadao.com.br\/agencia-de-comunicacao\/wp-json\/wp\/v2\/posts\/97923\/revisions"}],"wp:attachment":[{"href":"https:\/\/bluestudio.estadao.com.br\/agencia-de-comunicacao\/wp-json\/wp\/v2\/media?parent=97923"}],"wp:term":[{"taxonomy":"category","embeddable":true,"href":"https:\/\/bluestudio.estadao.com.br\/agencia-de-comunicacao\/wp-json\/wp\/v2\/categories?post=97923"},{"taxonomy":"post_tag","embeddable":true,"href":"https:\/\/bluestudio.estadao.com.br\/agencia-de-comunicacao\/wp-json\/wp\/v2\/tags?post=97923"}],"curies":[{"name":"wp","href":"https:\/\/api.w.org\/{rel}","templated":true}]}}