{"id":97896,"date":"2024-07-29T13:38:00","date_gmt":"2024-07-29T16:38:00","guid":{"rendered":"https:\/\/bluestudio.estadao.com.br\/agencia-de-comunicacao\/releases\/releases-geral\/viacao-santa-cruz-celebra-66-anos-com-acoes-promocionais\/"},"modified":"2024-07-29T13:38:00","modified_gmt":"2024-07-29T16:38:00","slug":"viacao-santa-cruz-celebra-66-anos-com-acoes-promocionais","status":"publish","type":"post","link":"https:\/\/bluestudio.estadao.com.br\/agencia-de-comunicacao\/releases\/releases-geral\/viacao-santa-cruz-celebra-66-anos-com-acoes-promocionais\/","title":{"rendered":"Via\u00e7\u00e3o Santa Cruz celebra 66 anos com a\u00e7\u00f5es promocionais"},"content":{"rendered":"<p><b>DINO DIVULGADOR DE NOT\u00cdCIAS<\/b><\/p>\n<p>(<a target='_blank' href='http:\/\/www.dino.com.br' rel=\"noopener\">DINO<\/a> &#8211; 29 jul, 2024) &#8211;<br \/>\nA Via&ccedil;&atilde;o Santa Cruz completou 66 anos, em 14 de junho, e comemorou com a&ccedil;&otilde;es promocionais para seus clientes. Ao longo do m&ecirc;s, a empresa ofereceu 16% em cashback para recargas acima de R$ 50, no <a rel=\"follow noopener\" target='_blank' href='https:\/\/linktr.ee\/viacaosantacruz'>aplicativo Santa Cruz Pay<\/a>. J&aacute; no dia da celebra&ccedil;&atilde;o do anivers&aacute;rio, foi poss&iacute;vel comprar passagens com 66% de desconto, com a carteira digital.&nbsp;<\/p>\n<p><a rel=\"follow noopener\" target='_blank' href='https:\/\/www.instagram.com\/p\/C8LjdToMkjp\/'>Francisco<\/a> Carlos Mazon, CEO da empresa, garantiu que a iniciativa de celebra&ccedil;&atilde;o do anivers&aacute;rio da Santa Cruz foi importante para a institui&ccedil;&atilde;o. &ldquo;Vai servir de inspira&ccedil;&atilde;o para outras datas importantes para nossa empresa. Foi um aprendizado no m&ecirc;s de junho, e um belo aprendizado. Vamos adotar mais vezes&rdquo;, afirmou.<\/p>\n<p><strong>A Via&ccedil;&atilde;o Santa Cruz<\/strong><\/p>\n<p>A empresa de transporte de passageiros atende, atualmente, uma &aacute;rea geogr&aacute;fica entre as rodovias Fern&atilde;o Dias (BR- 381), Castelo Branco, Anhanguera (SP-330) e Bandeirantes (SP-348), com garagens de opera&ccedil;&atilde;o em S&atilde;o Paulo e Alfenas (MG). A sede administrativa da via&ccedil;&atilde;o fica localizada em Mogi Mirim (SP).&nbsp;<\/p>\n<p>As atividades da <a rel=\"follow noopener\" target='_blank' href='https:\/\/viajesantacruz.com.br\/'>Via&ccedil;&atilde;o Santa Cruz<\/a> s&atilde;o divididas em 95% transporte rodovi&aacute;rio de passageiros e 5% em fretamento. A frota da via&ccedil;&atilde;o contempla mais de cem cidades entre interior, regi&atilde;o metropolitana e capital do estado de S&atilde;o Paulo e sul do estado de Minas Gerais. As linhas que atendem Alfenas, Po&ccedil;os de Caldas, Pouso Alegre e Varginha, situadas no Sul de Minas, s&atilde;o operadas pela SC MINAS TRANSPORTES, desde 2022, quando foi criada.&nbsp;<\/p>\n<p>O <a rel=\"follow noopener\" target='_blank' href='https:\/\/www.gov.br\/antt\/pt-br\/assuntos\/informacoes-estrategicas\/publicacoes\/panorama-do-setor.pdf'>Panorama do Setor 2023-2024<\/a>, elaborado pela Ag&ecirc;ncia Nacional de Transporte Terrestre (ANTT), revelou que no transporte interestadual, S&atilde;o Paulo e Minas Gerais s&atilde;o os destinos mais frequentes, seja em rela&ccedil;&atilde;o &agrave; quantidade de viagens ou de passageiros. O relat&oacute;rio tamb&eacute;m apontou que o transporte de passageiros n&atilde;o fretado apresentou um aumento de 17% em 2023, com rela&ccedil;&atilde;o a 2022. Em janeiro do mesmo ano, um dos per&iacute;odos de pico de movimenta&ccedil;&atilde;o, foram transportados 2,29 milh&otilde;es de passageiros interestaduais.<\/p>\n<p>Mazon destaca que o transporte rodovi&aacute;rio de passageiros &eacute; conhecido pela seguran&ccedil;a que pode oferecer. &ldquo;<a rel=\"follow noopener\" target='_blank' href='https:\/\/www.youtube.com\/watch?v=KOeoDBEXLN4'>O transporte de &ocirc;nibus &eacute; extremamente seguro<\/a>, inclusive para o meio ambiente. A Santa Cruz, se preocupa em manter ve&iacute;culos novos &#8211; nossa frota tem idade m&eacute;dia inferior a dois anos. Os ve&iacute;culos Euro 6, o mais atualizado em redu&ccedil;&atilde;o das emiss&otilde;es de poluentes, comp&otilde;em 60% da frota e, tanto na carroceria quanto nos chassis, nossos &ocirc;nibus s&atilde;o dotados das &uacute;ltimas evolu&ccedil;&otilde;es de tecnologia voltada para seguran&ccedil;a&rdquo;, concluiu.<\/p>\n<p><strong>Hist&oacute;ria da empresa<\/strong><\/p>\n<p>A <a rel=\"follow noopener\" target='_blank' href='https:\/\/viajesantacruz.com.br\/nossa-historia\/'>Via&ccedil;&atilde;o Santa Cruz<\/a> foi fundada em 1958, mas a hist&oacute;ria da empresa come&ccedil;ou ainda em 1952, quando o empres&aacute;rio Eug&ecirc;nio Mazon criou a linha de &ocirc;nibus no interior do estado de S&atilde;o Paulo. Com uma jardineira, ve&iacute;culo usado para transporte coletivo &agrave; &eacute;poca, Mazon conduzia 14 estudantes entre Araras, Conchal e Mogi Mirim.&nbsp;<\/p>\n<p>A empresa acompanhou o desenvolvimento industrial e a expans&atilde;o da regi&atilde;o, cresceu com a aquisi&ccedil;&atilde;o de outras empresas e expandiu o atendimento para S&atilde;o Paulo, Po&ccedil;os de Caldas, Andradas e Esp&iacute;rito Santo do Pinhal. Mais tarde, comprou as empresas Nasser e Crist&aacute;lia, e passou a interligar as cidades do sul de Minas Gerais &agrave;s cidades da regi&atilde;o de Campinas e S&atilde;o Paulo.&nbsp;<\/p>\n<p>Em 2023, a empresa foi vencedora do 54&ordm; Concurso de Comunica&ccedil;&atilde;o Visual e Pintura de Frotas, desta vez na categoria especial Mem&oacute;ria do Transporte. A identidade, uma de suas pinturas mais tradicionais, com as iniciais SC remetendo &agrave;s curvas da estrada, foi elaborada na d&eacute;cada de 1980 e reaplicada para celebrar os 65 anos da empresa. A Via&ccedil;&atilde;o Santa Cruz j&aacute; havia ganhado a 49&ordm; edi&ccedil;&atilde;o do concurso em 2018.&nbsp;<\/p>\n<p>A <b>OESP<\/b> n\u00e3o \u00e9(s\u00e3o) respons\u00e1vel(is) por erros, incorre\u00e7\u00f5es, atrasos ou quaisquer decis\u00f5es tomadas por seus clientes com base nos Conte\u00fados ora disponibilizados, bem como tais Conte\u00fados n\u00e3o representam a opini\u00e3o da <b>OESP<\/b> e s\u00e3o de inteira responsabilidade da <b>Dino Divulgador de Noticias Online Ltda<\/b><\/p>\n","protected":false},"excerpt":{"rendered":"(DINO &#8211; 29 jul, 2024) &#8211;\nA Via&ccedil;&atilde;o Santa Cruz completou 66 anos, em 14 de junho, e comemorou com a&ccedil;&otilde;es promocionais para seus clientes. Ao longo do m&amp;eci","protected":false},"author":1,"featured_media":0,"comment_status":"open","ping_status":"closed","sticky":false,"template":"","format":"standard","meta":{"_acf_changed":false,"inline_featured_image":false,"_monsterinsights_skip_tracking":false,"_monsterinsights_sitenote_active":false,"_monsterinsights_sitenote_note":"","_monsterinsights_sitenote_category":0,"footnotes":""},"categories":[34],"tags":[],"class_list":["post-97896","post","type-post","status-publish","format-standard","hentry","category-releases-geral"],"acf":[],"_links":{"self":[{"href":"https:\/\/bluestudio.estadao.com.br\/agencia-de-comunicacao\/wp-json\/wp\/v2\/posts\/97896","targetHints":{"allow":["GET"]}}],"collection":[{"href":"https:\/\/bluestudio.estadao.com.br\/agencia-de-comunicacao\/wp-json\/wp\/v2\/posts"}],"about":[{"href":"https:\/\/bluestudio.estadao.com.br\/agencia-de-comunicacao\/wp-json\/wp\/v2\/types\/post"}],"author":[{"embeddable":true,"href":"https:\/\/bluestudio.estadao.com.br\/agencia-de-comunicacao\/wp-json\/wp\/v2\/users\/1"}],"replies":[{"embeddable":true,"href":"https:\/\/bluestudio.estadao.com.br\/agencia-de-comunicacao\/wp-json\/wp\/v2\/comments?post=97896"}],"version-history":[{"count":0,"href":"https:\/\/bluestudio.estadao.com.br\/agencia-de-comunicacao\/wp-json\/wp\/v2\/posts\/97896\/revisions"}],"wp:attachment":[{"href":"https:\/\/bluestudio.estadao.com.br\/agencia-de-comunicacao\/wp-json\/wp\/v2\/media?parent=97896"}],"wp:term":[{"taxonomy":"category","embeddable":true,"href":"https:\/\/bluestudio.estadao.com.br\/agencia-de-comunicacao\/wp-json\/wp\/v2\/categories?post=97896"},{"taxonomy":"post_tag","embeddable":true,"href":"https:\/\/bluestudio.estadao.com.br\/agencia-de-comunicacao\/wp-json\/wp\/v2\/tags?post=97896"}],"curies":[{"name":"wp","href":"https:\/\/api.w.org\/{rel}","templated":true}]}}