{"id":97894,"date":"2024-07-29T12:50:00","date_gmt":"2024-07-29T15:50:00","guid":{"rendered":"https:\/\/bluestudio.estadao.com.br\/agencia-de-comunicacao\/releases\/releases-geral\/publicacao-aponta-dados-sobre-consumo-de-drogas-na-europa\/"},"modified":"2024-07-29T12:50:00","modified_gmt":"2024-07-29T15:50:00","slug":"publicacao-aponta-dados-sobre-consumo-de-drogas-na-europa","status":"publish","type":"post","link":"https:\/\/bluestudio.estadao.com.br\/agencia-de-comunicacao\/releases\/releases-geral\/publicacao-aponta-dados-sobre-consumo-de-drogas-na-europa\/","title":{"rendered":"Publica\u00e7\u00e3o aponta dados sobre consumo de drogas na Europa"},"content":{"rendered":"<p><b>DINO DIVULGADOR DE NOT\u00cdCIAS<\/b><\/p>\n<p>Brasil&#8211;(<a target='_blank' href='http:\/\/www.dino.com.br' rel=\"noopener\">DINO<\/a> &#8211; 29 jul, 2024) &#8211;<br \/>\nO <a rel=\"follow noopener\" target='_blank' href='https:\/\/www.emcdda.europa.eu\/publications\/european-drug-report\/2024\/drug-situation-in-europe-up-to-2024_en' data-mce-target='_blank'>Relat\u00f3rio Europeu sobre Drogas de 2024<\/a> revelou dados sobre o consumo de subst\u00e2ncias il\u00edcitas na Uni\u00e3o Europeia. Segundo os dados apresentados, o uso de cannabis, coca\u00edna, metilenodioximetanfetamina (MDMA) e outras drogas continua em n\u00edveis elevados, afetando milh\u00f5es de adultos e jovens adultos em toda a regi\u00e3o.<\/p>\n<p>Conforme informado na publica\u00e7\u00e3o, o uso de cannabis entre adultos de 15 a 64 anos atinge 22,8 milh\u00f5es de pessoas no \u00faltimo ano, representando 8% dessa faixa et\u00e1ria. Ao longo da vida, 85,4 milh\u00f5es de adultos (29,9%) j\u00e1 experimentaram a subst\u00e2ncia. Entre os jovens adultos de 15 a 34 anos, o consumo no \u00faltimo ano chega a 15,1 milh\u00f5es, ou 15% dessa popula\u00e7\u00e3o. Estes n\u00fameros indicam que a cannabis \u00e9 a droga il\u00edcita mais utilizada na Uni\u00e3o Europeia.<\/p>\n<p>O relat\u00f3rio aponta dados sobre o uso de coca\u00edna. Entre os adultos de 15 a 64 anos, 4 milh\u00f5es (1,4%) usaram a subst\u00e2ncia no \u00faltimo ano, enquanto 15,4 milh\u00f5es (5,4%) relataram uso ao longo da vida. Entre os jovens adultos, 2,5 milh\u00f5es (2,5%) usaram coca\u00edna no \u00faltimo ano. O estudo ainda aponta dados sobre o uso de MDMA tamb\u00e9m apresenta \u00edndices significativos. Entre os adultos de 15 a 64 anos, 2,9 milh\u00f5es (1%) usaram a droga no \u00faltimo ano, enquanto 12,3 milh\u00f5es (4,3%) relataram uso ao longo da vida. Entre os jovens adultos, 2,2 milh\u00f5es (2,2%) usaram MDMA no \u00faltimo ano.<\/p>\n<p>Sobre o assunto, Miler Nunes Soares, m\u00e9dico psiquiatra e respons\u00e1vel pela <a rel=\"follow noopener\" target='_blank' href='https:\/\/grupogranjimmy.com.br\/' data-mce-target='_blank'>Cl\u00ednica de Recupera\u00e7\u00e3o<\/a> Granjimmy, disse que como especialista em reabilita\u00e7\u00e3o de dependentes qu\u00edmicos, \u00e9 preocupante ver os n\u00fameros recentemente divulgados pelo Relat\u00f3rio Europeu sobre Drogas de 2024. Os dados revelam uma realidade alarmante quanto ao uso cont\u00ednuo de subst\u00e2ncias il\u00edcitas, como cannabis, coca\u00edna e MDMA, dentro da Uni\u00e3o Europeia. Esses n\u00fameros destacam n\u00e3o apenas a preval\u00eancia dessas drogas entre adultos e jovens adultos, mas tamb\u00e9m os desafios cont\u00ednuos que enfrentamos na preven\u00e7\u00e3o e tratamento da depend\u00eancia. &#8216;Este cen\u00e1rio demanda estrat\u00e9gias eficazes de interven\u00e7\u00e3o precoce e educa\u00e7\u00e3o preventiva para mitigar os riscos associados ao uso precoce dessa subst\u00e2ncia. \u00c9 fundamental direcionar esfor\u00e7os para conscientizar sobre os danos \u00e0 sa\u00fade mental e f\u00edsica decorrentes do uso cr\u00f4nico de cannabis&#8217;.<\/p>\n<p>Segundo a publica\u00e7\u00e3o, que pode ser consultada atrav\u00e9s do link informado no in\u00edcio da mat\u00e9ria, o consumo de anfetaminas entre adultos de 15 a 64 anos atingiu 2,3 milh\u00f5es (0,8%) no \u00faltimo ano e 10,3 milh\u00f5es (3,6%) ao longo da vida, conforme divulgado na publica\u00e7\u00e3o. Entre os jovens adultos, 1,5 milh\u00e3o (1,5%) usaram anfetaminas no \u00faltimo ano. A publica\u00e7\u00e3o ainda informa que o uso de opioides continua a ser uma das maiores preocupa\u00e7\u00f5es de sa\u00fade p\u00fablica. Existem aproximadamente 860 mil usu\u00e1rios de opioides em alto risco na Uni\u00e3o Europeia, e 513 mil receberam tratamento com agonistas em 2022. Os opioides foram respons\u00e1veis por cerca de 24% de todas as solicita\u00e7\u00f5es de tratamento para drogas e estiveram presentes em 74% das overdoses fatais, conforme informado no relat\u00f3rio.<\/p>\n<p>Perguntado sobre o assunto, Miler Nunes afirmou que \u00e9 imperativo intensificar os esfor\u00e7os na promo\u00e7\u00e3o de pol\u00edticas p\u00fablicas eficazes que abordem n\u00e3o apenas a oferta e o acesso a drogas il\u00edcitas, mas tamb\u00e9m a demanda por elas. Investimentos cont\u00ednuos em programas de preven\u00e7\u00e3o, tratamento e reinser\u00e7\u00e3o social s\u00e3o cruciais para reduzir o impacto devastador do uso de drogas na sociedade, como ocorre na unidade da <a rel=\"follow noopener\" target='_blank' href='https:\/\/grupogranjimmy.com.br\/clinica\/centro-de-reabilitacao-campo-verde\/' data-mce-target='_blank'>Cl\u00ednica de Reabilita\u00e7\u00e3o em Campo Verde<\/a>, Mato Grosso. &#8216;\u00c9 essencial fortalecer a colabora\u00e7\u00e3o internacional e a partilha de boas pr\u00e1ticas entre os pa\u00edses da Uni\u00e3o Europeia para enfrentar de forma coletiva esse desafio de sa\u00fade p\u00fablica&#8217;.<\/p>\n<p>Website: <a target='_blank' href='https:\/\/grupogranjimmy.com.br\/' rel=\"follow noopener\">https:\/\/grupogranjimmy.com.br\/<\/a><img src='https:\/\/api.dino.com.br\/v2\/news\/tr\/305336' alt='' style='border:0px;width:1px;height:1px' \/><br \/>\nA <b>OESP<\/b> n\u00e3o \u00e9(s\u00e3o) respons\u00e1vel(is) por erros, incorre\u00e7\u00f5es, atrasos ou quaisquer decis\u00f5es tomadas por seus clientes com base nos Conte\u00fados ora disponibilizados, bem como tais Conte\u00fados n\u00e3o representam a opini\u00e3o da <b>OESP<\/b> e s\u00e3o de inteira responsabilidade da <b>Dino Divulgador de Noticias Online Ltda<\/b><\/p>\n","protected":false},"excerpt":{"rendered":"Brasil&#8211;(DINO &#8211; 29 jul, 2024) &#8211;\nO Relat\u00f3rio Europeu sobre Drogas de 2024 revelou dados sobre o consumo de subst\u00e2ncias il\u00edcitas na Uni\u00e3o Europeia. Segundo os dados apresentados, o","protected":false},"author":1,"featured_media":0,"comment_status":"open","ping_status":"closed","sticky":false,"template":"","format":"standard","meta":{"_acf_changed":false,"inline_featured_image":false,"_monsterinsights_skip_tracking":false,"_monsterinsights_sitenote_active":false,"_monsterinsights_sitenote_note":"","_monsterinsights_sitenote_category":0,"footnotes":""},"categories":[34],"tags":[],"class_list":["post-97894","post","type-post","status-publish","format-standard","hentry","category-releases-geral"],"acf":[],"_links":{"self":[{"href":"https:\/\/bluestudio.estadao.com.br\/agencia-de-comunicacao\/wp-json\/wp\/v2\/posts\/97894","targetHints":{"allow":["GET"]}}],"collection":[{"href":"https:\/\/bluestudio.estadao.com.br\/agencia-de-comunicacao\/wp-json\/wp\/v2\/posts"}],"about":[{"href":"https:\/\/bluestudio.estadao.com.br\/agencia-de-comunicacao\/wp-json\/wp\/v2\/types\/post"}],"author":[{"embeddable":true,"href":"https:\/\/bluestudio.estadao.com.br\/agencia-de-comunicacao\/wp-json\/wp\/v2\/users\/1"}],"replies":[{"embeddable":true,"href":"https:\/\/bluestudio.estadao.com.br\/agencia-de-comunicacao\/wp-json\/wp\/v2\/comments?post=97894"}],"version-history":[{"count":0,"href":"https:\/\/bluestudio.estadao.com.br\/agencia-de-comunicacao\/wp-json\/wp\/v2\/posts\/97894\/revisions"}],"wp:attachment":[{"href":"https:\/\/bluestudio.estadao.com.br\/agencia-de-comunicacao\/wp-json\/wp\/v2\/media?parent=97894"}],"wp:term":[{"taxonomy":"category","embeddable":true,"href":"https:\/\/bluestudio.estadao.com.br\/agencia-de-comunicacao\/wp-json\/wp\/v2\/categories?post=97894"},{"taxonomy":"post_tag","embeddable":true,"href":"https:\/\/bluestudio.estadao.com.br\/agencia-de-comunicacao\/wp-json\/wp\/v2\/tags?post=97894"}],"curies":[{"name":"wp","href":"https:\/\/api.w.org\/{rel}","templated":true}]}}