{"id":97706,"date":"2024-07-24T09:13:00","date_gmt":"2024-07-24T12:13:00","guid":{"rendered":"https:\/\/bluestudio.estadao.com.br\/agencia-de-comunicacao\/releases\/releases-geral\/godiva-propaganda-constroi-tradicao-e-agrega-valor-ao-arraia-do-urso\/"},"modified":"2024-07-24T09:13:00","modified_gmt":"2024-07-24T12:13:00","slug":"godiva-propaganda-constroi-tradicao-e-agrega-valor-ao-arraia-do-urso","status":"publish","type":"post","link":"https:\/\/bluestudio.estadao.com.br\/agencia-de-comunicacao\/releases\/releases-geral\/godiva-propaganda-constroi-tradicao-e-agrega-valor-ao-arraia-do-urso\/","title":{"rendered":"Godiva Propaganda constr\u00f3i tradi\u00e7\u00e3o e agrega valor ao Arrai\u00e1 do Urso"},"content":{"rendered":"<p><b><\/b><\/p>\n<p><i>A\u00e7\u00e3o diferenciada explorou com criatividade elementos da Festa Junina para desenvolver tradi\u00e7\u00e3o ao evento realizado nas unidades do Bar do Urso.<\/i><\/p>\n<div style=\"text-align: center\">\n <img loading=\"lazy\" decoding=\"async\" src=\"https:\/\/labpersona.estadao.com.br\/wp-content\/uploads\/2024\/07\/GodivaaArraiadoUrso.png\" width=\"458\" height=\"280\" alt=\"Foto: Divulga\u00e7\u00e3o\/Escola Eleva\"><\/p>\n<p style=\"font-size: 14px;color: #555\">Cr\u00e9dito: Divulga\u00e7\u00e3o\/Godiva Propaganda\n<\/p>\n<\/div>\n<p>S\u00e3o Paulo, 24 de julho de 2024 &#8211; Com uma atua\u00e7\u00e3o estrat\u00e9gica, a <b><a href=\"https:\/\/godivapropaganda.com.br\/\" target=\"blank\" rel=\"noopener\"><u>Godiva Propaganda<\/u><\/a><\/b> conseguiu agregar mais valor ao Arrai\u00e1 do Urso, evento realizado desde 2017 nas unidades do <b><a href=\"https:\/\/www.cervejariacolorado.com.br\/bares-do-urso\" target=\"blank\" rel=\"noopener\"><u>Bar do Urso<\/u><\/a><\/b>, casa de uma das marcas de cervejas artesanais mais premiadas e cultuadas pelos cervejeiros: a Colorado.<\/p>\n<p>A ag\u00eancia explorou com muita criatividade elementos t\u00edpicos da Festa Junina, tendo como ponto de partida a <b><a href=\"https:\/\/www.instagram.com\/p\/C8xeaGJpFVG\" target=\"blank\" rel=\"noopener\"><u>IPA\u00c7OCA<\/u><\/a><\/b>, uma cerveja artesanal sazonal que leva pa\u00e7oca em sua receita.<\/p>\n<p>Os resultados conquistados demonstram a import\u00e2ncia de contar com um trabalho estrat\u00e9gico e bem coordenado para alavancar diferentes iniciativas. Para entender melhor o processo, torna-se necess\u00e1rio conhecer detalhes da a\u00e7\u00e3o colocada em pr\u00e1tica pela <b><a href=\"https:\/\/godivapropaganda.com.br\/\" target=\"blank\" rel=\"noopener\"><u>Godiva Propaganda<\/u><\/a><\/b>.<\/p>\n<p>O objetivo da a\u00e7\u00e3o era refor\u00e7ar o nome <b>Arrai\u00e1 do Urso<\/b> para criar tradi\u00e7\u00e3o e, consequentemente, incluir o evento entre os mais aguardados do ano. Ao trabalhar elementos t\u00edpicos do Brasil, a ag\u00eancia pensou em cada detalhe na constru\u00e7\u00e3o de um ambiente descontra\u00eddo, mas com grande proximidade com Festa Junina.<\/p>\n<p>Al\u00e9m das bandeirolas tradicionais, a a\u00e7\u00e3o construiu um clima \u00fanico para os estabelecimentos. A decora\u00e7\u00e3o tem\u00e1tica de S\u00e3o Jo\u00e3o trabalhou diferentes elementos, desde as bolachas para apoiar os copos at\u00e9 o table tent nas mesas.<\/p>\n<p>Como n\u00e3o pode faltar em uma Festa Junina, a a\u00e7\u00e3o contou ainda com o correio elegante. Entretanto, a <b><a href=\"https:\/\/godivapropaganda.com.br\/\" target=\"blank\" rel=\"noopener\"><u>Godiva Propaganda<\/u><\/a><\/b> personalizou a proposta, criando o <b>Correio do Urso<\/b>, com o formato de \u0093pata\u0094 para chamar a aten\u00e7\u00e3o do crush no bar.<\/p>\n<p><b>Arrai\u00e1 do Urso com uma nova pegada<\/b><\/p>\n<p>A constru\u00e7\u00e3o desse ambiente atrativo trouxe uma nova perspectiva para o Arrai\u00e1 do Urso, que conta com a chancela de uma marca muito apreciada, com mais de 20 anos de tradi\u00e7\u00e3o.<\/p>\n<p>A criatividade e o trabalho estrat\u00e9gico, portanto, promoveram inova\u00e7\u00e3o, colocando o <b>Arrai\u00e1 do Urso<\/b> no radar dos brasileiros. Dessa forma, o evento conquistou o carisma dos frequentadores, transformando-se em tradi\u00e7\u00e3o.<\/p>\n<p>Divertida, a iniciativa \u00e9 um exemplo de como uma festa t\u00edpica bem trabalhada consegue movimentar a economia local, atraindo p\u00fablico e, consequentemente, aumentando a receita do com\u00e9rcio.<\/p>\n<p>Essa vis\u00e3o, por\u00e9m, s\u00f3 \u00e9 poss\u00edvel com a atua\u00e7\u00e3o de profissionais qualificados, com a estrutura certa \u00e0 disposi\u00e7\u00e3o. Por meio de um planejamento estrat\u00e9gico, o trabalho customizado permite gerar resultados concretos para as marcas.<\/p>\n<p>Com quase 3 mil campanhas desenvolvidas em 11 pa\u00edses em 9 anos de exist\u00eancia, a <b>Godiva Propaganda<\/b> j\u00e1 recebeu 27 pr\u00eamios por a\u00e7\u00f5es que realmente conseguiram impactar.<\/p>\n<p>Por ser uma ag\u00eancia full service, consegue entregar resultados em todas as \u00e1reas da comunica\u00e7\u00e3o, o que permite encontrar o melhor caminho para cada um dos desafios, seja no ambiente online ou real. Outro ponto importante \u00e9 a comprova\u00e7\u00e3o dos resultados por meio de m\u00e9tricas, garantindo assim o retorno do investimento. <\/p>\n<p><b>Para mais informa\u00e7\u00f5es e contato:<\/b><\/p>\n<p><b>Godiva Propaganda<\/b><br \/>\nTelefone: (11) 2640-8399<br \/>\nE-mail: <a href=\"mailto:contato@godivapropaganda.com.br\">contato@godivapropaganda.com.br<\/a><br \/>\nSite: https:\/\/godivapropaganda.com.br<\/p>\n<p>Conte\u00fado publicado por: <a href=\"https:\/\/wa.me\/5511993500439\" target=\"blank\" rel=\"noopener\"><u>Lab Persona Estad\u00e3o<\/u><\/a><\/p>\n","protected":false},"excerpt":{"rendered":"A\u00e7\u00e3o diferenciada explorou com criatividade elementos da Festa Junina para desenvolver tradi\u00e7\u00e3o ao evento realizado nas unidades do Bar do Urso.\n &lt;p style=&quot;font-si","protected":false},"author":1,"featured_media":0,"comment_status":"open","ping_status":"closed","sticky":false,"template":"","format":"standard","meta":{"_acf_changed":false,"inline_featured_image":false,"_monsterinsights_skip_tracking":false,"_monsterinsights_sitenote_active":false,"_monsterinsights_sitenote_note":"","_monsterinsights_sitenote_category":0,"footnotes":""},"categories":[34],"tags":[],"class_list":["post-97706","post","type-post","status-publish","format-standard","hentry","category-releases-geral"],"acf":[],"_links":{"self":[{"href":"https:\/\/bluestudio.estadao.com.br\/agencia-de-comunicacao\/wp-json\/wp\/v2\/posts\/97706","targetHints":{"allow":["GET"]}}],"collection":[{"href":"https:\/\/bluestudio.estadao.com.br\/agencia-de-comunicacao\/wp-json\/wp\/v2\/posts"}],"about":[{"href":"https:\/\/bluestudio.estadao.com.br\/agencia-de-comunicacao\/wp-json\/wp\/v2\/types\/post"}],"author":[{"embeddable":true,"href":"https:\/\/bluestudio.estadao.com.br\/agencia-de-comunicacao\/wp-json\/wp\/v2\/users\/1"}],"replies":[{"embeddable":true,"href":"https:\/\/bluestudio.estadao.com.br\/agencia-de-comunicacao\/wp-json\/wp\/v2\/comments?post=97706"}],"version-history":[{"count":0,"href":"https:\/\/bluestudio.estadao.com.br\/agencia-de-comunicacao\/wp-json\/wp\/v2\/posts\/97706\/revisions"}],"wp:attachment":[{"href":"https:\/\/bluestudio.estadao.com.br\/agencia-de-comunicacao\/wp-json\/wp\/v2\/media?parent=97706"}],"wp:term":[{"taxonomy":"category","embeddable":true,"href":"https:\/\/bluestudio.estadao.com.br\/agencia-de-comunicacao\/wp-json\/wp\/v2\/categories?post=97706"},{"taxonomy":"post_tag","embeddable":true,"href":"https:\/\/bluestudio.estadao.com.br\/agencia-de-comunicacao\/wp-json\/wp\/v2\/tags?post=97706"}],"curies":[{"name":"wp","href":"https:\/\/api.w.org\/{rel}","templated":true}]}}