{"id":97399,"date":"2024-07-18T16:13:00","date_gmt":"2024-07-18T19:13:00","guid":{"rendered":"https:\/\/bluestudio.estadao.com.br\/agencia-de-comunicacao\/releases\/releases-geral\/museu-de-ciencia-da-amazonia-vence-premios-internacionais\/"},"modified":"2024-07-18T16:13:00","modified_gmt":"2024-07-18T19:13:00","slug":"museu-de-ciencia-da-amazonia-vence-premios-internacionais","status":"publish","type":"post","link":"https:\/\/bluestudio.estadao.com.br\/agencia-de-comunicacao\/releases\/releases-geral\/museu-de-ciencia-da-amazonia-vence-premios-internacionais\/","title":{"rendered":"Museu de Ci\u00eancia da Amaz\u00f4nia vence pr\u00eamios internacionais"},"content":{"rendered":"<p><b>DINO DIVULGADOR DE NOT\u00cdCIAS<\/b><\/p>\n<p>Belterra, Par\u00e1&#8211;(<a target='_blank' href='http:\/\/www.dino.com.br' rel=\"noopener\">DINO<\/a> &#8211; 18 jul, 2024) &#8211;<br \/>\nO Museu de Ci&ecirc;ncia da Amaz&ocirc;nia (MuCA) foi premiado em dois dos principais concursos de arquitetura do mundo, destacando a relev&acirc;ncia de seu conjunto arquitet&ocirc;nico projetado pelo escrit&oacute;rio Studio Arthur Casas para a regi&atilde;o de Belterra, no Par&aacute;, no cora&ccedil;&atilde;o da Floresta Amaz&ocirc;nica.<\/p>\n<p>Em 08 de julho, o<strong> World Architecture Festival <\/strong>anunciou os projetos finalistas do concurso, que &eacute; realizado anualmente em Singapura e recebe centenas de candidaturas &ndash; em 2024, o n&uacute;mero de projetos concorrendo foi recorde. J&aacute; no concurso da plataforma <strong>Rethinking the Future<\/strong>, que reconhece iniciativas de destaque em sustentabilidade e defesa do clima, o Conjunto Arquitet&ocirc;nico do MuCA foi vice-campe&atilde;o na categoria de Planejamento Urbano, entre mais de 1000 inscri&ccedil;&otilde;es de 40 pa&iacute;ses.<\/p>\n<p>Alocado na antiga Vila Americana, que recebeu trabalhadores da primeira f&aacute;brica da Ford no Brasil, o MuCA vem atuando para revitalizar os equipamentos de cultura, educa&ccedil;&atilde;o e turismo do entorno, fortalecendo o ecossistema de bioeconomia da regi&atilde;o com o patroc&iacute;nio do Instituto Cultural Vale, EY Brasil e BNDES e apoio do Sebrae do Par&aacute; e Polo Sebrae de Bioeconomia. O primeiro passo em dire&ccedil;&atilde;o &agrave; revitaliza&ccedil;&atilde;o foi contar com a parceria do Studio Arthur Casas, autor do projeto que inclui um hotel com 12 su&iacute;tes, pousada com seis su&iacute;tes e um centro de conven&ccedil;&otilde;es voltado para receber eventos de ci&ecirc;ncia, tecnologia e ESG.<\/p>\n<p>A estrutura de hospedagem inclui ainda deques, bar, restaurante e &aacute;rea de conviv&ecirc;ncia &agrave; beira do Rio Tapaj&oacute;s. Arthur Casas &eacute; autor dos interiores e todo o mobili&aacute;rio do Museu, al&eacute;m de espa&ccedil;os de apoio, como a escola com foco em sustentabilidade, a vila administrativa e o audit&oacute;rio, com cadeiras especialmente concebidas para o local. Como parte da estrutura de apoio &agrave; atua&ccedil;&atilde;o do MuCA est&aacute; tamb&eacute;m o Centro da Cultura Alimentar Tapaj&ocirc;nica, em parceria com o premiado restaurante Casa do Saulo &ndash; que h&aacute; mais de dez anos oferece receitas com ingredientes da regi&atilde;o preparadas pelo chef Saulo Jennings Sim&otilde;es.<\/p>\n<p>O MuCA &eacute; um centro de pesquisa e treinamento t&eacute;cnico com grande apelo cultural e inten&ccedil;&atilde;o de alavancar a tecnologia voltada para a ind&uacute;stria de ci&ecirc;ncias da vida, contribuindo para o turismo sustent&aacute;vel e preserva&ccedil;&atilde;o da floresta. Ele est&aacute; localizado em uma regi&atilde;o onde a Terra Preta &eacute; abundante, possibilitando estudos cient&iacute;ficos e projetos sociais como os Quintais Agroflorestais, que proporcionam educa&ccedil;&atilde;o em bioeconomia e gera&ccedil;&atilde;o de renda para as fam&iacute;lias da regi&atilde;o, impactando positivamente toda a sociedade.<\/p>\n<p>&nbsp;<\/p>\n<p>Conhe&ccedil;a o MuCA:<\/p>\n<p><a rel=\"follow noopener\" target='_blank' href='https:\/\/mucamazonia.org\/'>https:\/\/mucamazonia.org\/<\/a><\/p>\n<p>Website: <a target='_blank' href='https:\/\/www.instagram.com\/mucamazonia\/' rel=\"follow noopener\">https:\/\/www.instagram.com\/mucamazonia\/<\/a><img src='https:\/\/api.dino.com.br\/v2\/news\/tr\/304531' alt='' style='border:0px;width:1px;height:1px' \/><br \/>\nA <b>OESP<\/b> n\u00e3o \u00e9(s\u00e3o) respons\u00e1vel(is) por erros, incorre\u00e7\u00f5es, atrasos ou quaisquer decis\u00f5es tomadas por seus clientes com base nos Conte\u00fados ora disponibilizados, bem como tais Conte\u00fados n\u00e3o representam a opini\u00e3o da <b>OESP<\/b> e s\u00e3o de inteira responsabilidade da <b>Dino Divulgador de Noticias Online Ltda<\/b><\/p>\n","protected":false},"excerpt":{"rendered":"Belterra, Par\u00e1&#8211;(DINO &#8211; 18 jul, 2024) &#8211;\nO Museu de Ci&ecirc;ncia da Amaz&ocirc;nia (MuCA) foi premiado em dois dos principais concursos de arquitetura do mundo, destacando a relev","protected":false},"author":1,"featured_media":0,"comment_status":"open","ping_status":"closed","sticky":false,"template":"","format":"standard","meta":{"_acf_changed":false,"inline_featured_image":false,"_monsterinsights_skip_tracking":false,"_monsterinsights_sitenote_active":false,"_monsterinsights_sitenote_note":"","_monsterinsights_sitenote_category":0,"footnotes":""},"categories":[34],"tags":[],"class_list":["post-97399","post","type-post","status-publish","format-standard","hentry","category-releases-geral"],"acf":[],"_links":{"self":[{"href":"https:\/\/bluestudio.estadao.com.br\/agencia-de-comunicacao\/wp-json\/wp\/v2\/posts\/97399","targetHints":{"allow":["GET"]}}],"collection":[{"href":"https:\/\/bluestudio.estadao.com.br\/agencia-de-comunicacao\/wp-json\/wp\/v2\/posts"}],"about":[{"href":"https:\/\/bluestudio.estadao.com.br\/agencia-de-comunicacao\/wp-json\/wp\/v2\/types\/post"}],"author":[{"embeddable":true,"href":"https:\/\/bluestudio.estadao.com.br\/agencia-de-comunicacao\/wp-json\/wp\/v2\/users\/1"}],"replies":[{"embeddable":true,"href":"https:\/\/bluestudio.estadao.com.br\/agencia-de-comunicacao\/wp-json\/wp\/v2\/comments?post=97399"}],"version-history":[{"count":0,"href":"https:\/\/bluestudio.estadao.com.br\/agencia-de-comunicacao\/wp-json\/wp\/v2\/posts\/97399\/revisions"}],"wp:attachment":[{"href":"https:\/\/bluestudio.estadao.com.br\/agencia-de-comunicacao\/wp-json\/wp\/v2\/media?parent=97399"}],"wp:term":[{"taxonomy":"category","embeddable":true,"href":"https:\/\/bluestudio.estadao.com.br\/agencia-de-comunicacao\/wp-json\/wp\/v2\/categories?post=97399"},{"taxonomy":"post_tag","embeddable":true,"href":"https:\/\/bluestudio.estadao.com.br\/agencia-de-comunicacao\/wp-json\/wp\/v2\/tags?post=97399"}],"curies":[{"name":"wp","href":"https:\/\/api.w.org\/{rel}","templated":true}]}}