{"id":97390,"date":"2024-07-18T12:57:00","date_gmt":"2024-07-18T15:57:00","guid":{"rendered":"https:\/\/bluestudio.estadao.com.br\/agencia-de-comunicacao\/releases\/releases-geral\/planta-da-wyda-embalagens-no-paraguai-completa-cinco-anos\/"},"modified":"2024-07-18T12:57:00","modified_gmt":"2024-07-18T15:57:00","slug":"planta-da-wyda-embalagens-no-paraguai-completa-cinco-anos","status":"publish","type":"post","link":"https:\/\/bluestudio.estadao.com.br\/agencia-de-comunicacao\/releases\/releases-geral\/planta-da-wyda-embalagens-no-paraguai-completa-cinco-anos\/","title":{"rendered":"Planta da Wyda Embalagens no Paraguai completa cinco anos"},"content":{"rendered":"<p><b>DINO DIVULGADOR DE NOT\u00cdCIAS<\/b><\/p>\n<p>(<a target='_blank' href='http:\/\/www.dino.com.br' rel=\"noopener\">DINO<\/a> &#8211; 18 jul, 2024) &#8211;<br \/>\nA planta da Wyda Embalagens em Assun&ccedil;&atilde;o, no Paraguai, completa cinco anos em julho de 2024. De acordo com a empresa brasileira &#8211; que atua no mercado de embalagens descart&aacute;veis nas linhas de produtos de alum&iacute;nio e n&atilde;o alum&iacute;nio -, as opera&ccedil;&otilde;es visam a expans&atilde;o no atendimento &agrave; Am&eacute;rica Latina e facilitar a log&iacute;stica para Estados do Brasil.<\/p>\n<p>Apesar de ter sido implementada em 2019, a ideia de investir no pa&iacute;s vizinho surgiu em 2013. Hoje, a f&aacute;brica &eacute; focada na produ&ccedil;&atilde;o de rolos de alum&iacute;nio de diversos tamanhos, al&eacute;m de tubetes. No local, s&atilde;o fabricadas marcas pr&oacute;prias: Wyda e a marca Envases Guarani. J&aacute; a distribui&ccedil;&atilde;o &eacute; feita para Wyda Brasil e clientes do pr&oacute;prio pa&iacute;s.<\/p>\n<p>Roberto Carvalho, diretor-geral da Wyda Embalagens, revela que j&aacute; existe uma demanda de exporta&ccedil;&atilde;o. No radar da empresa, est&atilde;o os Estados Unidos e pa&iacute;ses da Europa.<\/p>\n<p>&ldquo;Foi um longo caminho de amadurecimento, desde o momento em que a ideia de abrir uma planta no Paraguai nasceu, em 2013, at&eacute; a sua implanta&ccedil;&atilde;o, em 2019. Depois, ainda tivemos de superar muitos desafios, como m&atilde;o de obra&rdquo;, explica.<\/p>\n<p>Segundo Carvalho, entre os planos para o futuro, a Wyda Embalagens planeja&nbsp; diversificar a linha de produ&ccedil;&atilde;o na planta do Paraguai. &ldquo;J&aacute; temos estudos do filme de PVC (policloreto de vinila) e pesquisas bem avan&ccedil;adas das embalagens retangulares&rdquo;, afirma.<\/p>\n<p>O diretor-geral da Wyda Embalagens ressalta que a companhia est&aacute; satisfeita com as oportunidades que a f&aacute;brica no Paraguai trouxe para o Grupo Wyda sobre aprendizado, agilidade, din&acirc;mica e esp&iacute;rito de equipe. &ldquo;O Paraguai &eacute; um pa&iacute;s diferente do Brasil, menor, mais est&aacute;vel, previs&iacute;vel e com pr&oacute;s e contras. Temos aprendido muito com tudo isso&rdquo;, diz.<\/p>\n<p><strong>Linha do tempo<\/strong><\/p>\n<p>A hist&oacute;ria da Wyda come&ccedil;ou em 1992, na cidade de Sorocaba (SP). Em 2002, a companhia expandiu suas atividades de transforma&ccedil;&atilde;o de alum&iacute;nio, com a empresa Alukenti, instalada na grande Recife (PE) e capacitada para prover a demanda do Norte e Nordeste.<\/p>\n<p>Em 2008, a empresa Rio Prata iniciou a produ&ccedil;&atilde;o de embalagens descart&aacute;veis de alum&iacute;nio, na cidade de Tr&ecirc;s Lagoas (MS), estrategicamente localizada para atender ao mercado Centro Oeste.<\/p>\n<p>Em 2017, a Wyda iniciou a produ&ccedil;&atilde;o na &Aacute;frica do Sul. O parque fabril ir&aacute; atender &agrave; demanda de produtos espec&iacute;ficos do continente africano. Em 2019, teve in&iacute;cio a opera&ccedil;&atilde;o no Paraguai e, em 2022, o grupo Wyda completou 30 anos de exist&ecirc;ncia.<\/p>\n<p>Para mais informa&ccedil;&otilde;es, basta acessar: <a rel=\"follow noopener\" target='_blank' href='https:\/\/www.wyda.com.br\/'>https:\/\/www.wyda.com.br\/<\/a><\/p>\n<p>A <b>OESP<\/b> n\u00e3o \u00e9(s\u00e3o) respons\u00e1vel(is) por erros, incorre\u00e7\u00f5es, atrasos ou quaisquer decis\u00f5es tomadas por seus clientes com base nos Conte\u00fados ora disponibilizados, bem como tais Conte\u00fados n\u00e3o representam a opini\u00e3o da <b>OESP<\/b> e s\u00e3o de inteira responsabilidade da <b>Dino Divulgador de Noticias Online Ltda<\/b><\/p>\n","protected":false},"excerpt":{"rendered":"(DINO &#8211; 18 jul, 2024) &#8211;\nA planta da Wyda Embalagens em Assun&ccedil;&atilde;o, no Paraguai, completa cinco anos em julho de 2024. De acordo com a empresa brasileira &#8211; que atua no","protected":false},"author":1,"featured_media":0,"comment_status":"open","ping_status":"closed","sticky":false,"template":"","format":"standard","meta":{"_acf_changed":false,"inline_featured_image":false,"_monsterinsights_skip_tracking":false,"_monsterinsights_sitenote_active":false,"_monsterinsights_sitenote_note":"","_monsterinsights_sitenote_category":0,"footnotes":""},"categories":[34],"tags":[],"class_list":["post-97390","post","type-post","status-publish","format-standard","hentry","category-releases-geral"],"acf":[],"_links":{"self":[{"href":"https:\/\/bluestudio.estadao.com.br\/agencia-de-comunicacao\/wp-json\/wp\/v2\/posts\/97390","targetHints":{"allow":["GET"]}}],"collection":[{"href":"https:\/\/bluestudio.estadao.com.br\/agencia-de-comunicacao\/wp-json\/wp\/v2\/posts"}],"about":[{"href":"https:\/\/bluestudio.estadao.com.br\/agencia-de-comunicacao\/wp-json\/wp\/v2\/types\/post"}],"author":[{"embeddable":true,"href":"https:\/\/bluestudio.estadao.com.br\/agencia-de-comunicacao\/wp-json\/wp\/v2\/users\/1"}],"replies":[{"embeddable":true,"href":"https:\/\/bluestudio.estadao.com.br\/agencia-de-comunicacao\/wp-json\/wp\/v2\/comments?post=97390"}],"version-history":[{"count":0,"href":"https:\/\/bluestudio.estadao.com.br\/agencia-de-comunicacao\/wp-json\/wp\/v2\/posts\/97390\/revisions"}],"wp:attachment":[{"href":"https:\/\/bluestudio.estadao.com.br\/agencia-de-comunicacao\/wp-json\/wp\/v2\/media?parent=97390"}],"wp:term":[{"taxonomy":"category","embeddable":true,"href":"https:\/\/bluestudio.estadao.com.br\/agencia-de-comunicacao\/wp-json\/wp\/v2\/categories?post=97390"},{"taxonomy":"post_tag","embeddable":true,"href":"https:\/\/bluestudio.estadao.com.br\/agencia-de-comunicacao\/wp-json\/wp\/v2\/tags?post=97390"}],"curies":[{"name":"wp","href":"https:\/\/api.w.org\/{rel}","templated":true}]}}