{"id":97224,"date":"2024-07-16T17:58:00","date_gmt":"2024-07-16T20:58:00","guid":{"rendered":"https:\/\/bluestudio.estadao.com.br\/agencia-de-comunicacao\/prnewswire\/prnewseconomia\/santa-maria-outlet-entrega-chaves-a-lojistas-e-preve-inauguracao-antes-do-natal-3\/"},"modified":"2024-07-16T17:58:00","modified_gmt":"2024-07-16T20:58:00","slug":"santa-maria-outlet-entrega-chaves-a-lojistas-e-preve-inauguracao-antes-do-natal-3","status":"publish","type":"post","link":"https:\/\/bluestudio.estadao.com.br\/agencia-de-comunicacao\/prnewswire\/prnewseconomia\/santa-maria-outlet-entrega-chaves-a-lojistas-e-preve-inauguracao-antes-do-natal-3\/","title":{"rendered":"Santa Maria Outlet entrega chaves a lojistas e prev\u00ea inaugura\u00e7\u00e3o antes do Natal"},"content":{"rendered":"<p><b>PR NEWSWIRE<\/b><\/p>\n<div class=\"xn-content\">\n<p class=\"prntac\"><i>Primeiro outlet na Regi\u00e3o Metropolitana de Ribeir\u00e3o Preto recebeu <span class=\"xn-money\">R$ 400<\/span> milh\u00f5es de investimento e deve gerar mais de 1 mil empregos diretos<\/i><\/p>\n<p><span class=\"legendSpanClass\">RIBEIR\u00c3O PRETO, Brasil<\/span>, <span class=\"legendSpanClass\">16 de julho de 2024<\/span> \/PRNewswire\/ &#8212; Localizado \u00e0s margens da Rodovia Anhanguera &#8211; considerada o maior corredor financeiro do Pa\u00eds, com tr\u00e1fego de 100 mil ve\u00edculos por dia -, o Santa Maria Outlet promove a entrega de chaves aos lojistas do empreendimento nesta quinta-feira, dia 18.<\/p>\n<div class=\"PRN_ImbeddedAssetReference\" id=\"DivAssetPlaceHolder1\">\n<a href=\"https:\/\/mma.prnewswire.com\/media\/2462872\/Santa_Maria_Outlet.html\" target=\"_blank\" rel=\"nofollow noopener\">  <img decoding=\"async\" src=\"https:\/\/mma.prnewswire.com\/media\/2462872\/Santa_Maria_Outlet.jpg\" title=\"Santa Maria Outlet \u00e9 uma iniciativa do Grupo Pereira Alvim e est\u00e1 localizado \u00e0s margens da Rodovia Anhanguera, em Cravinhos\/SP (Cr\u00e9dito: Divulga\u00e7\u00e3o\/Santa Maria Outlet)\" alt=\"Santa Maria Outlet \u00e9 uma iniciativa do Grupo Pereira Alvim e est\u00e1 localizado \u00e0s margens da Rodovia Anhanguera, em Cravinhos\/SP (Cr\u00e9dito: Divulga\u00e7\u00e3o\/Santa Maria Outlet)\" \/><\/a>\n <\/p>\n<\/p><\/div>\n<p>O evento \u00e9 um marco importante dentro do cronograma para a inaugura\u00e7\u00e3o, prevista ainda para 2024. At\u00e9 o momento, a \u00e1rea de loca\u00e7\u00e3o j\u00e1 est\u00e1 com 70% de ocupa\u00e7\u00e3o confirmada, com marcas nacionais e internacionais como: Adidas; Under Armour; Reebok; Mizuno; A\u00e9ropostale; Original Penguin; Kipling; Lindt; Opaque; Nathan&#8217;s Famous; e Bar Brahma.<\/p>\n<p>O Santa Maria Outlet \u00e9 o primeiro do g\u00eanero dentro da Regi\u00e3o Metropolitana de Ribeir\u00e3o Preto e deve gerar mais 1 mil empregos diretos e alcan\u00e7ar um faturamento anual de <span class=\"xn-money\">R$ 280<\/span> milh\u00f5es.<\/p>\n<p>O empreendimento \u00e9 uma iniciativa do <span class=\"xn-person\">Grupo Pereira Alvim<\/span>.<\/p>\n<p>Foto &#8211; <a href=\"https:\/\/mma.prnewswire.com\/media\/2462872\/Santa_Maria_Outlet.jpg\" target=\"_blank\" rel=\"nofollow noopener\">https:\/\/mma.prnewswire.com\/media\/2462872\/Santa_Maria_Outlet.jpg<\/a>\u00a0<\/p>\n<p id=\"PURL\"><img loading=\"lazy\" decoding=\"async\" title=\"Cision\" width=\"12\" height=\"12\" alt=\"Cision\" src=\"https:\/\/c212.net\/c\/img\/favicon.png?sn=PT63061&amp;sd=2024-07-16\" \/> View original content to download multimedia:<a id=\"PRNURL\" rel=\"nofollow noopener\" href=\"https:\/\/www.prnewswire.com\/br\/comunicados-para-a-imprensa\/santa-maria-outlet-entrega-chaves-a-lojistas-e-preve-inauguracao-antes-do-natal-302198647.html\" target=\"_blank\">https:\/\/www.prnewswire.com\/br\/comunicados-para-a-imprensa\/santa-maria-outlet-entrega-chaves-a-lojistas-e-preve-inauguracao-antes-do-natal-302198647.html<\/a><\/p>\n<p>FONTE  Santa Maria Outlet<\/p>\n<\/div>\n<p><img decoding=\"async\" alt=\"\" src=\"https:\/\/rt.prnewswire.com\/rt.gif?NewsItemId=PT63061&amp;Transmission_Id=202407161646PR_NEWS_LATAM____PT63061&amp;DateId=20240716\" style=\"border:0px;width:1px;height:1px\" \/><\/p>\n<p>A <b>OESP<\/b> n\u00e3o \u00e9(s\u00e3o) respons\u00e1vel(is) por erros, incorre\u00e7\u00f5es, atrasos ou quaisquer decis\u00f5es tomadas por seus clientes com base nos Conte\u00fados ora disponibilizados, bem como tais Conte\u00fados n\u00e3o representam a opini\u00e3o da <b>OESP<\/b> e s\u00e3o de inteira responsabilidade da <b>PR Newswire Ltda<\/b><\/p>\n","protected":false},"excerpt":{"rendered":"Primeiro outlet na Regi\u00e3o Metropolitana de Ribeir\u00e3o Preto recebeu R$ 400 milh\u00f5es de investimento e deve gerar mais de 1 mil empregos diretos","protected":false},"author":1,"featured_media":0,"comment_status":"open","ping_status":"closed","sticky":false,"template":"","format":"standard","meta":{"_acf_changed":false,"inline_featured_image":false,"_monsterinsights_skip_tracking":false,"_monsterinsights_sitenote_active":false,"_monsterinsights_sitenote_note":"","_monsterinsights_sitenote_category":0,"footnotes":""},"categories":[29],"tags":[],"class_list":["post-97224","post","type-post","status-publish","format-standard","hentry","category-prnewseconomia"],"acf":[],"_links":{"self":[{"href":"https:\/\/bluestudio.estadao.com.br\/agencia-de-comunicacao\/wp-json\/wp\/v2\/posts\/97224","targetHints":{"allow":["GET"]}}],"collection":[{"href":"https:\/\/bluestudio.estadao.com.br\/agencia-de-comunicacao\/wp-json\/wp\/v2\/posts"}],"about":[{"href":"https:\/\/bluestudio.estadao.com.br\/agencia-de-comunicacao\/wp-json\/wp\/v2\/types\/post"}],"author":[{"embeddable":true,"href":"https:\/\/bluestudio.estadao.com.br\/agencia-de-comunicacao\/wp-json\/wp\/v2\/users\/1"}],"replies":[{"embeddable":true,"href":"https:\/\/bluestudio.estadao.com.br\/agencia-de-comunicacao\/wp-json\/wp\/v2\/comments?post=97224"}],"version-history":[{"count":0,"href":"https:\/\/bluestudio.estadao.com.br\/agencia-de-comunicacao\/wp-json\/wp\/v2\/posts\/97224\/revisions"}],"wp:attachment":[{"href":"https:\/\/bluestudio.estadao.com.br\/agencia-de-comunicacao\/wp-json\/wp\/v2\/media?parent=97224"}],"wp:term":[{"taxonomy":"category","embeddable":true,"href":"https:\/\/bluestudio.estadao.com.br\/agencia-de-comunicacao\/wp-json\/wp\/v2\/categories?post=97224"},{"taxonomy":"post_tag","embeddable":true,"href":"https:\/\/bluestudio.estadao.com.br\/agencia-de-comunicacao\/wp-json\/wp\/v2\/tags?post=97224"}],"curies":[{"name":"wp","href":"https:\/\/api.w.org\/{rel}","templated":true}]}}