{"id":97213,"date":"2024-07-16T16:13:00","date_gmt":"2024-07-16T19:13:00","guid":{"rendered":"https:\/\/bluestudio.estadao.com.br\/agencia-de-comunicacao\/prnewswire\/prnewseconomia\/manejo-eficiente-de-fungicida-ajuda-a-combater-casos-atipicos-de-mancha-alvo-no-sistema-soja-algodao-3\/"},"modified":"2024-07-16T16:13:00","modified_gmt":"2024-07-16T19:13:00","slug":"manejo-eficiente-de-fungicida-ajuda-a-combater-casos-atipicos-de-mancha-alvo-no-sistema-soja-algodao-3","status":"publish","type":"post","link":"https:\/\/bluestudio.estadao.com.br\/agencia-de-comunicacao\/prnewswire\/prnewseconomia\/manejo-eficiente-de-fungicida-ajuda-a-combater-casos-atipicos-de-mancha-alvo-no-sistema-soja-algodao-3\/","title":{"rendered":"Manejo eficiente de fungicida ajuda a combater casos at\u00edpicos de mancha alvo no sistema soja-algod\u00e3o"},"content":{"rendered":"<p><b>PR NEWSWIRE<\/b><\/p>\n<div class=\"xn-content\">\n<p class=\"prntac\"><i>Manchas apareceram no ponteiro do algod\u00e3o em diversas regi\u00f5es do estado de <span class=\"xn-location\">Mato Grosso<\/span> e podem ser combatidas por solu\u00e7\u00f5es integradas que impedem o avan\u00e7o do in\u00f3culo no cultivo<\/i><\/p>\n<p><span class=\"legendSpanClass\">S\u00c3O PAULO<\/span>, <span class=\"legendSpanClass\">16 de julho de 2024<\/span> \/PRNewswire\/ &#8212;\u00a0Cotonicultores de diferentes regi\u00f5es do pa\u00eds, principalmente no Centro-Oeste, t\u00eam enfrentado o desafio de combater a mancha alvo em uma safra em que a doen\u00e7a apresenta comportamento at\u00edpico. Comum na soja e no algod\u00e3o, o fungo causador, considerado necrotr\u00f3fico (se alimenta de c\u00e9lulas mortas), sobrevive em restos culturais e pode impactar diversas esp\u00e9cies de plantas, o que torna o manejo fundamental para evitar problemas durante a safra. Em cultivares suscet\u00edveis, estima-se que as perdas de produtividade possam chegar a 40%.<\/p>\n<p>A Doen\u00e7a, que comumente inicia a infec\u00e7\u00e3o no ter\u00e7o inferior da planta e avan\u00e7a at\u00e9 o ter\u00e7o m\u00e9dio, apareceu no ponteiro do algod\u00e3o em algumas regi\u00f5es, o que trouxe d\u00favidas ao agricultor sobre o agente causal e o manejo necess\u00e1rio. Na safra passada, devido a condi\u00e7\u00f5es clim\u00e1ticas at\u00edpicas, especialmente com a estiagem e altas temperaturas, a soja entrou em uma &#8220;zona de risco&#8221;, principalmente quando plantada no cedo, afetando \u00e1reas de algod\u00e3o safrinha. \u00a0A fonte de in\u00f3culo do fungo aumentou nestas \u00e1reas, que possivelmente tiveram menos tratamento fungicida, o que pode ter acometido as \u00e1reas de algod\u00e3o subsequentes.<\/p>\n<p>O manejo correto de fungicidas continua eficaz para o controle da mancha alvo e deve ser feito o quanto antes e de maneira preventiva no plantio do algod\u00e3o, conforme indica Guilherme Hungueria, gerente de Campanhas para Milho e Algod\u00e3o da Bayer. &#8220;A mancha alvo \u00e9 uma doen\u00e7a impactante para o algod\u00e3o, n\u00e3o somente para este ano em que observamos os sintomas no ponteiro, mas sempre foi preocupante para o agricultor. Nesta safra, a Bayer, atrav\u00e9s da sua equipe de fitopatologistas conduziu um robusto trabalho investigativo sobre o pat\u00f3geno e confirmamos se tratar do <i>Corynespora cassiicol<\/i>a, o que corrobora estudos de pesquisadores renomados como o Dr. S\u00e9rgio H. Brommoschenkel (UFV) e o Dr. Rafael Galbieri (IMA &#8211; MT). \u00a0Diante desta confirma\u00e7\u00e3o, passamos a recomendar um ajuste no manejo da aplica\u00e7\u00e3o do fungicida para evitar perdas de produtividade&#8221;, destaca.<\/p>\n<p>A estrat\u00e9gia que tem gerado os melhores resultados \u00e9 a de tr\u00eas aplica\u00e7\u00f5es de fungicida, o mais breve poss\u00edvel. &#8220;J\u00e1 \u00e9 sabida a efic\u00e1cia de Fox Xpro no manejo de doen\u00e7as do algodoeiro, sendo a melhor ferramenta especialmente para mancha alvo. No contexto desse novo cen\u00e1rio da doen\u00e7a, a estrat\u00e9gia que tem gerado os melhores resultados \u00e9 a aplica\u00e7\u00e3o consecutiva de Fox Xpro no in\u00edcio das pulveriza\u00e7\u00f5es do manejo, de maneira preventiva. O que muda diante do cen\u00e1rio incomum visto nesta safra \u00e9 a recomenda\u00e7\u00e3o de utilizar o maior n\u00famero de aplica\u00e7\u00f5es regulados pela bula em sequ\u00eancia a partir da 2\u00aa aplica\u00e7\u00e3o, incluindo a aplica\u00e7\u00e3o 4&#8221;, defende.<\/p>\n<p>O Fox&reg; Xpro \u00e9 um fungicida com a\u00e7\u00e3o sist\u00eamica para o tratamento foliar composto por tr\u00eas ingredientes ativos, Trifloxistrobina, Protioconazol e Bixafem (carboxamida exclusiva da Bayer). A solu\u00e7\u00e3o permite a\u00e7\u00e3o tripla nas principais doen\u00e7as que afetam o algod\u00e3o, atuando em todas as fases do ciclo de vida do fungo, protegendo o ciclo de crescimento do algodoeiro<\/p>\n<p><span class=\"xn-person\">Tiago Rodrigues da Costa<\/span>, consultor e propriet\u00e1rio da Costa Consultoria Agr\u00edcola, orienta o manejo de seis propriedades na regi\u00e3o de Sinop, no estado do <span class=\"xn-location\">Mato Grosso<\/span>, totalizando uma \u00e1rea de cerca de 80 mil hectares. Ele conta que em 2023 a mancha alvo j\u00e1 havia come\u00e7ado a apresentar um comportamento incomum. &#8220;N\u00e3o sab\u00edamos exatamente o que era, ent\u00e3o resolvi testar uma aplica\u00e7\u00e3o a mais de fungicida em um dos talh\u00f5es. Tivemos um bom resultado, por isso nesta safra, j\u00e1 entramos com a recomenda\u00e7\u00e3o de tr\u00eas aplica\u00e7\u00f5es de forma preventiva&#8221;, explica.<\/p>\n<p>A recomenda\u00e7\u00e3o \u00e9 de aplica\u00e7\u00e3o do Fox&reg; Xpro junto a um protetor, para aumentar a efic\u00e1cia. &#8220;Neste ano a doen\u00e7a veio muito forte. Na \u00faltima safra, as perdas foram de at\u00e9 20 arrobas por hectare em talh\u00f5es onde n\u00e3o havia sido feito esse ajuste nas aplica\u00e7\u00f5es. Os produtores que seguiram na safra 2023\/2024 o manejo de Fox&reg; Xpro com tr\u00eas aplica\u00e7\u00f5es t\u00eam registrado um resultado superior a outros manejos&#8221;, conta.\u00a0<\/p>\n<p><b>Manejo integrado<\/b><\/p>\n<p>O cotonicultor pode combinar algumas pr\u00e1ticas para evitar a prolifera\u00e7\u00e3o da doen\u00e7a, especialmente no sistema soja algod\u00e3o. Uma delas \u00e9 realizar o manejo eficiente de fungicidas na cultura anterior, caso plante algod\u00e3o depois da soja. &#8220;Devemos lembrar que plantas daninhas s\u00e3o fontes de in\u00f3culo da doen\u00e7a e devem ser controladas antes, durante e depois da safra. Tamb\u00e9m \u00e9 importante realizar o tratamento de sementes com fungicidas e, na entressafra, fazer rota\u00e7\u00e3o de culturas com plantas n\u00e3o hospedeiras da doen\u00e7a&#8221;, explica Guilherme Hungueria.<\/p>\n<p>Sementes tamb\u00e9m podem ser contaminadas pela doen\u00e7a, por isso, o produtor deve adquirir apenas cultivares certificadas e de qualidade, al\u00e9m de adotar cultivares tolerantes \u00e0 doen\u00e7a para plantar em lavouras com hist\u00f3rico da mancha alvo. Um dos materiais que tem se destacado em campo e apresentado uma boa performance apesar da press\u00e3o da mancha alvo \u00e9 a variedade DP 1949 B3RF da marca Deltapine. Com menor suscetibilidade \u00e0 doen\u00e7a, \u00e9 utilizada pelos cotonicultores desde a safra 2022\/2023.<\/p>\n<p>O uso de cultivares tolerantes foi um diferencial na Fazenda C\u00e9u Azul, do cotonicultor Clodoveu Franciosi, localizada em Sapezal (MT), sendo a maior Unidade do <span class=\"xn-person\">Grupo Franciosi<\/span>, com 11.800 hectares no total. Na propriedade, foram feitos manejos adaptados \u00e0s cultivares, incluindo o uso de Fox &reg;? Xpro. As cultivares sens\u00edveis receberam um acr\u00e9scimo de duas aplica\u00e7\u00f5es de fungicida, em um intervalo encurtado. J\u00e1 as cultivares tolerantes, receberam um total de sete aplica\u00e7\u00f5es.<\/p>\n<p>&#8220;A doen\u00e7a veio muito agressiva em 2024. Utilizamos, entre outras variedades, a DP 1949 B3RF, que por ser mais moderna, \u00e9 mais ereta, n\u00e3o fecha tanto a linha, o que facilitou muito o manejo em rela\u00e7\u00e3o \u00e0 mancha alvo. Como resultado, tivemos uma planta muito mais sadia&#8221;, explica Ney Oliveira, consultor t\u00e9cnico da Fazenda C\u00e9u Azul.<\/p>\n<p><b>Sobre a Bayer <\/b><\/p>\n<p>A Bayer \u00e9 uma empresa global com compet\u00eancias essenciais nas ci\u00eancias da vida nos setores de agroneg\u00f3cios e sa\u00fade. Seus produtos e servi\u00e7os s\u00e3o projetados para ajudar as pessoas e o planeta a prosperar, apoiando os esfor\u00e7os para superar os principais desafios apresentados por uma popula\u00e7\u00e3o global em crescimento e envelhecimento. A Bayer est\u00e1 comprometida em impulsionar o desenvolvimento sustent\u00e1vel e gerar um impacto positivo em seus neg\u00f3cios. Ao mesmo tempo, o Grupo pretende aumentar o seu poder de ganho e criar valor atrav\u00e9s da inova\u00e7\u00e3o e do crescimento. A marca Bayer representa confian\u00e7a, confiabilidade e qualidade. O Brasil \u00e9 a segunda maior opera\u00e7\u00e3o da companhia no mundo.<\/p>\n<p><b>Declara\u00e7\u00f5es prospectivas<\/b>\u00a0<\/p>\n<p>Este comunicado pode conter declara\u00e7\u00f5es prospectivas baseadas nas previs\u00f5es atuais da equipe executiva da Bayer. Diversos riscos, incertezas e outros fatores, conhecidos ou desconhecidos, podem gerar diferen\u00e7as materiais entre os reais e futuros resultados, situa\u00e7\u00f5es financeiras, desenvolvimentos e desempenhos da empresa e as estimativas apresentadas aqui. Esses fatores incluem aqueles discutidos nos relat\u00f3rios p\u00fablicos da Bayer, dispon\u00edveis no <a href=\"https:\/\/www.bayer.com\/\" target=\"_blank\" rel=\"nofollow noopener\">site da empresa<\/a>. A companhia se isenta de qualquer responsabilidade pela atualiza\u00e7\u00e3o destas declara\u00e7\u00f5es prospectivas e pela precis\u00e3o de eventos e desenvolvimentos futuros.\u00a0<\/p>\n<p id=\"PURL\"><img loading=\"lazy\" decoding=\"async\" title=\"Cision\" width=\"12\" height=\"12\" alt=\"Cision\" src=\"https:\/\/c212.net\/c\/img\/favicon.png?sn=PT62975&amp;sd=2024-07-16\" \/> View original content:<a id=\"PRNURL\" rel=\"nofollow noopener\" href=\"https:\/\/www.prnewswire.com\/br\/comunicados-para-a-imprensa\/manejo-eficiente-de-fungicida-ajuda-a-combater-casos-atipicos-de-mancha-alvo-no-sistema-soja-algodao-302198555.html\" target=\"_blank\">https:\/\/www.prnewswire.com\/br\/comunicados-para-a-imprensa\/manejo-eficiente-de-fungicida-ajuda-a-combater-casos-atipicos-de-mancha-alvo-no-sistema-soja-algodao-302198555.html<\/a><\/p>\n<p>FONTE  Bayer<\/p>\n<\/div>\n<p><img decoding=\"async\" alt=\"\" src=\"https:\/\/rt.prnewswire.com\/rt.gif?NewsItemId=PT62975&amp;Transmission_Id=202407161507PR_NEWS_LATAM____PT62975&amp;DateId=20240716\" style=\"border:0px;width:1px;height:1px\" \/><\/p>\n<p>A <b>OESP<\/b> n\u00e3o \u00e9(s\u00e3o) respons\u00e1vel(is) por erros, incorre\u00e7\u00f5es, atrasos ou quaisquer decis\u00f5es tomadas por seus clientes com base nos Conte\u00fados ora disponibilizados, bem como tais Conte\u00fados n\u00e3o representam a opini\u00e3o da <b>OESP<\/b> e s\u00e3o de inteira responsabilidade da <b>PR Newswire Ltda<\/b><\/p>\n","protected":false},"excerpt":{"rendered":"Manchas apareceram no ponteiro do algod\u00e3o em diversas regi\u00f5es do estado de Mato Grosso e podem ser combatidas por solu\u00e7\u00f5es integradas que impedem o avan\u00e7o do in\u00f3culo no cultivo","protected":false},"author":1,"featured_media":0,"comment_status":"open","ping_status":"closed","sticky":false,"template":"","format":"standard","meta":{"_acf_changed":false,"inline_featured_image":false,"_monsterinsights_skip_tracking":false,"_monsterinsights_sitenote_active":false,"_monsterinsights_sitenote_note":"","_monsterinsights_sitenote_category":0,"footnotes":""},"categories":[29],"tags":[],"class_list":["post-97213","post","type-post","status-publish","format-standard","hentry","category-prnewseconomia"],"acf":[],"_links":{"self":[{"href":"https:\/\/bluestudio.estadao.com.br\/agencia-de-comunicacao\/wp-json\/wp\/v2\/posts\/97213","targetHints":{"allow":["GET"]}}],"collection":[{"href":"https:\/\/bluestudio.estadao.com.br\/agencia-de-comunicacao\/wp-json\/wp\/v2\/posts"}],"about":[{"href":"https:\/\/bluestudio.estadao.com.br\/agencia-de-comunicacao\/wp-json\/wp\/v2\/types\/post"}],"author":[{"embeddable":true,"href":"https:\/\/bluestudio.estadao.com.br\/agencia-de-comunicacao\/wp-json\/wp\/v2\/users\/1"}],"replies":[{"embeddable":true,"href":"https:\/\/bluestudio.estadao.com.br\/agencia-de-comunicacao\/wp-json\/wp\/v2\/comments?post=97213"}],"version-history":[{"count":0,"href":"https:\/\/bluestudio.estadao.com.br\/agencia-de-comunicacao\/wp-json\/wp\/v2\/posts\/97213\/revisions"}],"wp:attachment":[{"href":"https:\/\/bluestudio.estadao.com.br\/agencia-de-comunicacao\/wp-json\/wp\/v2\/media?parent=97213"}],"wp:term":[{"taxonomy":"category","embeddable":true,"href":"https:\/\/bluestudio.estadao.com.br\/agencia-de-comunicacao\/wp-json\/wp\/v2\/categories?post=97213"},{"taxonomy":"post_tag","embeddable":true,"href":"https:\/\/bluestudio.estadao.com.br\/agencia-de-comunicacao\/wp-json\/wp\/v2\/tags?post=97213"}],"curies":[{"name":"wp","href":"https:\/\/api.w.org\/{rel}","templated":true}]}}