{"id":97185,"date":"2024-07-16T12:13:00","date_gmt":"2024-07-16T15:13:00","guid":{"rendered":"https:\/\/bluestudio.estadao.com.br\/agencia-de-comunicacao\/prnewswire\/prnewsesportes\/la-nina-entenda-como-esse-fenomeno-pode-desencadear-a-rinite-alergica-2\/"},"modified":"2024-07-16T12:13:00","modified_gmt":"2024-07-16T15:13:00","slug":"la-nina-entenda-como-esse-fenomeno-pode-desencadear-a-rinite-alergica-2","status":"publish","type":"post","link":"https:\/\/bluestudio.estadao.com.br\/agencia-de-comunicacao\/prnewswire\/prnewsesportes\/la-nina-entenda-como-esse-fenomeno-pode-desencadear-a-rinite-alergica-2\/","title":{"rendered":"La Ni\u00f1a: Entenda como esse fen\u00f4meno pode desencadear a rinite al\u00e9rgica"},"content":{"rendered":"<p><b>PR NEWSWIRE<\/b><\/p>\n<div class=\"xn-content\">\n<p class=\"prntac\"><i>Descubra os sintomas e verifique como se prevenir das crises al\u00e9rgicas durante esse per\u00edodo de varia\u00e7\u00e3o de temperatura <\/i><\/p>\n<p id=\"temp_ReleaseStart\"><span class=\"legendSpanClass\"><span class=\"xn-location\">SAO PAULO<\/span><\/span>, <span class=\"legendSpanClass\">16 de julho de 2024<\/span> \/PRNewswire\/ &#8212; \u00c9 comum observar epis\u00f3dios de rinite al\u00e9rgica durante os momentos de queda de temperatura. O fen\u00f4meno La Ni\u00f1a, caracterizado pela diminui\u00e7\u00e3o de temperatura em alguns locais, pode ocasionar a manifesta\u00e7\u00e3o dos sintomas de alergia em alguns pacientes. Por isso, \u00e9 importante estar atento aos cuidados necess\u00e1rios. Para esclarecer este fen\u00f4meno, o Dr. Fabr\u00edzio Romano, especialista da unidade de consumo da Sanofi, Otorrinolaringologista, Doutor pela Universidade de S\u00e3o Paulo (USP) e Presidente da Associa\u00e7\u00e3o Brasileira de Otorrinolaringologia e Cirurgia C\u00e9rvico-Facial (ABORL-CCF), foi consultado para detalhar o porqu\u00ea a rinite al\u00e9rgica \u00e9 manifestada com maior \u00eanfase durante esse per\u00edodo.<\/p>\n<p class=\"prntaj\"><i>Como o La Ni\u00f1a contribui para quadros de alergia:<\/i><\/p>\n<p class=\"prntaj\">&#8220;Para iniciar essa conversa, \u00e9 importante esclarecer o que \u00e9 esse fen\u00f4meno e o que ocorre durante sua perman\u00eancia. O La Ni\u00f1a \u00e9 um fen\u00f4meno natural que consiste na diminui\u00e7\u00e3o da temperatura da superf\u00edcie das \u00e1guas do Oceano Pac\u00edfico Tropical Central e Oriental. Ele ocorre em intervalos vari\u00e1veis e tem dura\u00e7\u00e3o incerta, podendo permanecer de 1 a 3 anos. Sua principal caracter\u00edstica no Brasil \u00e9 a diminui\u00e7\u00e3o da temperatura e a mudan\u00e7a no regime de chuvas, com chuvas acima da m\u00e9dia em \u00e1reas das regi\u00f5es Norte e Nordeste e chuvas abaixo da m\u00e9dia nas regi\u00f5es Centro-Oeste e Sul do Brasil&#8221;, afirma o especialista.<\/p>\n<p class=\"prntaj\">Dr. Fabr\u00edzio Romano explica como esse fen\u00f4meno pode ajudar a desencadear a alergia: &#8220;De maneira geral, a baixa temperatura nos torna mais predispostos \u00e0s infec\u00e7\u00f5es respirat\u00f3rias. Al\u00e9m disso, as condi\u00e7\u00f5es do clima durante esse per\u00edodo j\u00e1 nos aproximam dos al\u00e9rgenos devido aos acontecimentos do dia a dia. \u00c9 o caso da utiliza\u00e7\u00e3o de blusas, agasalhos e cobertores que ficaram guardados por muito tempo, que exp\u00f5em os pacientes aos causadores de alergia, como mofo e p\u00f3. J\u00e1 em locais com aumento das chuvas, o excesso de umidade pode acentuar a presen\u00e7a de mofo e \u00e1caros, enquanto nos locais mais secos, al\u00e9m da diminui\u00e7\u00e3o da dispers\u00e3o de poluentes, a secura do ar pode irritar a mucosa nasal, respons\u00e1vel por filtrar part\u00edculas do ar, afetando as vias a\u00e9reas, tudo isso colaborando para o despertar das crises al\u00e9rgicas.&#8221;<\/p>\n<p class=\"prntaj\"><i>Como identificar a rinite al\u00e9rgica durante o La Ni\u00f1a e dicas de como evit\u00e1-la: <\/i><\/p>\n<p class=\"prntaj\">O especialista diz que \u00e9 importante estar atento aos sintomas para identificar um poss\u00edvel quadro de rinite al\u00e9rgica: &#8220;Quando o paciente \u00e9 exposto aos al\u00e9rgenos, os sintomas mais comuns s\u00e3o congest\u00e3o nasal, coriza, espirros, coceira nos olhos e no nariz, lacrimejamento e pele seca e com coceira&#8221;. Ele ressalta que o diagn\u00f3stico final deve ser feito por um m\u00e9dico especialista, mas observar os sinais do corpo j\u00e1 colabora para a r\u00e1pida identifica\u00e7\u00e3o do quadro e tratamento eficaz.<\/p>\n<p class=\"prntaj\">&#8220;Existem ainda formas de preven\u00e7\u00e3o, sendo o principal, garantir a redu\u00e7\u00e3o do contato com as subst\u00e2ncias que causam a sensibiliza\u00e7\u00e3o do organismo, ou seja, os al\u00e9rgenos, conhecidos popularmente como os gatilhos da alergia. Algumas recomenda\u00e7\u00f5es simples, mas eficientes, s\u00e3o: arejar os ambientes, evitar o ac\u00famulo de poeira, combater os pontos de mofo e umidade, trocar as roupas de cama com frequ\u00eancia, lavar as roupas e cobertores antes do uso e deixar, de prefer\u00eancia, secando ao sol, higienizar o nariz com solu\u00e7\u00e3o salina, se hidratar e evitar banhos muito quentes.&#8221;<\/p>\n<p class=\"prntaj\">Ele ainda complementa dizendo que o cuidado deve ser redobrado: &#8220;\u00c9 importante que os pacientes busquem se cuidar com o dobro de aten\u00e7\u00e3o durante esse per\u00edodo, pois at\u00e9 mesmo aqueles com quadros mais leves ou controlados podem observar a piora dos sintomas&#8221; e finaliza dizendo que o tratamento medicamentoso \u00e9 um forte aliado para o controle das crises al\u00e9rgicas. &#8220;Vale lembrar que atualmente existem os antial\u00e9rgicos de segunda gera\u00e7\u00e3o, que possuem a dura\u00e7\u00e3o prolongada princ\u00edpio ativo, proporcionando al\u00edvio dos sintomas sem causar efeitos indesejados. No mais, \u00e9 importante consultar um especialista no caso de sintomas duradouros e que n\u00e3o s\u00e3o aliviados por meio da medica\u00e7\u00e3o&#8221; explica o especialista.<\/p>\n<p class=\"prntaj\"><i>Dr. Fabr\u00edzio Romano \u00e9 otorrinolaringologista, doutor em ci\u00eancias pela FMUSP, p\u00f3s-doutorado em Otorrinolaringologia pela FMUSP-RP, atual Presidente da Associa\u00e7\u00e3o Brasileira de Otorrinolaringologia e cirurgia cervico-facial, e ex-presidente da Academia Brasileira de Rinologia.<\/i><\/p>\n<p class=\"prntaj\">Allegra, antial\u00e9rgico n\u00famero 1 do Brasil<sup>9<\/sup>, pertence ao portf\u00f3lio da unidade de consumo da Sanofi, que oferece solu\u00e7\u00f5es baseadas cientificamente e com o comprometimento com a sa\u00fade e \u00e0s necessidades do consumidor, que est\u00e3o sempre no centro de todas as tomadas de decis\u00f5es. No \u00faltimo ano, a vers\u00e3o pedi\u00e1trica ganhou a vers\u00e3o sem parabenos em sua f\u00f3rmula inovadora que n\u00e3o d\u00e1 sono*, por utilizar uma mol\u00e9cula mais moderna, de segunda gera\u00e7\u00e3o. (ALLEGRA&reg; (cloridrato de fexofenadina). Indica\u00e7\u00f5es: \u00e9 um anti-histam\u00ednico destinado ao tratamento das manifesta\u00e7\u00f5es al\u00e9rgicas, tais como sintomas de rinite al\u00e9rgica (incluindo espirros, obstru\u00e7\u00e3o nasal, prurido, coriza, conjuntivite al\u00e9rgica) e urtic\u00e1ria (erup\u00e7\u00e3o avermelhada e pruriginosa na pele). MS: 1.8620.0010. O USO DO MEDICAMENTO PODE TRAZER ALGUNS RISCOS. Leia atentamente a bula. SE PERSISTIREM OS SINTOMAS, O M\u00c9DICO DEVER\u00c1 SER CONSULTADO. MAT-BR-2400595). *Estudos n\u00e3o demonstraram associa\u00e7\u00e3o do uso do produto com altera\u00e7\u00e3o no padr\u00e3o do sono.\u00a0\u00a0<\/p>\n<p class=\"prntaj\"><i>Sobre a Sanofi<\/i> <br \/>Somos uma inovadora empresa global de sa\u00fade, movida por um prop\u00f3sito: buscamos os milagres da ci\u00eancia para melhorar a vida das pessoas [we chase the miracles of science to improve people&#8217;s lives]. Nossa equipe, em cerca de 100 pa\u00edses, dedica-se a transformar a pr\u00e1tica da medicina, possibilitando o imposs\u00edvel. Fornecemos op\u00e7\u00f5es de tratamento potencialmente decisivos e prote\u00e7\u00e3o vacinal essencial para milh\u00f5es de pessoas em todo o mundo, ao mesmo tempo em que colocamos a sustentabilidade e a responsabilidade social no centro de nossas ambi\u00e7\u00f5es.<\/p>\n<p id=\"PURL\"><img loading=\"lazy\" decoding=\"async\" title=\"Cision\" width=\"12\" height=\"12\" alt=\"Cision\" src=\"https:\/\/c212.net\/c\/img\/favicon.png?sn=PT62661&amp;sd=2024-07-16\" \/> View original content:<a id=\"PRNURL\" rel=\"nofollow noopener\" href=\"https:\/\/www.prnewswire.com\/br\/comunicados-para-a-imprensa\/la-nina-entenda-como-esse-fenomeno-pode-desencadear-a-rinite-alergica-302198280.html\" target=\"_blank\">https:\/\/www.prnewswire.com\/br\/comunicados-para-a-imprensa\/la-nina-entenda-como-esse-fenomeno-pode-desencadear-a-rinite-alergica-302198280.html<\/a><\/p>\n<p>FONTE  Sanofi<\/p>\n<\/div>\n<p><img decoding=\"async\" alt=\"\" src=\"https:\/\/rt.prnewswire.com\/rt.gif?NewsItemId=PT62661&amp;Transmission_Id=202407161100PR_NEWS_LATAM____PT62661&amp;DateId=20240716\" style=\"border:0px;width:1px;height:1px\" \/><\/p>\n<p>A <b>OESP<\/b> n\u00e3o \u00e9(s\u00e3o) respons\u00e1vel(is) por erros, incorre\u00e7\u00f5es, atrasos ou quaisquer decis\u00f5es tomadas por seus clientes com base nos Conte\u00fados ora disponibilizados, bem como tais Conte\u00fados n\u00e3o representam a opini\u00e3o da <b>OESP<\/b> e s\u00e3o de inteira responsabilidade da <b>PR Newswire Ltda<\/b><\/p>\n","protected":false},"excerpt":{"rendered":"Descubra os sintomas e verifique como se prevenir das crises al\u00e9rgicas durante esse per\u00edodo de varia\u00e7\u00e3o de temperatura","protected":false},"author":1,"featured_media":0,"comment_status":"open","ping_status":"closed","sticky":false,"template":"","format":"standard","meta":{"_acf_changed":false,"inline_featured_image":false,"_monsterinsights_skip_tracking":false,"_monsterinsights_sitenote_active":false,"_monsterinsights_sitenote_note":"","_monsterinsights_sitenote_category":0,"footnotes":""},"categories":[30],"tags":[],"class_list":["post-97185","post","type-post","status-publish","format-standard","hentry","category-prnewsesportes"],"acf":[],"_links":{"self":[{"href":"https:\/\/bluestudio.estadao.com.br\/agencia-de-comunicacao\/wp-json\/wp\/v2\/posts\/97185","targetHints":{"allow":["GET"]}}],"collection":[{"href":"https:\/\/bluestudio.estadao.com.br\/agencia-de-comunicacao\/wp-json\/wp\/v2\/posts"}],"about":[{"href":"https:\/\/bluestudio.estadao.com.br\/agencia-de-comunicacao\/wp-json\/wp\/v2\/types\/post"}],"author":[{"embeddable":true,"href":"https:\/\/bluestudio.estadao.com.br\/agencia-de-comunicacao\/wp-json\/wp\/v2\/users\/1"}],"replies":[{"embeddable":true,"href":"https:\/\/bluestudio.estadao.com.br\/agencia-de-comunicacao\/wp-json\/wp\/v2\/comments?post=97185"}],"version-history":[{"count":0,"href":"https:\/\/bluestudio.estadao.com.br\/agencia-de-comunicacao\/wp-json\/wp\/v2\/posts\/97185\/revisions"}],"wp:attachment":[{"href":"https:\/\/bluestudio.estadao.com.br\/agencia-de-comunicacao\/wp-json\/wp\/v2\/media?parent=97185"}],"wp:term":[{"taxonomy":"category","embeddable":true,"href":"https:\/\/bluestudio.estadao.com.br\/agencia-de-comunicacao\/wp-json\/wp\/v2\/categories?post=97185"},{"taxonomy":"post_tag","embeddable":true,"href":"https:\/\/bluestudio.estadao.com.br\/agencia-de-comunicacao\/wp-json\/wp\/v2\/tags?post=97185"}],"curies":[{"name":"wp","href":"https:\/\/api.w.org\/{rel}","templated":true}]}}