{"id":97144,"date":"2024-07-15T16:58:00","date_gmt":"2024-07-15T19:58:00","guid":{"rendered":"https:\/\/bluestudio.estadao.com.br\/agencia-de-comunicacao\/releases\/releases-geral\/founders-no-brasil-enfrentam-desafios-de-saude-mental\/"},"modified":"2024-07-15T16:58:00","modified_gmt":"2024-07-15T19:58:00","slug":"founders-no-brasil-enfrentam-desafios-de-saude-mental","status":"publish","type":"post","link":"https:\/\/bluestudio.estadao.com.br\/agencia-de-comunicacao\/releases\/releases-geral\/founders-no-brasil-enfrentam-desafios-de-saude-mental\/","title":{"rendered":"Founders no Brasil enfrentam desafios de sa\u00fade mental"},"content":{"rendered":"<p><b>DINO DIVULGADOR DE NOT\u00cdCIAS<\/b><\/p>\n<p>Florian\u00f3polis\/SC&#8211;(<a target='_blank' href='http:\/\/www.dino.com.br' rel=\"noopener\">DINO<\/a> &#8211; 15 jul, 2024) &#8211; <\/p>\n<div class='flex-shrink-0 flex flex-col relative items-end'>\n<div class='pt-0.5 juice:pt-0'>\n<div class='gizmo-bot-avatar flex h-6 w-6 items-center justify-center overflow-hidden rounded-full juice:h-8 juice:w-8'>\n<div class='relative p-1 rounded-sm flex items-center justify-center bg-token-main-surface-primary text-token-text-primary h-8 w-8'>\nNo cen&aacute;rio brasileiro de startups, os founders enfrentam uma dura realidade: a sa&uacute;de mental est&aacute; sendo seriamente comprometida. As press&otilde;es e desafios di&aacute;rios, exacerbados por fatores espec&iacute;ficos do Brasil, tornam a jornada empreendedora ainda mais &aacute;rdua.<\/p>\n<p>Leandro Piazza, fundador da 49 Educa&ccedil;&atilde;o, destaca que a sa&uacute;de mental dos founders precisa ser uma prioridade. &ldquo;Muitos empreendedores n&atilde;o est&atilde;o preparados para lidar com o n&iacute;vel de estresse e press&atilde;o que enfrentam diariamente,&rdquo; afirma Piazza.<\/p>\n<p>Os dados s&atilde;o alarmantes. Segundo uma pesquisa realizada pela <a rel=\"follow noopener\" target='_blank' href='https:\/\/sifted.eu\/articles\/founder-mental-health-2024'>Sifted<\/a>, 55% dos fundadores disseram que sofrem de ins&ocirc;nia, enquanto 53% sofrem de esgotamento. No Brasil, esses n&uacute;meros s&atilde;o amplificados pelas cargas tribut&aacute;rias elevadas, alta do d&oacute;lar, dificuldade em encontrar talentos qualificados e a desigualdade na competi&ccedil;&atilde;o com grandes empresas.<\/p>\n<p>Al&eacute;m disso, a escassez de talentos qualificados no mercado brasileiro &eacute; um desafio significativo. De acordo com o &ldquo;<a rel=\"follow noopener\" target='_blank' href='https:\/\/blog.google\/intl\/pt-br\/produtos\/a-escassez-dos-profissionais-de-tecnologia-no-brasil-e-seu-consequente-impacto-no-ecossistema-de-startups\/'>Panorama de Talentos em Tecnologia 2023<\/a>&rdquo;, um relat&oacute;rio global do Google for Startups, 92% das startups brasileiras acreditam que h&aacute; uma escassez de profissionais de tecnologia no pa&iacute;s. Startups frequentemente lutam para atrair e reter profissionais competentes, competindo com grandes empresas que oferecem sal&aacute;rios e benef&iacute;cios mais atrativos. Essa dificuldade em formar equipes eficientes aumenta a carga de trabalho dos founders, que muitas vezes se veem obrigados a assumir m&uacute;ltiplas fun&ccedil;&otilde;es dentro da empresa.<\/p>\n<p>Essas press&otilde;es se somam a um ambiente j&aacute; vol&aacute;til e imprevis&iacute;vel, resultando em altos n&iacute;veis de ansiedade e burnout entre os founders. Sem um suporte adequado, muitos acabam desenvolvendo problemas s&eacute;rios de sa&uacute;de mental. &Eacute; crucial que o ecossistema empreendedor brasileiro reconhe&ccedil;a esses desafios e promova uma cultura de apoio e conscientiza&ccedil;&atilde;o.<\/p>\n<p>Leandro Piazza, fundador da 49 Educa&ccedil;&atilde;o refor&ccedil;a a import&acirc;ncia de cuidar da sa&uacute;de mental: &ldquo;Precisamos criar ambientes onde os empreendedores se sintam apoiados e possam buscar ajuda sem medo de serem julgados. A sa&uacute;de mental deve ser uma prioridade.&rdquo;<\/p>\n<p>Em resposta a esses desafios, &eacute; essencial que sejam implementadas pol&iacute;ticas de suporte &agrave; sa&uacute;de mental, como programas de mentoria, redes de apoio e acesso a servi&ccedil;os de sa&uacute;de mental. Empresas e investidores tamb&eacute;m t&ecirc;m um papel fundamental em criar um ambiente mais saud&aacute;vel e sustent&aacute;vel para os empreendedores.<\/p>\n<p>A jornada de um founder no Brasil &eacute; repleta de desafios &uacute;nicos. Abordar a sa&uacute;de mental de maneira proativa n&atilde;o s&oacute; beneficiar&aacute; os indiv&iacute;duos, mas tamb&eacute;m fortalecer&aacute; todo o ecossistema de startups, promovendo inova&ccedil;&atilde;o e crescimento sustent&aacute;vel.<\/p>\n<\/div>\n<\/div>\n<\/div>\n<\/div>\n<p>Website: <a target='_blank' href='https:\/\/49educacao.com.br' rel=\"follow noopener\">https:\/\/49educacao.com.br<\/a><img src='https:\/\/api.dino.com.br\/v2\/news\/tr\/306035' alt='' style='border:0px;width:1px;height:1px' \/><br \/>\nA <b>OESP<\/b> n\u00e3o \u00e9(s\u00e3o) respons\u00e1vel(is) por erros, incorre\u00e7\u00f5es, atrasos ou quaisquer decis\u00f5es tomadas por seus clientes com base nos Conte\u00fados ora disponibilizados, bem como tais Conte\u00fados n\u00e3o representam a opini\u00e3o da <b>OESP<\/b> e s\u00e3o de inteira responsabilidade da <b>Dino Divulgador de Noticias Online Ltda<\/b><\/p>\n","protected":false},"excerpt":{"rendered":"Florian\u00f3polis\/SC&#8211;(DINO &#8211; 15 jul, 2024) &#8211; \nNo cen&aacute;rio brasileiro de startups, os founders enfrentam uma dura realidade: a sa&uacute;de mental est&aacute; sendo seriamente","protected":false},"author":1,"featured_media":0,"comment_status":"open","ping_status":"closed","sticky":false,"template":"","format":"standard","meta":{"_acf_changed":false,"inline_featured_image":false,"_monsterinsights_skip_tracking":false,"_monsterinsights_sitenote_active":false,"_monsterinsights_sitenote_note":"","_monsterinsights_sitenote_category":0,"footnotes":""},"categories":[34],"tags":[],"class_list":["post-97144","post","type-post","status-publish","format-standard","hentry","category-releases-geral"],"acf":[],"_links":{"self":[{"href":"https:\/\/bluestudio.estadao.com.br\/agencia-de-comunicacao\/wp-json\/wp\/v2\/posts\/97144","targetHints":{"allow":["GET"]}}],"collection":[{"href":"https:\/\/bluestudio.estadao.com.br\/agencia-de-comunicacao\/wp-json\/wp\/v2\/posts"}],"about":[{"href":"https:\/\/bluestudio.estadao.com.br\/agencia-de-comunicacao\/wp-json\/wp\/v2\/types\/post"}],"author":[{"embeddable":true,"href":"https:\/\/bluestudio.estadao.com.br\/agencia-de-comunicacao\/wp-json\/wp\/v2\/users\/1"}],"replies":[{"embeddable":true,"href":"https:\/\/bluestudio.estadao.com.br\/agencia-de-comunicacao\/wp-json\/wp\/v2\/comments?post=97144"}],"version-history":[{"count":0,"href":"https:\/\/bluestudio.estadao.com.br\/agencia-de-comunicacao\/wp-json\/wp\/v2\/posts\/97144\/revisions"}],"wp:attachment":[{"href":"https:\/\/bluestudio.estadao.com.br\/agencia-de-comunicacao\/wp-json\/wp\/v2\/media?parent=97144"}],"wp:term":[{"taxonomy":"category","embeddable":true,"href":"https:\/\/bluestudio.estadao.com.br\/agencia-de-comunicacao\/wp-json\/wp\/v2\/categories?post=97144"},{"taxonomy":"post_tag","embeddable":true,"href":"https:\/\/bluestudio.estadao.com.br\/agencia-de-comunicacao\/wp-json\/wp\/v2\/tags?post=97144"}],"curies":[{"name":"wp","href":"https:\/\/api.w.org\/{rel}","templated":true}]}}