{"id":97113,"date":"2024-07-15T11:12:00","date_gmt":"2024-07-15T14:12:00","guid":{"rendered":"https:\/\/bluestudio.estadao.com.br\/agencia-de-comunicacao\/prnewswire\/prnewsesportes\/um-dia-no-parque-e-realizado-no-parque-das-neblinas-pela-terceira-vez-2\/"},"modified":"2024-07-15T11:12:00","modified_gmt":"2024-07-15T14:12:00","slug":"um-dia-no-parque-e-realizado-no-parque-das-neblinas-pela-terceira-vez-2","status":"publish","type":"post","link":"https:\/\/bluestudio.estadao.com.br\/agencia-de-comunicacao\/prnewswire\/prnewsesportes\/um-dia-no-parque-e-realizado-no-parque-das-neblinas-pela-terceira-vez-2\/","title":{"rendered":"Um Dia no Parque \u00e9 realizado no Parque das Neblinas pela terceira vez"},"content":{"rendered":"<p><b>PR NEWSWIRE<\/b><\/p>\n<div class=\"xn-content\">\n<i>A campanha promove o contato das pessoas com a natureza por meio da visita\u00e7\u00e3o em \u00e1reas naturais<\/i><\/p>\n<p><span class=\"legendSpanClass\"><span class=\"xn-location\">SAO PAULO<\/span><\/span>, <span class=\"legendSpanClass\">15 de julho de 2024<\/span> \/PRNewswire\/ &#8212; Fomentando a import\u00e2ncia e os benef\u00edcios do contato das pessoas com a natureza, a campanha &#8220;Um Dia no Parque&#8221; realiza a terceira edi\u00e7\u00e3o no Parque das Neblinas. Com o tema &#8220;Natureza para todas as pessoas&#8221;, o evento acontecer\u00e1 no dia 21 de julho e \u00e9 promovido pela Coaliza\u00e7\u00e3o Pr\u00f3-UCs (Pr\u00f3 Unidades de Conserva\u00e7\u00e3o da Natureza). A campanha espera levar mais de 100 mil pessoas \u00e0 Unidades de Conserva\u00e7\u00e3o participantes e busca conectar as pessoas com ambientes naturais e faz\u00ea-las sentir parte das Unidades de Conserva\u00e7\u00e3o.<\/p>\n<div class=\"PRN_ImbeddedAssetReference\" id=\"DivAssetPlaceHolder1\">\n<a href=\"https:\/\/mma.prnewswire.com\/media\/2461405\/Adventure_Camp.html\" target=\"_blank\" rel=\"nofollow noopener\">  <img decoding=\"async\" src=\"https:\/\/mma.prnewswire.com\/media\/2461405\/Adventure_Camp.jpg\" title=\"\" alt=\"\" \/><\/a>\n <\/p>\n<\/p><\/div>\n<p>A participa\u00e7\u00e3o do Parque das Neblinas, reserva ambiental da\u00a0<a href=\"https:\/\/www.suzano.com.br\/\" target=\"_blank\" rel=\"nofollow noopener\"><b>Suzano<\/b><\/a> gerida pelo <a href=\"http:\/\/www.ecofuturo.org.br\/\" target=\"_blank\" rel=\"nofollow noopener\"><b>Instituto Ecofuturo<\/b><\/a>, refor\u00e7a o contato de pessoas com a natureza e a realiza\u00e7\u00e3o de atividades ao ar livre. A programa\u00e7\u00e3o no Parque inclui atividades como trilhas monitoradas e autoguiadas, cicloturismo, Trilha do Mirante e Trilha da Pedra Riscada. Neste ano, os participantes tamb\u00e9m poder\u00e3o participar de duas atividades especiais: a confec\u00e7\u00e3o de mudas de plantas nativas e a Oficina Di\u00e1rio na Natureza, que consiste em estimular o olhar por meio de registros sobre a experi\u00eancia no ambiente natural. A pr\u00e1tica encoraja as pessoas a descobrirem, pensarem e lembrarem das experi\u00eancias que tiveram atrav\u00e9s do registro, permitindo enriquecimento de momentos e constru\u00e7\u00e3o de hist\u00f3rias.<\/p>\n<p>Os valores das atividades variam entre <span class=\"xn-money\">R$ 50<\/span> a <span class=\"xn-money\">R$ 75<\/span> por pessoa. Os descritivos das atividades podem ser\u00a0acessados <a href=\"http:\/\/www.ecofuturo.org.br\/projeto\/parque-das-neblinas\/atividades\/\" target=\"_blank\" rel=\"nofollow noopener\"><b>aqui<\/b><\/a>. Al\u00e9m das atividades, os visitantes poder\u00e3o contratar e desfrutar da culin\u00e1ria do Gaia Caf\u00e9 &amp; Restaurante, parceiro do Parque que prepara refei\u00e7\u00f5es com frutos nativos da Mata Atl\u00e2ntica, como cambuci e ju\u00e7ara.<\/p>\n<p>A Coaliz\u00e3o Pr\u00f3-Unidades de Conserva\u00e7\u00e3o \u00e9 um grupo de institui\u00e7\u00f5es que se prop\u00f5e a congregar empresas e organiza\u00e7\u00f5es da sociedade civil comprometidas com a valoriza\u00e7\u00e3o e a defesa das Unidades de Conserva\u00e7\u00e3o da Natureza. Integram a Coaliz\u00e3o: Rede Pr\u00f3 UC &#8211; Rede Nacional Pr\u00f3 Unidades de Conserva\u00e7\u00e3o, Funda\u00e7\u00e3o SOS Mata Atl\u00e2ntica, Conserva\u00e7\u00e3o Internacional &#8211; CI Brasil, Funda\u00e7\u00e3o Grupo Botic\u00e1rio de Prote\u00e7\u00e3o \u00e0 Natureza, Imaflora &#8211; Instituto de Manejo e Certifica\u00e7\u00e3o Florestal e Agr\u00edcola, FUNBIO &#8211; Fundo Brasileiro para a Biodiversidade, Instituto Semeia, WWF-Brasil, The Nature Conservancy &#8211; TNC Brasil, Imazon &#8211; Instituto do Homem e Meio Ambiente da Amaz\u00f4nia, IP\u00ca &#8211; Instituto de Pesquisas Ecol\u00f3gicas e a UICN-Brasil &#8211; Uni\u00e3o Internacional para a Conserva\u00e7\u00e3o da Natureza.<\/p>\n<p>Para mais informa\u00e7\u00f5es e agendamentos, entre em contato previamente pelo e-mail: <a href=\"mailto:parquedasneblinas@ecofuturo.org.br\" target=\"_blank\" rel=\"nofollow noopener\">parquedasneblinas@ecofuturo.org.br<\/a>\u00a0ou pelo telefone: (11) 4724-0555.<\/p>\n<p><b>Sobre o Parque das Neblinas<\/b> <br \/>Reconhecido pelo Programa Homem e Biosfera da UNESCO como Posto Avan\u00e7ado da Reserva da Biosfera da Mata Atl\u00e2ntica, o Parque das Neblinas \u00e9 uma reserva ambiental da Suzano, gerida pelo Ecofuturo, com 7 mil hectares. No local, s\u00e3o desenvolvidas atividades de ecoturismo, pesquisa cient\u00edfica, educa\u00e7\u00e3o ambiental, manejo e restaura\u00e7\u00e3o florestal e participa\u00e7\u00e3o comunit\u00e1ria.\u00a0<\/p>\n<p class=\"prntaj\"><span><a href=\"http:\/\/www.planin.com\/\" target=\"_blank\" rel=\"nofollow noopener\"><span><b><span>Planin<\/span><\/b><\/span><\/a><\/span><span><b><span>?-?Assessoria de Imprensa da <\/span><\/b><\/span><span><a href=\"http:\/\/www.suzano.com.br\/\" target=\"_blank\" rel=\"nofollow noopener\"><span><b><span>Suzano<\/span><\/b><\/span><\/a><\/span><span>\u00a0<\/span><span> <br \/><\/span><span>Ang\u00e9lica Consiglio, Beatriz Imenes e equipe -?<\/span><span><a href=\"http:\/\/www.planin.com\/\" target=\"_blank\" rel=\"nofollow noopener\"><span>www.planin.com<\/span><\/a><\/span><span>?<\/span><span> <br \/><\/span><span>Contato: <span class=\"xn-person\">Eduarda Lopes<\/span>, Thallyta Nunes e Ma\u00edra Telles<\/span><span> <br \/><\/span><a href=\"mailto:suzano@planin.com\" target=\"_blank\" rel=\"nofollow noopener\"><span>suzano@planin.com<\/span><\/a><span>?- Tel.: (11) 2138-8949<\/span><span>\u00a0<\/span><\/p>\n<p>Foto &#8211; <a href=\"https:\/\/mma.prnewswire.com\/media\/2461405\/Adventure_Camp.jpg\" target=\"_blank\" rel=\"nofollow noopener\">https:\/\/mma.prnewswire.com\/media\/2461405\/Adventure_Camp.jpg<\/a><br \/>Foto &#8211; <a href=\"https:\/\/mma.prnewswire.com\/media\/2461406\/Lethicia_Galo__12.jpg\" target=\"_blank\" rel=\"nofollow noopener\">https:\/\/mma.prnewswire.com\/media\/2461406\/Lethicia_Galo__12.jpg<\/a><\/p>\n<div class=\"PRN_ImbeddedAssetReference\" id=\"DivAssetPlaceHolder2\">\n<a href=\"https:\/\/mma.prnewswire.com\/media\/2461406\/Lethicia_Galo__12.html\" target=\"_blank\" rel=\"nofollow noopener\">  <img decoding=\"async\" src=\"https:\/\/mma.prnewswire.com\/media\/2461406\/Lethicia_Galo__12.jpg\" title=\"\" alt=\"\" \/><\/a>\n <\/p>\n<\/div>\n<p id=\"PURL\"><img loading=\"lazy\" decoding=\"async\" title=\"Cision\" width=\"12\" height=\"12\" alt=\"Cision\" src=\"https:\/\/c212.net\/c\/img\/favicon.png?sn=PT61439&amp;sd=2024-07-15\" \/> View original content to download multimedia:<a id=\"PRNURL\" rel=\"nofollow noopener\" href=\"https:\/\/www.prnewswire.com\/br\/comunicados-para-a-imprensa\/um-dia-no-parque-e-realizado-no-parque-das-neblinas-pela-terceira-vez-302196938.html\" target=\"_blank\">https:\/\/www.prnewswire.com\/br\/comunicados-para-a-imprensa\/um-dia-no-parque-e-realizado-no-parque-das-neblinas-pela-terceira-vez-302196938.html<\/a><\/p>\n<p>FONTE  Parque das Neblinas<\/p>\n<\/div>\n<p><img decoding=\"async\" alt=\"\" src=\"https:\/\/rt.prnewswire.com\/rt.gif?NewsItemId=PT61439&amp;Transmission_Id=202407151000PR_NEWS_LATAM____PT61439&amp;DateId=20240715\" style=\"border:0px;width:1px;height:1px\" \/><\/p>\n<p>A <b>OESP<\/b> n\u00e3o \u00e9(s\u00e3o) respons\u00e1vel(is) por erros, incorre\u00e7\u00f5es, atrasos ou quaisquer decis\u00f5es tomadas por seus clientes com base nos Conte\u00fados ora disponibilizados, bem como tais Conte\u00fados n\u00e3o representam a opini\u00e3o da <b>OESP<\/b> e s\u00e3o de inteira responsabilidade da <b>PR Newswire Ltda<\/b><\/p>\n","protected":false},"excerpt":{"rendered":"Fomentando a import\u00e2ncia e os benef\u00edcios do contato das pessoas com a natureza, a campanha &#8220;Um Dia no Parque&#8221; realiza a terceira edi\u00e7\u00e3o no Parque das Neblinas. Com o tema &#8220;Naturez","protected":false},"author":1,"featured_media":0,"comment_status":"open","ping_status":"closed","sticky":false,"template":"","format":"standard","meta":{"_acf_changed":false,"inline_featured_image":false,"_monsterinsights_skip_tracking":false,"_monsterinsights_sitenote_active":false,"_monsterinsights_sitenote_note":"","_monsterinsights_sitenote_category":0,"footnotes":""},"categories":[30],"tags":[],"class_list":["post-97113","post","type-post","status-publish","format-standard","hentry","category-prnewsesportes"],"acf":[],"_links":{"self":[{"href":"https:\/\/bluestudio.estadao.com.br\/agencia-de-comunicacao\/wp-json\/wp\/v2\/posts\/97113","targetHints":{"allow":["GET"]}}],"collection":[{"href":"https:\/\/bluestudio.estadao.com.br\/agencia-de-comunicacao\/wp-json\/wp\/v2\/posts"}],"about":[{"href":"https:\/\/bluestudio.estadao.com.br\/agencia-de-comunicacao\/wp-json\/wp\/v2\/types\/post"}],"author":[{"embeddable":true,"href":"https:\/\/bluestudio.estadao.com.br\/agencia-de-comunicacao\/wp-json\/wp\/v2\/users\/1"}],"replies":[{"embeddable":true,"href":"https:\/\/bluestudio.estadao.com.br\/agencia-de-comunicacao\/wp-json\/wp\/v2\/comments?post=97113"}],"version-history":[{"count":0,"href":"https:\/\/bluestudio.estadao.com.br\/agencia-de-comunicacao\/wp-json\/wp\/v2\/posts\/97113\/revisions"}],"wp:attachment":[{"href":"https:\/\/bluestudio.estadao.com.br\/agencia-de-comunicacao\/wp-json\/wp\/v2\/media?parent=97113"}],"wp:term":[{"taxonomy":"category","embeddable":true,"href":"https:\/\/bluestudio.estadao.com.br\/agencia-de-comunicacao\/wp-json\/wp\/v2\/categories?post=97113"},{"taxonomy":"post_tag","embeddable":true,"href":"https:\/\/bluestudio.estadao.com.br\/agencia-de-comunicacao\/wp-json\/wp\/v2\/tags?post=97113"}],"curies":[{"name":"wp","href":"https:\/\/api.w.org\/{rel}","templated":true}]}}