{"id":97002,"date":"2024-07-11T15:12:00","date_gmt":"2024-07-11T18:12:00","guid":{"rendered":"https:\/\/bluestudio.estadao.com.br\/agencia-de-comunicacao\/prnewswire\/prnewsinternacional\/king-koil-estara-presente-no-open-select-um-dos-maiores-eventos-de-design-do-brasil\/"},"modified":"2024-07-11T15:12:00","modified_gmt":"2024-07-11T18:12:00","slug":"king-koil-estara-presente-no-open-select-um-dos-maiores-eventos-de-design-do-brasil","status":"publish","type":"post","link":"https:\/\/bluestudio.estadao.com.br\/agencia-de-comunicacao\/prnewswire\/prnewsinternacional\/king-koil-estara-presente-no-open-select-um-dos-maiores-eventos-de-design-do-brasil\/","title":{"rendered":"King Koil estar\u00e1 presente no Open Select, um dos maiores eventos de design do Brasil"},"content":{"rendered":"<p><b>PR NEWSWIRE<\/b><\/p>\n<div class=\"xn-content\">\n<p class=\"prntac\"><i>A <span class=\"xn-person\">King Koil<\/span>, l\u00edder global na fabrica\u00e7\u00e3o de colch\u00f5es, marcar\u00e1 presen\u00e7a na feira Open Select com o <span class=\"xn-person\">King Koil Crystal<\/span>, o colch\u00e3o mais tecnol\u00f3gico do Brasil.<\/i><\/p>\n<p><span class=\"legendSpanClass\"><span class=\"xn-person\">MONTE MOR<\/span>, Brasil<\/span>, <span class=\"legendSpanClass\">11 de julho de 2024<\/span> \/PRNewswire\/ &#8212; Exclusivo no pa\u00eds, o King\u00a0Koil Crystal \u00e9 o \u00fanico colch\u00e3o com tr\u00eas tipos de molas no Brasil, adaptando-se perfeitamente aos contornos do corpo para proporcionar um conforto superior e uma experi\u00eancia de sono incompar\u00e1vel. Reconhecida como a marca preferida pelos melhores arquitetos do Brasil, a <span class=\"xn-person\">King Koil<\/span> continua a inovar e a definir padr\u00f5es de excel\u00eancia no mercado.<\/p>\n<div class=\"PRN_ImbeddedAssetReference\" id=\"DivAssetPlaceHolder7687\">\n<a href=\"https:\/\/mma.prnewswire.com\/media\/2459553\/divulga__o_prnews___open_select_Prancheta_1.html\" target=\"_blank\" rel=\"nofollow noopener\"><img decoding=\"async\" src=\"https:\/\/mma.prnewswire.com\/media\/2459553\/divulga__o_prnews___open_select_Prancheta_1.jpg\" title=\"\" alt=\"\" \/><\/a><\/p>\n<\/div>\n<p>O Open Select, evento que busca promover o design independente do sul do Brasil, acontece no Instituto LING, um importante centro cultural em <span class=\"xn-location\">Porto Alegre<\/span> projetado pelo arquiteto brasileiro <span class=\"xn-person\">Isay Weinfield<\/span>. A feira acontece no dia 26\/07, das 14 \u00e0s 20 horas e nos dias 27 e 28\/07 das 11 \u00e0s 20 horas.<\/p>\n<p>O tema dessa edi\u00e7\u00e3o \u00e9 &#8220;Casa de Afeto&#8221;, um conceito de reconex\u00e3o do morador com a sua identidade. Estar\u00e3o presentes na feira cole\u00e7\u00f5es que incluem vestu\u00e1rios, brinquedos, itens de cozinha e objetos originais que evoquem ancestralidades e tragam novos enredos para o lar, tornando a casa um local de acolhimento e feito para contar hist\u00f3rias.<\/p>\n<p>O encontro \u00e9 promovido pela OPEN Design Independente, organiza\u00e7\u00e3o criada por <span class=\"xn-person\">Camila Farina<\/span> que visa gerar conex\u00f5es entre designers independentes e promover a cultura do design no sul do Brasil.<\/p>\n<p>Site do evento: <a href=\"https:\/\/www.opendesignindependente.com.br\/casadeafeto\" target=\"_blank\" rel=\"nofollow noopener\">https:\/\/www.opendesignindependente.com.br\/casadeafeto<\/a>\u00a0<\/p>\n<p>Sobre a <span class=\"xn-person\">King Koil<\/span>:<br \/>A <span class=\"xn-person\">King Koil<\/span> \u00e9 l\u00edder global na fabrica\u00e7\u00e3o de colch\u00f5es e faz quest\u00e3o de inovar sem perder a ess\u00eancia da sua tradi\u00e7\u00e3o. Por isso, combina o melhor da tecnologia americana com materiais nobres, resultando em produtos reconhecidos e desejados no mundo inteiro. No Brasil, os colch\u00f5es <span class=\"xn-person\">King Koil<\/span> s\u00e3o desenvolvidos pela CBP, uma das maiores f\u00e1bricas da Am\u00e9rica Latina na produ\u00e7\u00e3o de espumas de poliuretanos e colch\u00f5es.<\/p>\n<p>Foto &#8211; <a href=\"https:\/\/mma.prnewswire.com\/media\/2459553\/divulga__o_prnews___open_select_Prancheta_1.jpg\" target=\"_blank\" rel=\"nofollow noopener\">https:\/\/mma.prnewswire.com\/media\/2459553\/divulga__o_prnews___open_select_Prancheta_1.jpg<\/a><\/p>\n<div class=\"PRN_ImbeddedAssetReference\" id=\"DivAssetPlaceHolder0\"><\/div>\n<p id=\"PURL\"><img loading=\"lazy\" decoding=\"async\" title=\"Cision\" width=\"12\" height=\"12\" alt=\"Cision\" src=\"https:\/\/c212.net\/c\/img\/favicon.png?sn=PT59676&amp;sd=2024-07-11\" \/> View original content to download multimedia:<a id=\"PRNURL\" rel=\"nofollow noopener\" href=\"https:\/\/www.prnewswire.com\/br\/comunicados-para-a-imprensa\/king-koil-estara-presente-no-open-select-um-dos-maiores-eventos-de-design-do-brasil-302195168.html\" target=\"_blank\">https:\/\/www.prnewswire.com\/br\/comunicados-para-a-imprensa\/king-koil-estara-presente-no-open-select-um-dos-maiores-eventos-de-design-do-brasil-302195168.html<\/a><\/p>\n<p>FONTE  King Koil<\/p>\n<\/div>\n<p><img decoding=\"async\" alt=\"\" src=\"https:\/\/rt.prnewswire.com\/rt.gif?NewsItemId=PT59676&amp;Transmission_Id=202407111400PR_NEWS_LATAM____PT59676&amp;DateId=20240711\" style=\"border:0px;width:1px;height:1px\" \/><\/p>\n<p>A <b>OESP<\/b> n\u00e3o \u00e9(s\u00e3o) respons\u00e1vel(is) por erros, incorre\u00e7\u00f5es, atrasos ou quaisquer decis\u00f5es tomadas por seus clientes com base nos Conte\u00fados ora disponibilizados, bem como tais Conte\u00fados n\u00e3o representam a opini\u00e3o da <b>OESP<\/b> e s\u00e3o de inteira responsabilidade da <b>PR Newswire Ltda<\/b><\/p>\n","protected":false},"excerpt":{"rendered":"A King Koil, l\u00edder global na fabrica\u00e7\u00e3o de colch\u00f5es, marcar\u00e1 presen\u00e7a na feira Open Select com o King Koil Crystal, o colch\u00e3o mais tecnol\u00f3gico do Brasil.","protected":false},"author":1,"featured_media":0,"comment_status":"open","ping_status":"closed","sticky":false,"template":"","format":"standard","meta":{"_acf_changed":false,"inline_featured_image":false,"_monsterinsights_skip_tracking":false,"_monsterinsights_sitenote_active":false,"_monsterinsights_sitenote_note":"","_monsterinsights_sitenote_category":0,"footnotes":""},"categories":[31],"tags":[],"class_list":["post-97002","post","type-post","status-publish","format-standard","hentry","category-prnewsinternacional"],"acf":[],"_links":{"self":[{"href":"https:\/\/bluestudio.estadao.com.br\/agencia-de-comunicacao\/wp-json\/wp\/v2\/posts\/97002","targetHints":{"allow":["GET"]}}],"collection":[{"href":"https:\/\/bluestudio.estadao.com.br\/agencia-de-comunicacao\/wp-json\/wp\/v2\/posts"}],"about":[{"href":"https:\/\/bluestudio.estadao.com.br\/agencia-de-comunicacao\/wp-json\/wp\/v2\/types\/post"}],"author":[{"embeddable":true,"href":"https:\/\/bluestudio.estadao.com.br\/agencia-de-comunicacao\/wp-json\/wp\/v2\/users\/1"}],"replies":[{"embeddable":true,"href":"https:\/\/bluestudio.estadao.com.br\/agencia-de-comunicacao\/wp-json\/wp\/v2\/comments?post=97002"}],"version-history":[{"count":0,"href":"https:\/\/bluestudio.estadao.com.br\/agencia-de-comunicacao\/wp-json\/wp\/v2\/posts\/97002\/revisions"}],"wp:attachment":[{"href":"https:\/\/bluestudio.estadao.com.br\/agencia-de-comunicacao\/wp-json\/wp\/v2\/media?parent=97002"}],"wp:term":[{"taxonomy":"category","embeddable":true,"href":"https:\/\/bluestudio.estadao.com.br\/agencia-de-comunicacao\/wp-json\/wp\/v2\/categories?post=97002"},{"taxonomy":"post_tag","embeddable":true,"href":"https:\/\/bluestudio.estadao.com.br\/agencia-de-comunicacao\/wp-json\/wp\/v2\/tags?post=97002"}],"curies":[{"name":"wp","href":"https:\/\/api.w.org\/{rel}","templated":true}]}}