{"id":96945,"date":"2024-07-10T18:02:00","date_gmt":"2024-07-10T21:02:00","guid":{"rendered":"https:\/\/bluestudio.estadao.com.br\/agencia-de-comunicacao\/releases\/releases-geral\/sao-paulo-recebe-o-projeto-gratuito-ferias-culturais\/"},"modified":"2024-07-10T18:02:00","modified_gmt":"2024-07-10T21:02:00","slug":"sao-paulo-recebe-o-projeto-gratuito-ferias-culturais","status":"publish","type":"post","link":"https:\/\/bluestudio.estadao.com.br\/agencia-de-comunicacao\/releases\/releases-geral\/sao-paulo-recebe-o-projeto-gratuito-ferias-culturais\/","title":{"rendered":"S\u00e3o Paulo recebe o projeto gratuito F\u00e9rias Culturais"},"content":{"rendered":"<p><b>DINO DIVULGADOR DE NOT\u00cdCIAS<\/b><\/p>\n<p>S\u00e3o Paulo&#8211;(<a target='_blank' href='http:\/\/www.dino.com.br' rel=\"noopener\">DINO<\/a> &#8211; 10 jul, 2024) &#8211;<br \/>\nA cidade de S&atilde;o Paulo recebe, este m&ecirc;s, a segunda etapa do F&eacute;rias Culturais, um projeto de atividades de integra&ccedil;&atilde;o realizado pela Secretaria da Cultura que visitar&aacute; cerca de vinte Casas de Cultura da capital paulista com atra&ccedil;&otilde;es divertidas para toda a fam&iacute;lia. O projeto vai trazer recrea&ccedil;&atilde;o e cultura para o per&iacute;odo de f&eacute;rias escolares, proporcionando a manuten&ccedil;&atilde;o de uma rotina ativa e saud&aacute;vel estimulando as brincadeiras e a pr&aacute;tica de atividades f&iacute;sicas.<\/p>\n<p>Durante as ativa&ccedil;&otilde;es, que acontecem das 10h &agrave;s 17h, os participantes v&atilde;o se entreter com atividades culturais como oficinas de pe&ccedil;as de teatro, conta&ccedil;&atilde;o de hist&oacute;rias, m&uacute;sicas, teatro de marionetes e de fantoche, shows de m&aacute;gica, entre outras atividades. E se divertir&atilde;o com pintura facial, brinquedos infl&aacute;veis e recrea&ccedil;&otilde;es infantis onde poder&atilde;o realizar brincadeiras de rua como bambol&ecirc;, pular corda, p&eacute; de lata, corredor de bolinhas e outros. E ainda haver&aacute; distribui&ccedil;&atilde;o de pipoca e algod&atilde;o doce<\/p>\n<p>O espa&ccedil;o reservado para a Oficina de Pinturas ter&aacute; o tema &ldquo;Monalisas Brasileiras&rdquo;, um projeto do artista pl&aacute;stico Dilson Cavalcanti, que prop&otilde;e a cria&ccedil;&atilde;o de imagens de mulheres do nossos pa&iacute;s, com a inspira&ccedil;&atilde;o na famosa pintura de Da Vinci. Durante o F&eacute;rias Culturais o artista visitar&aacute; as unidades para realizar oficinas e workshops com os participantes.<\/p>\n<p>&nbsp;<\/p>\n<p><strong>Calend&aacute;rio segunda etapa:<\/strong><\/p>\n<p>04,05, 06 e 07 de julho<\/p>\n<p>10,11,12 e 14 de julho<\/p>\n<p>18,19,20 e 21 de julho<\/p>\n<p>25,26 e 28 de julho<\/p>\n<p>Hor&aacute;rio: das 10h &agrave;s 17h<\/p>\n<p>&nbsp;<\/p>\n<p><strong>Locais:<\/strong><\/p>\n<p>Casa de Cultura Butant&atilde; &#8211; Rua Junta Mizumoto, 13 &#8211; Jd. Peri Peri<\/p>\n<p>Casa de Cultura Campo Limpo &#8211; Dora Nascimento &#8211; Rua Aroldo de Azevedo, 100 &#8211; Jd. Ref&uacute;gio<\/p>\n<p>Casa de Cultura Chico Science &#8211; Av. Tancredo Neves, 1265 &#8211; V. Nancy<\/p>\n<p>Casa de Cultura Hip Hop Sul &#8211; Rua Sant&#8217;ana, 201 &#8211; V. S&atilde;o Pedro<\/p>\n<p>Casa de Cultura de Santo Amaro &#8211; Julio Guerra &#8211; Pra&ccedil;a Floriano Peixoto, 131 &#8211; Santo Amaro<\/p>\n<p>Casa de Cultura Santo Amaro &#8211; Manoel Mendon&ccedil;a &#8211; Pra&ccedil;a Dr. Francisco Ferreira, 434 &#8211; Santo Amaro<\/p>\n<p>Casa de Cultura M&#8217;Boi Mirim&nbsp;&nbsp;&nbsp;&nbsp; Av. In&aacute;cio Dias da Silva, s\/n &#8211; Piraporinha<\/p>\n<p>Polo Cultural e Criativo Ch&aacute;cara do Jockey &#8211; Rua Santa Cresc&ecirc;ncia,&nbsp;201,&nbsp; Portaria&nbsp;5&nbsp;&#8211;&nbsp;Ferreira<\/p>\n<p>Casa de Cultura Brasil&acirc;ndia &#8211; Pra&ccedil;a Benedicta Cavalheiro, s\/n&ordm; (altura 1450 da est do Sab&atilde;o) &#8211; Brasil&acirc;ndia<\/p>\n<p>Casa de Cultura Freguesia do &Oacute; &#8211; Salvador Ligabue &nbsp;&#8211; Largo da Matriz, 215 &#8211; Freguesia do &Oacute;<\/p>\n<p>Casa de Cultura V. Guilherme &ndash; Casar&atilde;o &#8211; Pra&ccedil;a Oscar Silva, 110 &#8211; Vila Guilherme<\/p>\n<p>Casa de Cultura do Trememb&eacute; &#8211; R. Maria Am&aacute;lia Lopes de Azevedo, 190 &#8211; Trememb&eacute;<\/p>\n<p>Casa de Cultura Guaianases &#8211; Rua Castelo de Le&ccedil;a, s\/n &#8211; Jd. Soares<\/p>\n<p>Casa de Cultura S&atilde;o Mateus &#8211; Rua Monte Mandir&aacute;, 40 &#8211; Jardim 9 de Julho<\/p>\n<p>Casa de Cultura S&atilde;o Miguel Paulista &#8211; Rua Irineu Bonardi, 168 &#8211; Alto Pedroso<\/p>\n<p>Casa de Cultura S&atilde;o Rafael &#8211; Rua Quaresma Delgado, 354 &#8211; Pq. S&atilde;o Rafael<\/p>\n<p>Casa de Cultura Itaquera &#8211; Raul Seixas &#8211; R. Murm&uacute;rios da Tarde, 211 &#8211; Conj. Residencial Jos&eacute; Bonif&aacute;cio<\/p>\n<p>Casa de Cultura Hip Hop Leste &#8211; Av Sarah Kubistchek, 165 &#8211; Cidade Tiradentes (ao lado do Terminal da C. Tiradentes)<\/p>\n<p>Casa de Cultura Itaim Paulista &#8211; Rua Monte Camberela, 490 &#8211; Itaim Paulista<\/p>\n<p>CIEJA L&eacute;lia Gonzalez- Pra&ccedil;a do Trabalhador &#8211; Jardim Maria Fernandes (em frente ao Terminal Varginha).<\/p>\n<p>A <b>OESP<\/b> n\u00e3o \u00e9(s\u00e3o) respons\u00e1vel(is) por erros, incorre\u00e7\u00f5es, atrasos ou quaisquer decis\u00f5es tomadas por seus clientes com base nos Conte\u00fados ora disponibilizados, bem como tais Conte\u00fados n\u00e3o representam a opini\u00e3o da <b>OESP<\/b> e s\u00e3o de inteira responsabilidade da <b>Dino Divulgador de Noticias Online Ltda<\/b><\/p>\n","protected":false},"excerpt":{"rendered":"S\u00e3o Paulo&#8211;(DINO &#8211; 10 jul, 2024) &#8211;\nA cidade de S&atilde;o Paulo recebe, este m&ecirc;s, a segunda etapa do F&eacute;rias Culturais, um projeto de atividades de integra&ccedil;&amp;ati","protected":false},"author":1,"featured_media":0,"comment_status":"open","ping_status":"closed","sticky":false,"template":"","format":"standard","meta":{"_acf_changed":false,"inline_featured_image":false,"_monsterinsights_skip_tracking":false,"_monsterinsights_sitenote_active":false,"_monsterinsights_sitenote_note":"","_monsterinsights_sitenote_category":0,"footnotes":""},"categories":[34],"tags":[],"class_list":["post-96945","post","type-post","status-publish","format-standard","hentry","category-releases-geral"],"acf":[],"_links":{"self":[{"href":"https:\/\/bluestudio.estadao.com.br\/agencia-de-comunicacao\/wp-json\/wp\/v2\/posts\/96945","targetHints":{"allow":["GET"]}}],"collection":[{"href":"https:\/\/bluestudio.estadao.com.br\/agencia-de-comunicacao\/wp-json\/wp\/v2\/posts"}],"about":[{"href":"https:\/\/bluestudio.estadao.com.br\/agencia-de-comunicacao\/wp-json\/wp\/v2\/types\/post"}],"author":[{"embeddable":true,"href":"https:\/\/bluestudio.estadao.com.br\/agencia-de-comunicacao\/wp-json\/wp\/v2\/users\/1"}],"replies":[{"embeddable":true,"href":"https:\/\/bluestudio.estadao.com.br\/agencia-de-comunicacao\/wp-json\/wp\/v2\/comments?post=96945"}],"version-history":[{"count":0,"href":"https:\/\/bluestudio.estadao.com.br\/agencia-de-comunicacao\/wp-json\/wp\/v2\/posts\/96945\/revisions"}],"wp:attachment":[{"href":"https:\/\/bluestudio.estadao.com.br\/agencia-de-comunicacao\/wp-json\/wp\/v2\/media?parent=96945"}],"wp:term":[{"taxonomy":"category","embeddable":true,"href":"https:\/\/bluestudio.estadao.com.br\/agencia-de-comunicacao\/wp-json\/wp\/v2\/categories?post=96945"},{"taxonomy":"post_tag","embeddable":true,"href":"https:\/\/bluestudio.estadao.com.br\/agencia-de-comunicacao\/wp-json\/wp\/v2\/tags?post=96945"}],"curies":[{"name":"wp","href":"https:\/\/api.w.org\/{rel}","templated":true}]}}