{"id":96834,"date":"2024-07-08T13:57:00","date_gmt":"2024-07-08T16:57:00","guid":{"rendered":"https:\/\/bluestudio.estadao.com.br\/agencia-de-comunicacao\/prnewswire\/prnewsinternacional\/mexs-latam-2024-discute-inovacoes-em-cosmiatria-e-lanca-novo-protocolo-de-tratamento\/"},"modified":"2024-07-08T13:57:00","modified_gmt":"2024-07-08T16:57:00","slug":"mexs-latam-2024-discute-inovacoes-em-cosmiatria-e-lanca-novo-protocolo-de-tratamento","status":"publish","type":"post","link":"https:\/\/bluestudio.estadao.com.br\/agencia-de-comunicacao\/prnewswire\/prnewsinternacional\/mexs-latam-2024-discute-inovacoes-em-cosmiatria-e-lanca-novo-protocolo-de-tratamento\/","title":{"rendered":"MEXS LATAM 2024 discute inova\u00e7\u00f5es em cosmiatria e lan\u00e7a novo protocolo de tratamento"},"content":{"rendered":"<p><b>PR NEWSWIRE<\/b><\/p>\n<div class=\"xn-content\">\n<p class=\"prntac\"><i>A grande novidade do evento desse ano foi o lan\u00e7amento do V-Lift, uma t\u00e9cnica que utiliza Radiesse para promover a bioestimula\u00e7\u00e3o regenerativa de col\u00e1geno e trata o envelhecimento facial sem cirurgia<\/i><\/p>\n<p id=\"temp_ReleaseStart\"><span class=\"legendSpanClass\">S\u00c3O PAULO<\/span>, <span class=\"legendSpanClass\">8 de julho de 2024<\/span> \/PRNewswire\/ &#8212;\u00a0Em sua nona edi\u00e7\u00e3o, o MerzAesthetics Expert Summit (MEXS) Latam reuniu mais de 500 m\u00e9dicos em S\u00e3o Paulo para discutir as novidades e tend\u00eancias em tratamentos est\u00e9ticos minimamente invasivos. O tema desse ano -The BEaUty of being YOU (BEaUty)-, abordou os procedimentos que ajudam a valorizar a beleza natural de cada paciente, aumentando sua autoestima e confian\u00e7a, com destaque para o lan\u00e7amento do V-lift, que \u00e9 uma t\u00e9cnica desenvolvida para prevenir e tratar o envelhecimento facial sem cirurgia, utilizando Radiesse Collection.<\/p>\n<div class=\"PRN_ImbeddedAssetReference\" id=\"DivAssetPlaceHolder9312\">\n<a href=\"https:\/\/mma.prnewswire.com\/media\/2455061\/Can_Gumus_3.html\" target=\"_blank\" rel=\"nofollow noopener\"><img decoding=\"async\" src=\"https:\/\/mma.prnewswire.com\/media\/2455061\/Can_Gumus_3.jpg\" title=\"\" alt=\"\" \/><\/a><\/p>\n<\/div>\n<p class=\"prntaj\">&#8220;O V-Lift \u00e9 uma t\u00e9cnica que n\u00e3o foca apenas no volume. N\u00f3s utilizamos a linha Radiesse Collection para reposicionar os ligamentos da face, criando um efeito de suspens\u00e3o que levanta todas as camadas anat\u00f4micas do rosto&#8221;, afirma a m\u00e9dica Virg\u00ednia Amaral (CRM 54040-MG), idealizadora da nova t\u00e9cnica.<\/p>\n<p class=\"prntaj\">A m\u00e9dica explica que o paciente tamb\u00e9m \u00e9 beneficiado com uma melhora na qualidade da pele e estrutura\u00e7\u00e3o facial tridimensional devido ao est\u00edmulo \u00e0 produ\u00e7\u00e3o de col\u00e1geno, elastina e outros componentes, ao promover a regenera\u00e7\u00e3o celular, prevenindo e retardando os sinais de envelhecimento. &#8220;Com o V-Lift, conseguimos um resultado facial natural e duradouro, sem cirurgia e sem necessidade de grandes volumes de preenchimento. Com essa nova t\u00e9cnica, conseguimos entregar aos nossos pacientes resultados impactantes de forma eficaz, regenerando a componentes anat\u00f4micos da face e reestabelecendo suas fun\u00e7\u00f5es essenciais&#8221;, completa a m\u00e9dica.<\/p>\n<p class=\"prntaj\">Durantes os dois dias desse que \u00e9 o maior evento de medicina est\u00e9tica da Am\u00e9rica Latina, os participantes assistiram a mais de 30 aulas sobre diferentes assuntos como medicina regenerativa, m\u00e9todos de aplica\u00e7\u00e3o e apresenta\u00e7\u00e3o de casos cl\u00ednicos.<\/p>\n<p class=\"prntaj\">Juliana Zimbres, m\u00e9dica dermatologista (CRM 124976-SP) e diretora de Assuntos M\u00e9dicos da Merz Aesthetics<sup>&reg;<\/sup> Latam explica que o MEXS \u00e9 um momento de troca importante para a comunidade m\u00e9dica especializada em cosmiatria na Am\u00e9rica Latina. &#8220;Um dos pilares do nosso trabalho \u00e9 a educa\u00e7\u00e3o m\u00e9dica continuada. Queremos que esses profissionais tenham acesso ao que h\u00e1 de mais inovador na medicina est\u00e9tica para que eles consigam tratar seus pacientes com confian\u00e7a, sabendo que est\u00e3o por dentro das t\u00e9cnicas mais inovadoras do mercado e utilizando produtos altamente eficazes e seguros,&#8221; disse.<\/p>\n<p class=\"prntaj\">Para <span class=\"xn-person\">Can Gumus<\/span>, presidente da Merz Aesthetics<sup>&reg;<\/sup> Latam, o Expert Summit j\u00e1 se tornou um marco para os profissionais da medicina est\u00e9tica. &#8220;Todos os anos, seja no MEXS global, seja no MEXS regional, como esse da Latam que aconteceu em S\u00e3o Paulo, nosso objetivo, al\u00e9m de trazer os profissionais de sa\u00fade mais inovadores no campo da medicina est\u00e9tica para compartilhar conhecimento entre si, \u00e9 incentiv\u00e1-los a sempre buscarem mais conhecimento. E, como a maior empresa do mundo dedicada \u00e0 medicina est\u00e9tica, \u00e9 nosso dever sermos aliados nessa jornada de constante atualiza\u00e7\u00e3o na \u00e1rea&#8221;, ressalta.<\/p>\n<p class=\"prntaj\">Gumus afirma ainda que ao oferecer oportunidades de atualiza\u00e7\u00e3o para os profissionais de sa\u00fade, o maior beneficiado \u00e9 o paciente. &#8220;Tudo o que fazemos \u00e9 com nosso paciente em mente. Por isso, queremos que a comunidade m\u00e9dica esteja atualizada e se sinta confiante para acolher a cada um que os procura. Pois, n\u00e3o se trata apenas de beleza, estamos falando de bem-estar&#8221;, completa o executivo que est\u00e1 na Merz Aesthetics h\u00e1 quase 20 anos.<\/p>\n<p class=\"prntaj\"><b>Atua\u00e7\u00e3o regional da Merz Aesthetics<\/b><\/p>\n<p class=\"prntaj\"><span class=\"xn-person\">Can Gumus<\/span> abriu o evento no Expo Transam\u00e9rica, ressaltando a import\u00e2ncia da Am\u00e9rica Latina para a Merz. &#8220;A Latam representa 15% dos neg\u00f3cios globalmente e queremos chegar aos 20% nos pr\u00f3ximos 5 anos. Essa \u00e9 a regi\u00e3o que mais cresce. Al\u00e9m disso, o Brasil \u00e9 o nosso maior mercado da regi\u00e3o e o terceiro do mundo dentro da Merz Aesthetics. Por isso, enxergamos muitas oportunidades e contamos com nossos parceiros para fortalecer ainda mais nossa presen\u00e7a e atua\u00e7\u00e3o&#8221;, afirmou.<\/p>\n<p class=\"prntaj\">A abertura do evento tamb\u00e9m contou com a participa\u00e7\u00e3o das embaixadoras da campanha #NiceToMeetMe: Sheron Menezzes (Brasil), <span class=\"xn-person\">Claudia Raia<\/span> (Brasil), Zaira Nara (<span class=\"xn-location\">Argentina<\/span>), Laura Tob\u00f3n (Col\u00f4mbia) e <span class=\"xn-person\">Karina Campos<\/span> (<span class=\"xn-location\">Costa Rica<\/span>), que falaram sobre a import\u00e2ncia dos tratamentos est\u00e9ticos injet\u00e1veis em suas jornadas de autoconhecimento e recupera\u00e7\u00e3o da autoestima p\u00f3s pandemia.<\/p>\n<p class=\"prntaj\"><b>MAX: Nova plataforma de educa\u00e7\u00e3o m\u00e9dica<\/b><\/p>\n<p class=\"prntaj\">Durante o Expert Summit Latam, os participantes tamb\u00e9m tiveram acesso pela primeira vez a um novo ecossistema educacional: o MAX &#8211; Merz Aesthetics Exchange.<\/p>\n<p class=\"prntaj\">Baseada em ci\u00eancia, a plataforma oferece uma abordagem abrangente para a educa\u00e7\u00e3o e desenvolvimento profissional de profissionais de sa\u00fade em todo o mundo, para aprender, se envolver e trocar conhecimentos.<\/p>\n<p class=\"prntaj\">O Merz Aesthetics Exchange oferece uma variedade de conte\u00fados para ajudar os profissionais de sa\u00fade com demonstra\u00e7\u00f5es de produtos, t\u00e9cnicas avan\u00e7adas, entrevistas com especialistas e palestras ao vivo &#8211; para garantir que os profissionais de sa\u00fade possam utilizar com seguran\u00e7a e efic\u00e1cia a gama completa do portf\u00f3lio de est\u00e9tica da Merz.<\/p>\n<p><b>Sobre a Merz Aesthetics\u00a0<\/b><\/p>\n<p class=\"prntaj\">\u00a0A Merz Aesthetics atua no segmento de medicina est\u00e9tica com uma longa hist\u00f3ria de empoderamento de profissionais de sa\u00fade, pacientes e colaboradores para viverem todos os dias com confian\u00e7a. Nosso objetivo \u00e9 ajudar as pessoas ao redor do mundo a se verem, se sentirem e viverem como as melhores vers\u00f5es de si mesmas ? seja qual for a defini\u00e7\u00e3o delas. Clinicamente comprovado, seu portf\u00f3lio de produtos inclui injet\u00e1veis, dispositivos e tratamentos de cuidados com a pele projetados para atender \u00e0s necessidades de cada paciente com altos padr\u00f5es de seguran\u00e7a e efic\u00e1cia. Sendo propriedade familiar h\u00e1 mais de 115 anos, a Merz Aesthetics \u00e9 conhecida por construir conex\u00f5es \u00fanicas com clientes que se sentem em fam\u00edlia. A sede global da Merz Aesthetics fica em <span class=\"xn-location\">Raleigh, N.C.<\/span>, EUA, com presen\u00e7a comercial em 90 pa\u00edses em todo o mundo. Tamb\u00e9m faz parte do Merz Group, fundado em 1908 e sediado em <span class=\"xn-location\">Frankfurt<\/span>, na Alemanha. Saiba mais em merzaesthetics.com.\u00a0<\/p>\n<div class=\"PRN_ImbeddedAssetReference\" id=\"DivAssetPlaceHolder1480\">\n<a href=\"https:\/\/mma.prnewswire.com\/media\/2455014\/plen_ria.html\" target=\"_blank\" rel=\"nofollow noopener\"><img decoding=\"async\" src=\"https:\/\/mma.prnewswire.com\/media\/2455014\/plen_ria.jpg\" title=\"\" alt=\"\" \/><\/a><\/p>\n<\/div>\n<p class=\"prntaj\">Foto &#8211; <a href=\"https:\/\/mma.prnewswire.com\/media\/2455061\/Can_Gumus_3.jpg\" target=\"_blank\" rel=\"nofollow noopener\">https:\/\/mma.prnewswire.com\/media\/2455061\/Can_Gumus_3.jpg<\/a> <br \/>Foto &#8211; <a href=\"https:\/\/mma.prnewswire.com\/media\/2455014\/plen_ria.jpg\" target=\"_blank\" rel=\"nofollow noopener\">https:\/\/mma.prnewswire.com\/media\/2455014\/plen_ria.jpg<\/a><\/p>\n<p class=\"prntaj\">\u00a0<\/p>\n<div class=\"PRN_ImbeddedAssetReference\" id=\"DivAssetPlaceHolder0\"><\/div>\n<p id=\"PURL\"><img loading=\"lazy\" decoding=\"async\" title=\"Cision\" width=\"12\" height=\"12\" alt=\"Cision\" src=\"https:\/\/c212.net\/c\/img\/favicon.png?sn=PT55318&amp;sd=2024-07-08\" \/> View original content to download multimedia:<a id=\"PRNURL\" rel=\"nofollow noopener\" href=\"https:\/\/www.prnewswire.com\/br\/comunicados-para-a-imprensa\/mexs-latam-2024-discute-inovacoes-em-cosmiatria-e-lanca-novo-protocolo-de-tratamento-302191053.html\" target=\"_blank\">https:\/\/www.prnewswire.com\/br\/comunicados-para-a-imprensa\/mexs-latam-2024-discute-inovacoes-em-cosmiatria-e-lanca-novo-protocolo-de-tratamento-302191053.html<\/a><\/p>\n<p>FONTE  Merz Aesthetics Latam<\/p>\n<\/div>\n<p><img decoding=\"async\" alt=\"\" src=\"https:\/\/rt.prnewswire.com\/rt.gif?NewsItemId=PT55318&amp;Transmission_Id=202407081249PR_NEWS_LATAM____PT55318&amp;DateId=20240708\" style=\"border:0px;width:1px;height:1px\" \/><\/p>\n<p>A <b>OESP<\/b> n\u00e3o \u00e9(s\u00e3o) respons\u00e1vel(is) por erros, incorre\u00e7\u00f5es, atrasos ou quaisquer decis\u00f5es tomadas por seus clientes com base nos Conte\u00fados ora disponibilizados, bem como tais Conte\u00fados n\u00e3o representam a opini\u00e3o da <b>OESP<\/b> e s\u00e3o de inteira responsabilidade da <b>PR Newswire Ltda<\/b><\/p>\n","protected":false},"excerpt":{"rendered":"A grande novidade do evento desse ano foi o lan\u00e7amento do V-Lift, uma t\u00e9cnica que utiliza Radiesse para promover a bioestimula\u00e7\u00e3o regenerativa de col\u00e1geno e trata o envelhecimento facial sem cirurgia","protected":false},"author":1,"featured_media":0,"comment_status":"open","ping_status":"closed","sticky":false,"template":"","format":"standard","meta":{"_acf_changed":false,"inline_featured_image":false,"_monsterinsights_skip_tracking":false,"_monsterinsights_sitenote_active":false,"_monsterinsights_sitenote_note":"","_monsterinsights_sitenote_category":0,"footnotes":""},"categories":[31],"tags":[],"class_list":["post-96834","post","type-post","status-publish","format-standard","hentry","category-prnewsinternacional"],"acf":[],"_links":{"self":[{"href":"https:\/\/bluestudio.estadao.com.br\/agencia-de-comunicacao\/wp-json\/wp\/v2\/posts\/96834","targetHints":{"allow":["GET"]}}],"collection":[{"href":"https:\/\/bluestudio.estadao.com.br\/agencia-de-comunicacao\/wp-json\/wp\/v2\/posts"}],"about":[{"href":"https:\/\/bluestudio.estadao.com.br\/agencia-de-comunicacao\/wp-json\/wp\/v2\/types\/post"}],"author":[{"embeddable":true,"href":"https:\/\/bluestudio.estadao.com.br\/agencia-de-comunicacao\/wp-json\/wp\/v2\/users\/1"}],"replies":[{"embeddable":true,"href":"https:\/\/bluestudio.estadao.com.br\/agencia-de-comunicacao\/wp-json\/wp\/v2\/comments?post=96834"}],"version-history":[{"count":0,"href":"https:\/\/bluestudio.estadao.com.br\/agencia-de-comunicacao\/wp-json\/wp\/v2\/posts\/96834\/revisions"}],"wp:attachment":[{"href":"https:\/\/bluestudio.estadao.com.br\/agencia-de-comunicacao\/wp-json\/wp\/v2\/media?parent=96834"}],"wp:term":[{"taxonomy":"category","embeddable":true,"href":"https:\/\/bluestudio.estadao.com.br\/agencia-de-comunicacao\/wp-json\/wp\/v2\/categories?post=96834"},{"taxonomy":"post_tag","embeddable":true,"href":"https:\/\/bluestudio.estadao.com.br\/agencia-de-comunicacao\/wp-json\/wp\/v2\/tags?post=96834"}],"curies":[{"name":"wp","href":"https:\/\/api.w.org\/{rel}","templated":true}]}}