{"id":96709,"date":"2024-07-03T12:21:00","date_gmt":"2024-07-03T15:21:00","guid":{"rendered":"https:\/\/bluestudio.estadao.com.br\/agencia-de-comunicacao\/releases\/releases-geral\/governo-nomeia-novos-membros-para-o-cg-icp-brasil\/"},"modified":"2024-07-03T12:21:00","modified_gmt":"2024-07-03T15:21:00","slug":"governo-nomeia-novos-membros-para-o-cg-icp-brasil","status":"publish","type":"post","link":"https:\/\/bluestudio.estadao.com.br\/agencia-de-comunicacao\/releases\/releases-geral\/governo-nomeia-novos-membros-para-o-cg-icp-brasil\/","title":{"rendered":"Governo nomeia novos membros para o CG ICP-Brasil"},"content":{"rendered":"<p><b>DINO DIVULGADOR DE NOT\u00cdCIAS<\/b><\/p>\n<p>Bras\u00edlia&#8211;(<a target='_blank' href='http:\/\/www.dino.com.br' rel=\"noopener\">DINO<\/a> &#8211; 03 jul, 2024) &#8211;<br \/>\nEm publica&ccedil;&atilde;o no Di&aacute;rio Oficial da Uni&atilde;o da &uacute;ltima quarta-feira, 26, o presidente Luiz In&aacute;cio Lula da Silva, em <a rel=\"follow noopener\" target='_blank' href='https:\/\/www.in.gov.br\/en\/web\/dou\/-\/decretos-de-25-de-junho-de-2024-567946718'>Decretos de 25 de junho de 2024<\/a>, designou os novos membros do Comit&ecirc; Gestor da Infraestrutura de Chaves P&uacute;blicas Brasileira (CG ICP-Brasil).<\/p>\n<p>O Comit&ecirc;, vinculado &agrave; Casa Civil da Presid&ecirc;ncia da Rep&uacute;blica, &eacute; um &oacute;rg&atilde;o colegiado integrado por representantes do governo e do setor privado e exerce a fun&ccedil;&atilde;o de autoridade gestora de pol&iacute;ticas de certifica&ccedil;&atilde;o digital no pa&iacute;s.<\/p>\n<p>Segundo os &uacute;ltimos n&uacute;meros do Instituto Nacional de Tecnologia da Informa&ccedil;&atilde;o &ndash; ITI, que ocupa a Secretaria-Executiva do Comit&ecirc;, h&aacute; mais de 12,5 milh&otilde;es de certificados digitais ativos no pa&iacute;s.<\/p>\n<p>Para o presidente executivo da Associa&ccedil;&atilde;o das Autoridades de Registro do Brasil (AARB), Jorge Prates, membro representante da sociedade civil no Comit&ecirc; Gestor, o colegiado &eacute; de extrema import&acirc;ncia para o di&aacute;logo com o poder p&uacute;blico. &ldquo;A partir do momento que temos este canal de comunica&ccedil;&atilde;o com diferentes setores da sociedade, podemos levar demandas que nem sempre est&atilde;o pr&oacute;ximas de uma determinada representatividade. Como lidamos diretamente com o p&uacute;blico final, aquele que necessita de um certificado digital, seja para uso pessoal ou para sua empresa, podemos levar determinados pleitos que possam melhorar o atendimento, a seguran&ccedil;a e a comodidade para o consumidor final. Afinal, o certificado digital ICP-Brasil significa n&atilde;o s&oacute; um meio de desburocratizar os processos com seguran&ccedil;a, mas de excel&ecirc;ncia no atendimento e na boa gest&atilde;o das autoridades de registro&rdquo;, diz.<\/p>\n<p>&nbsp;<\/p>\n<p><strong>Representantes do Governo Federal no CG ICP-Brasil:<\/strong><\/p>\n<p>Casa Civil da Presid&ecirc;ncia da Rep&uacute;blica<\/p>\n<p>Enylson Flavio Martinez Camolesi<\/p>\n<p>Suplente: Maur&iacute;cio Augusto Coelho<\/p>\n<p>&nbsp;<\/p>\n<p>Gabinete de Seguran&ccedil;a Institucional da Presid&ecirc;ncia da Rep&uacute;blica<\/p>\n<p>Victor Hugo da Silva<\/p>\n<p>Suplente: Heliton Sabino Br&iacute;glia Ferreira<\/p>\n<p>&nbsp;<\/p>\n<p>Minist&eacute;rio da Ci&ecirc;ncia, Tecnologia e Inova&ccedil;&atilde;o<\/p>\n<p>Rubens Caetano Barbosa de Souza<\/p>\n<p>Suplente: Alessandro Augusto Nunes Campos<\/p>\n<p>&nbsp;<\/p>\n<p>Minist&eacute;rio do Desenvolvimento, Ind&uacute;stria, Com&eacute;rcio e Servi&ccedil;os<\/p>\n<p>Juliana Ghizzi Pires<\/p>\n<p>Suplente: Ant&ocirc;nio Francisco Cruvinel<\/p>\n<p>&nbsp;<\/p>\n<p>Minist&eacute;rio da Fazenda<\/p>\n<p>Danielle Carvalho Cardoso<\/p>\n<p>Suplente: Sergio Roberto Fuchs da Silva<\/p>\n<p>&nbsp;<\/p>\n<p>Minist&eacute;rio da Gest&atilde;o e da Inova&ccedil;&atilde;o em Servi&ccedil;os P&uacute;blicos<\/p>\n<p>Hudson Vin&iacute;cius Mesquita<\/p>\n<p>Suplente: Leonardo Rodrigo Ferreira<\/p>\n<p>&nbsp;<\/p>\n<p>Minist&eacute;rio da Justi&ccedil;a e Seguran&ccedil;a P&uacute;blica<\/p>\n<p>Leonardo Garcia Greco<\/p>\n<p>Suplente: Rodrigo Albernaz Bezerra<\/p>\n<p>&nbsp;<\/p>\n<p><strong>Representantes da sociedade civil:<\/strong><\/p>\n<p>Titular: Sergio Paulo Gomes Gallindo | at&eacute; 10\/07\/2024<\/p>\n<p>Titular: Paulo S&eacute;rgio Sgobbi | a partir de 10\/07\/2024<\/p>\n<p>Suplente: Egon Lu&iacute;s Schaden J&uacute;nior | a partir de 10\/07\/2024<\/p>\n<p>&nbsp;<\/p>\n<p>Titular: Leonardo Gon&ccedil;alves<\/p>\n<p>Suplente: M&aacute;rcio Nunes da Silva<\/p>\n<p>&nbsp;<\/p>\n<p>Titular: Jorge Fernando Prates Ribeiro<\/p>\n<p>Suplente: Eduardo Leite de Assis<\/p>\n<p>&nbsp;<\/p>\n<p>Titular: C&eacute;lio de Siqueira Ribeiro<\/p>\n<p>Suplente: Roberto Alves Gallo Filho<\/p>\n<p>&nbsp;<\/p>\n<p>Titular: Giselle Dias Rodrigues Oliveira De Barros<\/p>\n<p>Suplente: Eduardo Calais Pereira<\/p>\n<p>Website: <a target='_blank' href='http:\/\/www.aarb.org.br' rel=\"follow noopener\">http:\/\/www.aarb.org.br<\/a><img src='https:\/\/api.dino.com.br\/v2\/news\/tr\/301075' alt='' style='border:0px;width:1px;height:1px' \/><br \/>\nA <b>OESP<\/b> n\u00e3o \u00e9(s\u00e3o) respons\u00e1vel(is) por erros, incorre\u00e7\u00f5es, atrasos ou quaisquer decis\u00f5es tomadas por seus clientes com base nos Conte\u00fados ora disponibilizados, bem como tais Conte\u00fados n\u00e3o representam a opini\u00e3o da <b>OESP<\/b> e s\u00e3o de inteira responsabilidade da <b>Dino Divulgador de Noticias Online Ltda<\/b><\/p>\n","protected":false},"excerpt":{"rendered":"Bras\u00edlia&#8211;(DINO &#8211; 03 jul, 2024) &#8211;\nEm publica&ccedil;&atilde;o no Di&aacute;rio Oficial da Uni&atilde;o da &uacute;ltima quarta-feira, 26, o presidente Luiz In&aacute;cio Lula da S","protected":false},"author":1,"featured_media":0,"comment_status":"open","ping_status":"closed","sticky":false,"template":"","format":"standard","meta":{"_acf_changed":false,"inline_featured_image":false,"_monsterinsights_skip_tracking":false,"_monsterinsights_sitenote_active":false,"_monsterinsights_sitenote_note":"","_monsterinsights_sitenote_category":0,"footnotes":""},"categories":[34],"tags":[],"class_list":["post-96709","post","type-post","status-publish","format-standard","hentry","category-releases-geral"],"acf":[],"_links":{"self":[{"href":"https:\/\/bluestudio.estadao.com.br\/agencia-de-comunicacao\/wp-json\/wp\/v2\/posts\/96709","targetHints":{"allow":["GET"]}}],"collection":[{"href":"https:\/\/bluestudio.estadao.com.br\/agencia-de-comunicacao\/wp-json\/wp\/v2\/posts"}],"about":[{"href":"https:\/\/bluestudio.estadao.com.br\/agencia-de-comunicacao\/wp-json\/wp\/v2\/types\/post"}],"author":[{"embeddable":true,"href":"https:\/\/bluestudio.estadao.com.br\/agencia-de-comunicacao\/wp-json\/wp\/v2\/users\/1"}],"replies":[{"embeddable":true,"href":"https:\/\/bluestudio.estadao.com.br\/agencia-de-comunicacao\/wp-json\/wp\/v2\/comments?post=96709"}],"version-history":[{"count":0,"href":"https:\/\/bluestudio.estadao.com.br\/agencia-de-comunicacao\/wp-json\/wp\/v2\/posts\/96709\/revisions"}],"wp:attachment":[{"href":"https:\/\/bluestudio.estadao.com.br\/agencia-de-comunicacao\/wp-json\/wp\/v2\/media?parent=96709"}],"wp:term":[{"taxonomy":"category","embeddable":true,"href":"https:\/\/bluestudio.estadao.com.br\/agencia-de-comunicacao\/wp-json\/wp\/v2\/categories?post=96709"},{"taxonomy":"post_tag","embeddable":true,"href":"https:\/\/bluestudio.estadao.com.br\/agencia-de-comunicacao\/wp-json\/wp\/v2\/tags?post=96709"}],"curies":[{"name":"wp","href":"https:\/\/api.w.org\/{rel}","templated":true}]}}