{"id":96562,"date":"2024-07-01T11:22:00","date_gmt":"2024-07-01T14:22:00","guid":{"rendered":"https:\/\/bluestudio.estadao.com.br\/agencia-de-comunicacao\/releases\/releases-geral\/casas-de-veraneio-sao-opcoes-para-festejos-de-fim-de-ano\/"},"modified":"2024-07-01T11:22:00","modified_gmt":"2024-07-01T14:22:00","slug":"casas-de-veraneio-sao-opcoes-para-festejos-de-fim-de-ano","status":"publish","type":"post","link":"https:\/\/bluestudio.estadao.com.br\/agencia-de-comunicacao\/releases\/releases-geral\/casas-de-veraneio-sao-opcoes-para-festejos-de-fim-de-ano\/","title":{"rendered":"Casas de veraneio s\u00e3o op\u00e7\u00f5es para festejos de fim de ano"},"content":{"rendered":"<p><b>DINO DIVULGADOR DE NOT\u00cdCIAS<\/b><\/p>\n<p>S\u00e3o Paulo, SP&#8211;(<a target='_blank' href='http:\/\/www.dino.com.br' rel=\"noopener\">DINO<\/a> &#8211; 01 jul, 2024) &#8211; <\/p>\n<p style='font-weight: 400' data-mce-style='font-weight: 400;'>O aluguel de acomoda\u00e7\u00f5es para as festas de fim de ano \u00e9 uma pr\u00e1tica comum e bastante procurada, especialmente em destinos tur\u00edsticos populares. As hospedagens dispon\u00edveis para essas datas n\u00e3o se resumem apenas a hot\u00e9is e pousadas que oferecem comodidade e conforto, h\u00e1 quem prefira reunir a fam\u00edlia e os amigos em acomoda\u00e7\u00f5es mais amplas.<\/p>\n<p style='font-weight: 400' data-mce-style='font-weight: 400;'>Nesse sentido, as casas de veraneio, que oferecem aluguel por temporada, se destacam como op\u00e7\u00f5es cotadas entre os viajantes. De acordo com um relat\u00f3rio da <a rel=\"follow noopener\" target='_blank' href='https:\/\/www.grandviewresearch.com\/industry-analysis\/vacation-rental-market' data-mce-target='_blank'>Grand View <\/a><a rel=\"follow noopener\" target='_blank' href='https:\/\/www.grandviewresearch.com\/industry-analysis\/vacation-rental-market' data-mce-target='_blank'>Research<\/a>, o segmento de casas liderou o mercado global de aluguel por temporada em 2023. Ainda de acordo com o relat\u00f3rio, os viajantes estariam mais propensos a alugar essas propriedades por temporada devido a sua acessibilidade, conforto e privacidade.<\/p>\n<p style='font-weight: 400' data-mce-style='font-weight: 400;'>Para Adriana Venturi, s\u00f3cia fundadora da<a rel=\"follow noopener\" target='_blank' href='https:\/\/www.casaveraneio.com\/' data-mce-target='_blank'> Casa Veraneio,<\/a> plataforma especializada em reservas de casas de alto padr\u00e3o, essas propriedades oferecem espa\u00e7os amplos que criam um ambiente acolhedor e \u00fanico. &#8216;Alugar uma casa de alto padr\u00e3o tem se mostrado uma tend\u00eancia crescente, combinando conforto, localiza\u00e7\u00e3o privilegiada, infraestrutura completa, seguran\u00e7a e a possibilidade de uma experi\u00eancia personalizada. Estes fatores explicam por que cada vez mais pessoas optam por essa alternativa para celebrar datas comemorativas, como Natal e R\u00e9veillon&#8217;, afirma Venturi.<\/p>\n<p style='font-weight: 400' data-mce-style='font-weight: 400;'>A infraestrutura dessas casas tamb\u00e9m pode ser um atrativo. &#8216;Os h\u00f3spedes valorizam as comodidades oferecidas, como piscinas, \u00e1reas de lazer, salas de cinema e spas privados??. Essas facilidades garantem que possam desfrutar de uma experi\u00eancia completa sem a necessidade de sair da propriedade&#8217;, explica a especialista.<\/p>\n<p style='font-weight: 400' data-mce-style='font-weight: 400;'><strong>&nbsp;<\/strong><\/p>\n<p style='font-weight: 400' data-mce-style='font-weight: 400;'><strong>Seguran\u00e7a e localiza\u00e7\u00e3o<\/strong><\/p>\n<p style='font-weight: 400' data-mce-style='font-weight: 400;'>Adriana ainda afirma que &#8216;os viajantes preferem locais com belas paisagens e f\u00e1cil acesso a pontos tur\u00edsticos, buscam destinos que ofere\u00e7am n\u00e3o apenas vistas deslumbrantes, mas tamb\u00e9m conveni\u00eancia e proximidade com eventos e atra\u00e7\u00f5es&#8217;.<\/p>\n<p>A seguran\u00e7a tamb\u00e9m \u00e9 um aspecto considerado por esse segmento de turistas, comenta Adriana. &#8216;Casas de alto padr\u00e3o geralmente contam com sistemas de seguran\u00e7a avan\u00e7ados e est\u00e3o localizadas em \u00e1reas exclusivas. Essa caracter\u00edstica \u00e9 particularmente valorizada em tempos onde a privacidade e a seguran\u00e7a pessoal s\u00e3o t\u00e3o essenciais&#8217;, pontua.<\/p>\n<p style='font-weight: 400' data-mce-style='font-weight: 400;'>\n<p><strong>Sobre a Casa Veraneio<\/strong><\/p>\n<p>A Casa Veraneio \u00e9 uma empresa que atua no setor de alugu\u00e9is por temporada, oferecendo uma variedade de propriedades de alto padr\u00e3o em diversas localidades do Brasil e do mundo. A empresa busca atender \u00e0 demanda crescente por acomoda\u00e7\u00f5es luxuosas e personalizadas, refletindo as tend\u00eancias observadas no mercado global de aluguel por temporada.<\/p>\n<p>Website: <a target='_blank' href='http:\/\/www.casaveraneio.com' rel=\"follow noopener\">http:\/\/www.casaveraneio.com<\/a><img src='https:\/\/api.dino.com.br\/v2\/news\/tr\/305617' alt='' style='border:0px;width:1px;height:1px' \/><br \/>\nA <b>OESP<\/b> n\u00e3o \u00e9(s\u00e3o) respons\u00e1vel(is) por erros, incorre\u00e7\u00f5es, atrasos ou quaisquer decis\u00f5es tomadas por seus clientes com base nos Conte\u00fados ora disponibilizados, bem como tais Conte\u00fados n\u00e3o representam a opini\u00e3o da <b>OESP<\/b> e s\u00e3o de inteira responsabilidade da <b>Dino Divulgador de Noticias Online Ltda<\/b><\/p>\n","protected":false},"excerpt":{"rendered":"S\u00e3o Paulo, SP&#8211;(DINO &#8211; 01 jul, 2024) &#8211; \nO aluguel de acomoda\u00e7\u00f5es para as festas de fim de ano \u00e9 uma pr\u00e1tica comum e b","protected":false},"author":1,"featured_media":0,"comment_status":"open","ping_status":"closed","sticky":false,"template":"","format":"standard","meta":{"_acf_changed":false,"inline_featured_image":false,"_monsterinsights_skip_tracking":false,"_monsterinsights_sitenote_active":false,"_monsterinsights_sitenote_note":"","_monsterinsights_sitenote_category":0,"footnotes":""},"categories":[34],"tags":[],"class_list":["post-96562","post","type-post","status-publish","format-standard","hentry","category-releases-geral"],"acf":[],"_links":{"self":[{"href":"https:\/\/bluestudio.estadao.com.br\/agencia-de-comunicacao\/wp-json\/wp\/v2\/posts\/96562","targetHints":{"allow":["GET"]}}],"collection":[{"href":"https:\/\/bluestudio.estadao.com.br\/agencia-de-comunicacao\/wp-json\/wp\/v2\/posts"}],"about":[{"href":"https:\/\/bluestudio.estadao.com.br\/agencia-de-comunicacao\/wp-json\/wp\/v2\/types\/post"}],"author":[{"embeddable":true,"href":"https:\/\/bluestudio.estadao.com.br\/agencia-de-comunicacao\/wp-json\/wp\/v2\/users\/1"}],"replies":[{"embeddable":true,"href":"https:\/\/bluestudio.estadao.com.br\/agencia-de-comunicacao\/wp-json\/wp\/v2\/comments?post=96562"}],"version-history":[{"count":0,"href":"https:\/\/bluestudio.estadao.com.br\/agencia-de-comunicacao\/wp-json\/wp\/v2\/posts\/96562\/revisions"}],"wp:attachment":[{"href":"https:\/\/bluestudio.estadao.com.br\/agencia-de-comunicacao\/wp-json\/wp\/v2\/media?parent=96562"}],"wp:term":[{"taxonomy":"category","embeddable":true,"href":"https:\/\/bluestudio.estadao.com.br\/agencia-de-comunicacao\/wp-json\/wp\/v2\/categories?post=96562"},{"taxonomy":"post_tag","embeddable":true,"href":"https:\/\/bluestudio.estadao.com.br\/agencia-de-comunicacao\/wp-json\/wp\/v2\/tags?post=96562"}],"curies":[{"name":"wp","href":"https:\/\/api.w.org\/{rel}","templated":true}]}}