{"id":96438,"date":"2024-06-28T12:46:00","date_gmt":"2024-06-28T15:46:00","guid":{"rendered":"https:\/\/bluestudio.estadao.com.br\/agencia-de-comunicacao\/releases\/releases-geral\/orgulho-lgbtqia-e-importante-para-70-no-brasil-diz-estudo\/"},"modified":"2024-06-28T12:46:00","modified_gmt":"2024-06-28T15:46:00","slug":"orgulho-lgbtqia-e-importante-para-70-no-brasil-diz-estudo","status":"publish","type":"post","link":"https:\/\/bluestudio.estadao.com.br\/agencia-de-comunicacao\/releases\/releases-geral\/orgulho-lgbtqia-e-importante-para-70-no-brasil-diz-estudo\/","title":{"rendered":"Orgulho LGBTQIA+ \u00e9 importante para 70% no Brasil, diz estudo"},"content":{"rendered":"<p><b>DINO DIVULGADOR DE NOT\u00cdCIAS<\/b><\/p>\n<p>(<a target='_blank' href='http:\/\/www.dino.com.br' rel=\"noopener\">DINO<\/a> &#8211; 28 jun, 2024) &#8211;<br \/>\nAs paradas e celebra&ccedil;&otilde;es a favor do Orgulho LGBTQIA+ s&atilde;o importantes para 70% dos brasileiros, segundo <a rel=\"follow noopener\" target='_blank' href='https:\/\/sbtnews.sbt.com.br\/noticia\/brasil\/pesquisa-aponta-que-paradas-do-orgulho-lgbtqia-sao-importantes-para-70-dos-brasileiros'>pesquisa do Instituto Locomotiva e QuestionPro<\/a>. O estudo revelou que as manifesta&ccedil;&otilde;es pela diversidade, ocorridas durante o m&ecirc;s de junho, t&ecirc;m maior apoio entre as mulheres (com 73%) e que o reconhecimento da import&acirc;ncia da luta pelos direitos de igualdade &eacute; mais comum entre pessoas da gera&ccedil;&atilde;o Z (18 a 29), com 77%.<\/p>\n<p>O m&ecirc;s do Orgulho LGBTQIA+ &eacute; comemorado em junho no Brasil e em diversos pa&iacute;ses. Historicamente, as <a rel=\"follow noopener\" target='_blank' href='https:\/\/www.educamaisbrasil.com.br\/educacao\/noticias\/por-que-o-mes-do-orgulho-lgbt-e-comemorado-em-junho'>celebra&ccedil;&otilde;es tiveram in&iacute;cio em cidades dos Estados Unidos em 1970<\/a>, por meio de marchas que protestavam contra a viol&ecirc;ncia policial, recordando um epis&oacute;dio de abordagem violenta ocorrido em Nova York em 28 de junho de 1969, e que buscavam a equipara&ccedil;&atilde;o de direitos para os homossexuais, j&aacute; que na &eacute;poca era proibida a rela&ccedil;&atilde;o entre duas pessoas do mesmo sexo.<\/p>\n<p>&ldquo;O dia 28 de junho &eacute; marcado pela celebra&ccedil;&atilde;o do Dia Internacional do Orgulho LGBTQIA+, que representa a luta por direitos e igualdade de pessoas que n&atilde;o aguentam mais sofrer tanto &oacute;dio e preconceito&rdquo;, afirma Juana Nascimento, CEO da Drika Brindes.<\/p>\n<p>A empres&aacute;ria destaca que, entre tantos desafios enfrentados pela comunidade LGBTQIA+, a dificuldade de inser&ccedil;&atilde;o no mercado de trabalho e a discrimina&ccedil;&atilde;o sofridas por colaboradores por conta da orienta&ccedil;&atilde;o sexual ou identidade de g&ecirc;nero, s&atilde;o obst&aacute;culos que precisam ser superados. &ldquo;Apesar do cen&aacute;rio ter apresentado melhora ao longo dos &uacute;ltimos anos, muitas organiza&ccedil;&otilde;es ainda n&atilde;o contratam LGBTQIA+ para cargos de chefia&rdquo;.&nbsp;<\/p>\n<p><strong>Brindes personalizados podem auxiliar em causa social<\/strong><\/p>\n<p>Juana ressalta a necessidade de colocar em pr&aacute;tica a&ccedil;&otilde;es educativas que incentivem a compreens&atilde;o das diferen&ccedil;as no ambiente de trabalho, como por exemplo, a distribui&ccedil;&atilde;o de material espec&iacute;fico para difundir apoio e acolhimento &agrave; causa LGBTQIA+.<\/p>\n<p>Conforme explica a empres&aacute;ria, uma estrat&eacute;gia pr&aacute;tica e segura que pode ser adotada pelas empresas durante o m&ecirc;s de junho &eacute; a distribui&ccedil;&atilde;o de brindes personalizados que enaltecem a diversidade. &ldquo;Somada a outras pr&aacute;ticas de promo&ccedil;&atilde;o de igualdade, os brindes ajudam a fortalecer a reputa&ccedil;&atilde;o das empresas que buscam um ambiente de trabalho justo e equitativo&rdquo;.<\/p>\n<p>Entre os brindes mais indicados por Nascimento em apoio ao p&uacute;blico LGBTQIA+ est&atilde;o o cord&atilde;o para crach&aacute;, bottons, cartelas de adesivos, sacolas ecobags e bandanas que carregam as cores do arco-&iacute;ris. &ldquo;Estas s&atilde;o excelentes formas de divulga&ccedil;&atilde;o das marcas que apoiam a igualdade e a luta contra o preconceito&rdquo;, destaca.<\/p>\n<p>A <b>OESP<\/b> n\u00e3o \u00e9(s\u00e3o) respons\u00e1vel(is) por erros, incorre\u00e7\u00f5es, atrasos ou quaisquer decis\u00f5es tomadas por seus clientes com base nos Conte\u00fados ora disponibilizados, bem como tais Conte\u00fados n\u00e3o representam a opini\u00e3o da <b>OESP<\/b> e s\u00e3o de inteira responsabilidade da <b>Dino Divulgador de Noticias Online Ltda<\/b><\/p>\n","protected":false},"excerpt":{"rendered":"(DINO &#8211; 28 jun, 2024) &#8211;\nAs paradas e celebra&ccedil;&otilde;es a favor do Orgulho LGBTQIA+ s&atilde;o importantes para 70% dos brasileiros, segundo pesquisa do Instituto Locomotiv","protected":false},"author":1,"featured_media":0,"comment_status":"open","ping_status":"closed","sticky":false,"template":"","format":"standard","meta":{"_acf_changed":false,"inline_featured_image":false,"_monsterinsights_skip_tracking":false,"_monsterinsights_sitenote_active":false,"_monsterinsights_sitenote_note":"","_monsterinsights_sitenote_category":0,"footnotes":""},"categories":[34],"tags":[],"class_list":["post-96438","post","type-post","status-publish","format-standard","hentry","category-releases-geral"],"acf":[],"_links":{"self":[{"href":"https:\/\/bluestudio.estadao.com.br\/agencia-de-comunicacao\/wp-json\/wp\/v2\/posts\/96438","targetHints":{"allow":["GET"]}}],"collection":[{"href":"https:\/\/bluestudio.estadao.com.br\/agencia-de-comunicacao\/wp-json\/wp\/v2\/posts"}],"about":[{"href":"https:\/\/bluestudio.estadao.com.br\/agencia-de-comunicacao\/wp-json\/wp\/v2\/types\/post"}],"author":[{"embeddable":true,"href":"https:\/\/bluestudio.estadao.com.br\/agencia-de-comunicacao\/wp-json\/wp\/v2\/users\/1"}],"replies":[{"embeddable":true,"href":"https:\/\/bluestudio.estadao.com.br\/agencia-de-comunicacao\/wp-json\/wp\/v2\/comments?post=96438"}],"version-history":[{"count":0,"href":"https:\/\/bluestudio.estadao.com.br\/agencia-de-comunicacao\/wp-json\/wp\/v2\/posts\/96438\/revisions"}],"wp:attachment":[{"href":"https:\/\/bluestudio.estadao.com.br\/agencia-de-comunicacao\/wp-json\/wp\/v2\/media?parent=96438"}],"wp:term":[{"taxonomy":"category","embeddable":true,"href":"https:\/\/bluestudio.estadao.com.br\/agencia-de-comunicacao\/wp-json\/wp\/v2\/categories?post=96438"},{"taxonomy":"post_tag","embeddable":true,"href":"https:\/\/bluestudio.estadao.com.br\/agencia-de-comunicacao\/wp-json\/wp\/v2\/tags?post=96438"}],"curies":[{"name":"wp","href":"https:\/\/api.w.org\/{rel}","templated":true}]}}