{"id":96361,"date":"2024-06-27T16:27:00","date_gmt":"2024-06-27T19:27:00","guid":{"rendered":"https:\/\/bluestudio.estadao.com.br\/agencia-de-comunicacao\/prnewswire\/prnewsinternacional\/ampliando-oportunidades-para-o-fortalecimento-de-organizacoes-da-sociedade-civil-de-todo-o-pais\/"},"modified":"2024-06-27T16:27:00","modified_gmt":"2024-06-27T19:27:00","slug":"ampliando-oportunidades-para-o-fortalecimento-de-organizacoes-da-sociedade-civil-de-todo-o-pais","status":"publish","type":"post","link":"https:\/\/bluestudio.estadao.com.br\/agencia-de-comunicacao\/prnewswire\/prnewsinternacional\/ampliando-oportunidades-para-o-fortalecimento-de-organizacoes-da-sociedade-civil-de-todo-o-pais\/","title":{"rendered":"Ampliando oportunidades para o fortalecimento de Organiza\u00e7\u00f5es da Sociedade Civil de todo o Pa\u00eds"},"content":{"rendered":"<p><b>PR NEWSWIRE<\/b><\/p>\n<div class=\"xn-content\">\n<p class=\"prntac\"><i>Antecipando o Programa de Apoio a Projetos Sociais, a Funda\u00e7\u00e3o <span class=\"xn-person\">Salvador Arena<\/span> lan\u00e7a o Esquenta PAPS 2025<\/i><\/p>\n<p><span class=\"legendSpanClass\">S\u00c3O PAULO<\/span>, <span class=\"legendSpanClass\">27 de junho de 2024<\/span> \/PRNewswire\/ &#8212; A Funda\u00e7\u00e3o <span class=\"xn-person\">Salvador Arena<\/span> anuncia o lan\u00e7amento do &#8220;Esquenta PAPS 2025&#8221;, uma iniciativa pioneira desenhada para preparar Organiza\u00e7\u00f5es da Sociedade Civil (OSCs) para melhor desempenho no edital do Programa de Apoio a Projetos Sociais (PAPS), que acontecer\u00e1 no m\u00eas de julho. Visando o fortalecimento de organiza\u00e7\u00f5es assistenciais, o PAPS apoia projetos que promovam transforma\u00e7\u00e3o social significativa nas comunidades mais vulner\u00e1veis do Brasil.<\/p>\n<div class=\"PRN_ImbeddedAssetReference\" id=\"DivAssetPlaceHolder1\">\n<a href=\"https:\/\/mma.prnewswire.com\/media\/2445390\/Programa_PAPS.html\" target=\"_blank\" rel=\"nofollow noopener\">  <img decoding=\"async\" src=\"https:\/\/mma.prnewswire.com\/media\/2445390\/Programa_PAPS.jpg\" title=\"\" alt=\"\" \/><\/a>\n <\/p>\n<\/p><\/div>\n<p class=\"prntaj\">O &#8220;Esquenta PAPS 2025&#8221;, assim como o PAPS, \u00e9 100% gratuito e incluir\u00e1 m\u00f3dulos intensivos sobre elabora\u00e7\u00e3o de projetos e propostas, abordando desde a diferencia\u00e7\u00e3o entre programa e projeto, at\u00e9 dicas cruciais para evitar erros comuns na reda\u00e7\u00e3o de propostas. Este preparo visa aumentar as chances das OSCs de receberem apoio financeiro de <span class=\"xn-money\">R$ 70.000<\/span> a <span class=\"xn-money\">R$ 380.000<\/span> para potencializar seus atendimentos sociais no ciclo 2025 do PAPS.<\/p>\n<p class=\"prntaj\">A partir de 24 de junho de 2024, OSCs de todo o pa\u00eds poder\u00e3o inscrever-se para participar de consultorias especializadas, no formato on-line e ao vivo, que ocorrer\u00e3o em duas turmas:<\/p>\n<ul type=\"disc\">\n<li><b>Turma 1:<\/b> De 08 a 12 de julho, com inscri\u00e7\u00f5es at\u00e9 04 de julho.<\/li>\n<li><b>Turma 2:<\/b> De 15 a 19 de julho, com inscri\u00e7\u00f5es at\u00e9 11 de julho.<\/li>\n<\/ul>\n<p>Para mais informa\u00e7\u00f5es sobre o Esquenta PAPS 2025 e o processo de inscri\u00e7\u00e3o, visite <a href=\"http:\/\/www.fundacaosalvadorarena.org.br\/\" target=\"_blank\" rel=\"nofollow noopener\">www.fundacaosalvadorarena.org.br<\/a><\/p>\n<p><b>Depoimentos de Impacto de participantes do PAPS 2024<\/b><\/p>\n<p class=\"prntaj\">&#8220;A participa\u00e7\u00e3o no PAPS transformou o Instituto Relfe. Fomos inicialmente contemplados em 2014 e novamente em 2023 ap\u00f3s ajustes cruciais sugeridos pela Funda\u00e7\u00e3o. A Funda\u00e7\u00e3o <span class=\"xn-person\">Salvador Arena<\/span> tem sido uma parceira inestim\u00e1vel, ajudando-nos a expandir nossa capacidade e melhorar a qualidade dos servi\u00e7os que oferecemos&#8221;, compartilha <span class=\"xn-person\">Bruno Grassano<\/span>, Presidente da Associa\u00e7\u00e3o Projeto Relfe.<\/p>\n<p class=\"prntaj\">Tainara Lemos das Neves, Coordenadora de Programas no Instituto Pe Vilson Groh, relata: &#8220;O PAPS 2024 tem sido uma jornada enriquecedora. Desde a inscri\u00e7\u00e3o at\u00e9 o desenvolvimento do projeto, temos vivenciado um processo de aprendizado cont\u00ednuo que tem qualificado significativamente nosso atendimento \u00e0s juventudes da Grande Florian\u00f3polis.&#8221;<\/p>\n<p class=\"prntaj\"><span><span class=\"xn-person\">Sueli Freitas<\/span>, Captadora de Recursos do N\u00facleo Educacional da <span class=\"xn-person\">Santa Casa de Diadema<\/span>, destaca a import\u00e2ncia da parceria com a Funda\u00e7\u00e3o <span class=\"xn-person\">Salvador Arena<\/span>. &#8220;<\/span><span>Fomos beneficiados com investimentos em projetos que melhoraram nossas estruturas e instala\u00e7\u00f5es, aprimorando o atendimento gratuito que oferecemos diariamente a mais de 1000 pessoas nas \u00e1reas de Sa\u00fade, Educa\u00e7\u00e3o e Assist\u00eancia Social&#8221;, declara.<\/span><\/p>\n<p class=\"prntaj\"><span>&#8220;A Funda\u00e7\u00e3o Salvador Arena\u00a0apoiou diversos projetos do Instituto ao longo dos \u00faltimos anos, ajudando muito nossa entidade a bem atender mais de 220 crian\u00e7as em situa\u00e7\u00e3o de vulnerabilidade social (Creche) e mais de 130 pessoas em situa\u00e7\u00e3o de rua (Albergue Noturno). \u00c9 uma grande parceira de todas as OSC, agindo sempre com muita compet\u00eancia, isonomia, lealdade e \u00e9tica&#8221;, afirma <span class=\"xn-person\">Marcelo de Aquino<\/span>, Presidente do Instituto Piero Pollone<\/span><\/p>\n<p class=\"prntaj\">Para <span><span class=\"xn-person\">Madalena Carneiro<\/span><\/span>, <span>Gerente de Capta\u00e7\u00e3o de Recursos <\/span>do<span> Instituto Jatob\u00e1s<\/span> destaca <span>&#8220;Participar do Programa de Apoio a Projetos Sociais (PAPS) da Funda\u00e7\u00e3o <span class=\"xn-person\">Salvador Arena<\/span> (FSA) foi uma experi\u00eancia muito positiva para o Instituto Jatob\u00e1s. As etapas do processo seletivo<\/span> <span>foram essenciais para a prepara\u00e7\u00e3o, elabora\u00e7\u00e3o do projeto e esclarecimento de d\u00favidas.<\/span> <span>Ter a parceria da FSA \u00e9 uma oportunidade valiosa para ampliar nossa capacidade operacional e aumentar nosso impacto junto \u00e0 popula\u00e7\u00e3o em situa\u00e7\u00e3o de vulnerabilidade social que atendemos<\/span>&#8220;<\/p>\n<p class=\"prntaj\"><b><span>Sobre a Funda\u00e7\u00e3o <span class=\"xn-person\">Salvador Arena<\/span><\/span><\/b><\/p>\n<p class=\"prntaj\"><span>A Funda\u00e7\u00e3o <span class=\"xn-person\">Salvador Arena<\/span> (Funda\u00e7\u00e3o) \u00e9 uma institui\u00e7\u00e3o civil de finalidade beneficente, de direito privado e sem fins lucrativos, criada em 1964 pelo engenheiro <span class=\"xn-person\">Salvador Arena<\/span> (1915-1998) para manter atividades voltadas \u00e0 transforma\u00e7\u00e3o social, atuando nas \u00e1reas de educa\u00e7\u00e3o e assist\u00eancia social, e apoio nas \u00e1reas de sa\u00fade e habita\u00e7\u00e3o. Tema priorit\u00e1rio na \u00e1rea de educa\u00e7\u00e3o, os programas pr\u00f3prios oferecidos no Centro Educacional da Funda\u00e7\u00e3o <span class=\"xn-person\">Salvador Arena<\/span> e na Escola T\u00e9cnica Agropecu\u00e1ria Engenheiro Salvador Arena, receberam aporte de <span class=\"xn-money\">R$ 67,1<\/span> milh\u00f5es em 2023, custeando todas as atividades e os servi\u00e7os oferecidos gratuitamente, com 100% de recursos pr\u00f3prios. Apoia projetos sociais de OSCs em todo o Brasil por meio de recursos financeiros e assessoria t\u00e9cnica e disponibiliza ciclos de forma\u00e7\u00e3o em Gest\u00e3o Profissional e em Sustentabilidade Financeira, com cerca de 100 horas cada, que consistem em capacitar e qualificar as OSCs brasileiras para alcan\u00e7ar a condi\u00e7\u00e3o de Excel\u00eancia no Bem, de forma profissional, aut\u00f4noma e eficaz. Em 2023 foram aplicados <span class=\"xn-money\">R$ 17,7<\/span> milh\u00f5es em 128 programas socioassistenciais, que contemplaram projetos sociais e capacita\u00e7\u00e3o de organiza\u00e7\u00f5es do terceiro setor, beneficiando diretamente 58.711 pessoas e indiretamente, 95.860 pessoas. Saiba mais: <\/span><a href=\"http:\/\/www.fundacaosalvadorarena.org.br\/\" target=\"_blank\" rel=\"nofollow noopener\"><span>http:\/\/www.fundacaosalvadorarena.org.br\/<\/span><\/a><\/p>\n<p>Logo &#8211; <a href=\"https:\/\/mma.prnewswire.com\/media\/2445390\/Programa_PAPS.jpg\" target=\"_blank\" rel=\"nofollow noopener\">https:\/\/mma.prnewswire.com\/media\/2445390\/Programa_PAPS.jpg<\/a><\/p>\n<p id=\"PURL\"><img loading=\"lazy\" decoding=\"async\" title=\"Cision\" width=\"12\" height=\"12\" alt=\"Cision\" src=\"https:\/\/c212.net\/c\/img\/favicon.png?sn=PT45919&amp;sd=2024-06-27\" \/> View original content to download multimedia:<a id=\"PRNURL\" rel=\"nofollow noopener\" href=\"https:\/\/www.prnewswire.com\/br\/comunicados-para-a-imprensa\/ampliando-oportunidades-para-o-fortalecimento-de-organizacoes-da-sociedade-civil-de-todo-o-pais-302185015.html\" target=\"_blank\">https:\/\/www.prnewswire.com\/br\/comunicados-para-a-imprensa\/ampliando-oportunidades-para-o-fortalecimento-de-organizacoes-da-sociedade-civil-de-todo-o-pais-302185015.html<\/a><\/p>\n<p>FONTE  Funda\u00e7\u00e3o <span class=\"xn-person\">Salvador Arena<\/span><\/p>\n<\/div>\n<p><img decoding=\"async\" alt=\"\" src=\"https:\/\/rt.prnewswire.com\/rt.gif?NewsItemId=PT45919&amp;Transmission_Id=202406271500PR_NEWS_LATAM____PT45919&amp;DateId=20240627\" style=\"border:0px;width:1px;height:1px\" \/><\/p>\n<p>A <b>OESP<\/b> n\u00e3o \u00e9(s\u00e3o) respons\u00e1vel(is) por erros, incorre\u00e7\u00f5es, atrasos ou quaisquer decis\u00f5es tomadas por seus clientes com base nos Conte\u00fados ora disponibilizados, bem como tais Conte\u00fados n\u00e3o representam a opini\u00e3o da <b>OESP<\/b> e s\u00e3o de inteira responsabilidade da <b>PR Newswire Ltda<\/b><\/p>\n","protected":false},"excerpt":{"rendered":"Antecipando o Programa de Apoio a Projetos Sociais, a Funda\u00e7\u00e3o Salvador Arena lan\u00e7a o Esquenta PAPS 2025","protected":false},"author":1,"featured_media":0,"comment_status":"open","ping_status":"closed","sticky":false,"template":"","format":"standard","meta":{"_acf_changed":false,"inline_featured_image":false,"_monsterinsights_skip_tracking":false,"_monsterinsights_sitenote_active":false,"_monsterinsights_sitenote_note":"","_monsterinsights_sitenote_category":0,"footnotes":""},"categories":[31],"tags":[],"class_list":["post-96361","post","type-post","status-publish","format-standard","hentry","category-prnewsinternacional"],"acf":[],"_links":{"self":[{"href":"https:\/\/bluestudio.estadao.com.br\/agencia-de-comunicacao\/wp-json\/wp\/v2\/posts\/96361","targetHints":{"allow":["GET"]}}],"collection":[{"href":"https:\/\/bluestudio.estadao.com.br\/agencia-de-comunicacao\/wp-json\/wp\/v2\/posts"}],"about":[{"href":"https:\/\/bluestudio.estadao.com.br\/agencia-de-comunicacao\/wp-json\/wp\/v2\/types\/post"}],"author":[{"embeddable":true,"href":"https:\/\/bluestudio.estadao.com.br\/agencia-de-comunicacao\/wp-json\/wp\/v2\/users\/1"}],"replies":[{"embeddable":true,"href":"https:\/\/bluestudio.estadao.com.br\/agencia-de-comunicacao\/wp-json\/wp\/v2\/comments?post=96361"}],"version-history":[{"count":0,"href":"https:\/\/bluestudio.estadao.com.br\/agencia-de-comunicacao\/wp-json\/wp\/v2\/posts\/96361\/revisions"}],"wp:attachment":[{"href":"https:\/\/bluestudio.estadao.com.br\/agencia-de-comunicacao\/wp-json\/wp\/v2\/media?parent=96361"}],"wp:term":[{"taxonomy":"category","embeddable":true,"href":"https:\/\/bluestudio.estadao.com.br\/agencia-de-comunicacao\/wp-json\/wp\/v2\/categories?post=96361"},{"taxonomy":"post_tag","embeddable":true,"href":"https:\/\/bluestudio.estadao.com.br\/agencia-de-comunicacao\/wp-json\/wp\/v2\/tags?post=96361"}],"curies":[{"name":"wp","href":"https:\/\/api.w.org\/{rel}","templated":true}]}}