{"id":96319,"date":"2024-06-27T11:12:00","date_gmt":"2024-06-27T14:12:00","guid":{"rendered":"https:\/\/bluestudio.estadao.com.br\/agencia-de-comunicacao\/prnewswire\/prnewseconomia\/foi-um-sucesso-fibra-experts-entrega-novo-e-moderno-bairro-em-itatiba-3\/"},"modified":"2024-06-27T11:12:00","modified_gmt":"2024-06-27T14:12:00","slug":"foi-um-sucesso-fibra-experts-entrega-novo-e-moderno-bairro-em-itatiba-3","status":"publish","type":"post","link":"https:\/\/bluestudio.estadao.com.br\/agencia-de-comunicacao\/prnewswire\/prnewseconomia\/foi-um-sucesso-fibra-experts-entrega-novo-e-moderno-bairro-em-itatiba-3\/","title":{"rendered":"Foi um Sucesso!  Fibra Experts entrega novo e moderno bairro em Itatiba"},"content":{"rendered":"<p><b>PR NEWSWIRE<\/b><\/p>\n<div class=\"xn-content\">\n<p class=\"prntac\"><i>Inaugura\u00e7\u00e3o do Reserva Bellano marca uma nova era de desenvolvimento urbano no munic\u00edpio <\/i><\/p>\n<p><span class=\"legendSpanClass\">S\u00c3O PAULO<\/span>, <span class=\"legendSpanClass\">27 de junho de 2024<\/span> \/PRNewswire\/ &#8212; A cidade de Itatiba celebrou a entrega do mais novo e moderno bairro planejado: o Reserva Bellano. Este empreendimento, inaugurado no in\u00edcio do m\u00eas de junho, promete transformar a regi\u00e3o ao oferecer um espa\u00e7o completo e bem planejado para novas resid\u00eancias e neg\u00f3cios. A cerim\u00f4nia de entrega contou com a presen\u00e7a do prefeito de Itatiba e de secret\u00e1rios municipais, destacando o apoio da administra\u00e7\u00e3o p\u00fablica a este projeto significativo, que traz ainda mais visibilidade e desenvolvimento ao munic\u00edpio.<\/p>\n<div class=\"PRN_ImbeddedAssetReference\" id=\"DivAssetPlaceHolder7319\">\n<a href=\"https:\/\/mma.prnewswire.com\/media\/2449189\/1.html\" target=\"_blank\" rel=\"nofollow noopener\"><img decoding=\"async\" src=\"https:\/\/mma.prnewswire.com\/media\/2449189\/1.jpg\" title=\"A cerim\u00f4nia de inaugura\u00e7\u00e3o do novo bairro planejado em Itatiba foi um sucesso, reunindo autoridades, futuros moradores e empres\u00e1rios.\" alt=\"A cerim\u00f4nia de inaugura\u00e7\u00e3o do novo bairro planejado em Itatiba foi um sucesso, reunindo autoridades, futuros moradores e empres\u00e1rios.\" \/><\/a><\/p>\n<\/div>\n<p>O Reserva\u00a0Bellano\u00a0\u00e9 mais do que um loteamento. Ele representa a vis\u00e3o inovadora da\u00a0<b><a href=\"https:\/\/www.fibraexperts.com.br\/\" target=\"_blank\" rel=\"nofollow noopener\">Fibra Experts<\/a><\/b>\u00a0sobre urbanismo e desenvolvimento sustent\u00e1vel. Este novo bairro foi projetado com a inten\u00e7\u00e3o de transformar a regi\u00e3o, oferecendo uma infraestrutura completa que reflete um olhar futurista para a cidade de Itatiba.<\/p>\n<p>&#8220;Todo o projeto foi cuidadosamente planejado h\u00e1 oito anos e hoje se concretiza em um bairro verdadeiramente moderno,&#8221; destaca <span class=\"xn-person\">Stefan Riess<\/span>, diretor executivo de urbanismo da Fibra Experts. &#8220;Estamos entregando um bairro completo, com toda a infraestrutura, comodidade e bem-estar. O\u00a0Bellano\u00a0\u00e9 um legado que eleva o n\u00edvel dos projetos urbanos em Itatiba, destacando-se pela associa\u00e7\u00e3o de moradores que zela pela qualidade e fiscaliza\u00e7\u00e3o do bairro, garantindo representatividade e manuten\u00e7\u00e3o da excel\u00eancia&#8221;.<\/p>\n<p>Um dos grandes diferenciais do novo bairro de Itatiba \u00e9 a facilidade para caminhar nas ruas mais planas, uma vez que a cidade \u00e9 majoritariamente formada por vias \u00edngremes devido \u00e0 geografia de serra da regi\u00e3o. Para garantir ruas mais planas que facilitam a mobilidade dos moradores, a urbanizadora movimentou aproximadamente 800.000 m&sup3; de terra. Esse investimento n\u00e3o s\u00f3 melhora a qualidade de vida, mas tamb\u00e9m fomenta a sa\u00fade dos habitantes, tornando o bairro mais acess\u00edvel e amig\u00e1vel para pedestres.<\/p>\n<p>Al\u00e9m disso, a Fibra Experts investiu mais de <span class=\"xn-money\">R$ 5<\/span> milh\u00f5es em paisagismo, criando \u00e1reas de lazer bem posicionadas que facilitam o acesso dos moradores a espa\u00e7os verdes e de conviv\u00eancia, promovendo uma maior socializa\u00e7\u00e3o entre todos. O sistema de conviv\u00eancia social completo do novo bairro inclui o primeiro boulevard do munic\u00edpio, com um polo comercial, a Pra\u00e7a do Sol, onde est\u00e1 instalada a associa\u00e7\u00e3o dos moradores, com dog park, parque infantil, uma \u00e1rea de gin\u00e1stica, al\u00e9m de uma via parque com mais de 1 km para caminhada.<\/p>\n<p>&#8220;O\u00a0Bellano\u00a0\u00e9 um bairro caminh\u00e1vel, sem muros, com planejamento vi\u00e1rio inteligente e \u00e1reas verdes integradas a paisagem urbana. Este conceito de bairro aberto oferece um espa\u00e7o de socializa\u00e7\u00e3o e intera\u00e7\u00e3o para todos,&#8221; diz Riess, que acrescenta que no local foram plantadas mais de 7 mil \u00e1rvores para favorecer ainda mais o paisagismo e o conv\u00edvio com a natureza.<\/p>\n<p>Dentro do novo bairro, a Fibra tamb\u00e9m presenteou a cidade com uma atra\u00e7\u00e3o especial: um mirante com vista privilegiada da cidade. O espa\u00e7o faz parte do sistema social contemplado no projeto urban\u00edstico do Reserva\u00a0Bellano\u00a0e \u00e9 inspirado em cidades planejadas dos EUA. No local, foi instalado tamb\u00e9m um letreiro &#8220;I love Itatiba&#8221;, para que os frequentadores possam desfrutar da paisagem, interagir e tirar fotos.<\/p>\n<p>Al\u00e9m de todos estes atributos, o bairro tamb\u00e9m traz uma importante inova\u00e7\u00e3o em seguran\u00e7a urbana, sendo o primeiro a ser entregue com uma infraestrutura de monitoramento por c\u00e2meras inteligentes, com leitura de placa de carros, estrategicamente dispostas nas principais vias de acesso, que ser\u00e3o operadas pela Guarda Municipal de Itatiba.\u00a0 Para complementar este sistema, a Associa\u00e7\u00e3o de Moradores tamb\u00e9m conta um Plano Diretor de Seguran\u00e7a e um conjunto de c\u00e2meras de monitoramento na Pra\u00e7a do Sol.<\/p>\n<p>Com uma vis\u00e3o de futuro, a Fibra Experts escolheu a cidade de Itatiba para ser o modelo deste projeto urban\u00edstico inovador. A cidade, localizada na Serra da Jurema, est\u00e1 a menos de uma hora de S\u00e3o Paulo. Conhecida como a Su\u00ed\u00e7a Paulista, Itatiba foi considerada a terceira melhor cidade para se viver no Brasil, de acordo com o \u00cdndice Firjan de Desenvolvimento Municipal (IFDM) de 2012, similar ao \u00cdndice de Desenvolvimento Humano (IDH) da ONU. O munic\u00edpio tem clima temperado o ano todo, baixo \u00edndice de emiss\u00e3o de poluentes, conta com mais de 20% da superf\u00edcie local preenchida por vegeta\u00e7\u00e3o nativa e faz parte do Polo Tur\u00edstico Circuito das Frutas. Economicamente, a ind\u00fastria e o agroneg\u00f3cio s\u00e3o as marcas de Itatiba, que integra a Regi\u00e3o Metropolitana de Campinas (SP), com o segundo maior PIB do Estado de S\u00e3o Paulo. Al\u00e9m disso, est\u00e1 pr\u00f3xima de importantes e estrat\u00e9gicas rodovias como Anhanguera e Bandeirantes e proporciona f\u00e1cil acesso ao Aeroporto Internacional de Viracopos.<\/p>\n<p>Sobre o Reserva Bellano<br \/>Ao todo, s\u00e3o 464 lotes entre residenciais, mistos e comerciais, com \u00e1rea m\u00ednima de 250 m2 cada. Projetado sob uma \u00e1rea de aproximadamente 321 mil m2, o novo bairro de Itatiba fica a apenas tr\u00eas minutos do centro da cidade e contar\u00e1 com um moderno sistema de vigil\u00e2ncia que inclui um circuito de c\u00e2meras integradas e uma central de monitoramento. Al\u00e9m de receber ilumina\u00e7\u00e3o ornamental e cal\u00e7adas largas, com o intuito de fornecer mais seguran\u00e7a e conforto aos frequentadores.<\/p>\n<p>Com ruas largas e mais de sete mil \u00e1rvores plantadas e distribu\u00eddas estrategicamente, o Reserva\u00a0Bellano\u00a0foi concebido para oferecer aos seus moradores e usu\u00e1rios a perspectiva de estar em um espa\u00e7o completo. A equipe de arquitetos e paisagistas respons\u00e1veis pelo projeto aproveitou o que h\u00e1 de mais marcante na paisagem local, com o intuito de permitir a integra\u00e7\u00e3o das fam\u00edlias com o verde e o lazer da regi\u00e3o.<\/p>\n<p>Sobre a Fibra Experts <br \/>A Fibra Experts \u00e9 uma empresa especializada no setor imobili\u00e1rio, com foco nos segmentos corporativo, residencial e de urbanismo. Presente nos estados de S\u00e3o Paulo, <span class=\"xn-location\">Rio de Janeiro<\/span> e Cear\u00e1, a empresa oferece solu\u00e7\u00f5es arquitet\u00f4nicas e urban\u00edsticas para empreendimentos dotados dos mais modernos padr\u00f5es de qualidade, tecnologia, inova\u00e7\u00e3o e sustentabilidade, sempre visando atender \u00e0s necessidades de seus clientes. Sin\u00f4nimo de artesania urbana de ponta, a empresa se consolida como uma\u00a0<i>full developer company<\/i>\u00a0promovendo neg\u00f3cios imobili\u00e1rios com elevado padr\u00e3o de qualidade e de retorno financeiro e adicionando sua expertise aos diferentes segmentos em que atua.???\u00a0<\/p>\n<p>A Fibra Experts tem um modelo de gest\u00e3o profissional e conservadora, com executivos experientes, melhores pr\u00e1ticas de governan\u00e7a, estrutura enxuta e baixo n\u00edvel de alavancagem. Para mais informa\u00e7\u00f5es, visite o site da Fibra Experts:\u00a0<a href=\"https:\/\/www.fibraexperts.com.br\/empreendimento\/reservabellano-loteamento-itatiba-sp\" target=\"_blank\" rel=\"nofollow noopener\">https:\/\/www.fibraexperts.com.br\/empreendimento\/reservabellano-loteamento-itatiba-sp<\/a>\u00a0<\/p>\n<p>Foto &#8211; <a href=\"https:\/\/mma.prnewswire.com\/media\/2449189\/1.jpg\" target=\"_blank\" rel=\"nofollow noopener\">https:\/\/mma.prnewswire.com\/media\/2449189\/1.jpg<\/a><\/p>\n<div class=\"PRN_ImbeddedAssetReference\" id=\"DivAssetPlaceHolder0\"><\/div>\n<p id=\"PURL\"><img loading=\"lazy\" decoding=\"async\" title=\"Cision\" width=\"12\" height=\"12\" alt=\"Cision\" src=\"https:\/\/c212.net\/c\/img\/favicon.png?sn=PT49697&amp;sd=2024-06-27\" \/> View original content to download multimedia:<a id=\"PRNURL\" rel=\"nofollow noopener\" href=\"https:\/\/www.prnewswire.com\/br\/comunicados-para-a-imprensa\/foi-um-sucesso--fibra-experts-entrega-novo-e-moderno-bairro-em-itatiba-302184529.html\" target=\"_blank\">https:\/\/www.prnewswire.com\/br\/comunicados-para-a-imprensa\/foi-um-sucesso&#8211;fibra-experts-entrega-novo-e-moderno-bairro-em-itatiba-302184529.html<\/a><\/p>\n<p>FONTE  Fibra Experts<\/p>\n<\/div>\n<p><img decoding=\"async\" alt=\"\" src=\"https:\/\/rt.prnewswire.com\/rt.gif?NewsItemId=PT49697&amp;Transmission_Id=202406271000PR_NEWS_LATAM____PT49697&amp;DateId=20240627\" style=\"border:0px;width:1px;height:1px\" \/><\/p>\n<p>A <b>OESP<\/b> n\u00e3o \u00e9(s\u00e3o) respons\u00e1vel(is) por erros, incorre\u00e7\u00f5es, atrasos ou quaisquer decis\u00f5es tomadas por seus clientes com base nos Conte\u00fados ora disponibilizados, bem como tais Conte\u00fados n\u00e3o representam a opini\u00e3o da <b>OESP<\/b> e s\u00e3o de inteira responsabilidade da <b>PR Newswire Ltda<\/b><\/p>\n","protected":false},"excerpt":{"rendered":"Inaugura\u00e7\u00e3o do Reserva Bellano marca uma nova era de desenvolvimento urbano no munic\u00edpio","protected":false},"author":1,"featured_media":0,"comment_status":"open","ping_status":"closed","sticky":false,"template":"","format":"standard","meta":{"_acf_changed":false,"inline_featured_image":false,"_monsterinsights_skip_tracking":false,"_monsterinsights_sitenote_active":false,"_monsterinsights_sitenote_note":"","_monsterinsights_sitenote_category":0,"footnotes":""},"categories":[29],"tags":[],"class_list":["post-96319","post","type-post","status-publish","format-standard","hentry","category-prnewseconomia"],"acf":[],"_links":{"self":[{"href":"https:\/\/bluestudio.estadao.com.br\/agencia-de-comunicacao\/wp-json\/wp\/v2\/posts\/96319","targetHints":{"allow":["GET"]}}],"collection":[{"href":"https:\/\/bluestudio.estadao.com.br\/agencia-de-comunicacao\/wp-json\/wp\/v2\/posts"}],"about":[{"href":"https:\/\/bluestudio.estadao.com.br\/agencia-de-comunicacao\/wp-json\/wp\/v2\/types\/post"}],"author":[{"embeddable":true,"href":"https:\/\/bluestudio.estadao.com.br\/agencia-de-comunicacao\/wp-json\/wp\/v2\/users\/1"}],"replies":[{"embeddable":true,"href":"https:\/\/bluestudio.estadao.com.br\/agencia-de-comunicacao\/wp-json\/wp\/v2\/comments?post=96319"}],"version-history":[{"count":0,"href":"https:\/\/bluestudio.estadao.com.br\/agencia-de-comunicacao\/wp-json\/wp\/v2\/posts\/96319\/revisions"}],"wp:attachment":[{"href":"https:\/\/bluestudio.estadao.com.br\/agencia-de-comunicacao\/wp-json\/wp\/v2\/media?parent=96319"}],"wp:term":[{"taxonomy":"category","embeddable":true,"href":"https:\/\/bluestudio.estadao.com.br\/agencia-de-comunicacao\/wp-json\/wp\/v2\/categories?post=96319"},{"taxonomy":"post_tag","embeddable":true,"href":"https:\/\/bluestudio.estadao.com.br\/agencia-de-comunicacao\/wp-json\/wp\/v2\/tags?post=96319"}],"curies":[{"name":"wp","href":"https:\/\/api.w.org\/{rel}","templated":true}]}}