{"id":96266,"date":"2024-06-26T15:45:00","date_gmt":"2024-06-26T18:45:00","guid":{"rendered":"https:\/\/bluestudio.estadao.com.br\/agencia-de-comunicacao\/releases\/releases-geral\/limpeza-de-estofados-pode-prevenir-doencas-respiratorias\/"},"modified":"2024-06-26T15:45:00","modified_gmt":"2024-06-26T18:45:00","slug":"limpeza-de-estofados-pode-prevenir-doencas-respiratorias","status":"publish","type":"post","link":"https:\/\/bluestudio.estadao.com.br\/agencia-de-comunicacao\/releases\/releases-geral\/limpeza-de-estofados-pode-prevenir-doencas-respiratorias\/","title":{"rendered":"Limpeza de estofados pode prevenir doen\u00e7as respirat\u00f3rias"},"content":{"rendered":"<p><b>DINO DIVULGADOR DE NOT\u00cdCIAS<\/b><\/p>\n<p>(<a target='_blank' href='http:\/\/www.dino.com.br' rel=\"noopener\">DINO<\/a> &#8211; 26 jun, 2024) &#8211;<br \/>\nO Brasil soma 20 milh&otilde;es de asm&aacute;ticos, conforme indicativos compartilhados pela <a rel=\"follow noopener\" target='_blank' href='https:\/\/sbpt.org.br\/portal\/espaco-saude-respiratoria-asma\/'>SBPT<\/a> (Sociedade Brasileira de Pneumologia e Tisiologia). Segundo o DATASUS, banco de dados do SUS (Sistema &Uacute;nico de Sa&uacute;de), ligado ao Minist&eacute;rio da Sa&uacute;de, todos os anos, mais de 350 mil brasileiros s&atilde;o internados por conta da doen&ccedil;a, que &eacute; a terceira ou quarta causa de hospitaliza&ccedil;&otilde;es pelo SUS (2,3% do total), conforme o grupo et&aacute;rio considerado.<\/p>\n<p>A asma pode ser desencadeada por uma s&eacute;rie de agentes infecciosos, como v&iacute;rus, bact&eacute;rias e al&eacute;rgicos. A informa&ccedil;&atilde;o &eacute; da <a rel=\"follow noopener\" target='_blank' href='https:\/\/saude.sp.gov.br\/coordenadoria-de-controle-de-doencas\/noticias\/10042023-alerta-para-doencas-respiratorias-no-outono'>SES-SP<\/a> (Secretaria de Estado da Sa&uacute;de de S&atilde;o Paulo), que alerta que a doen&ccedil;a tem como principais v&iacute;timas os pacientes predispostos.<\/p>\n<p>Tamb&eacute;m conhecida como &ldquo;bronquite asm&aacute;tica&rdquo; ou como &ldquo;bronquite al&eacute;rgica&rdquo;, a asma &eacute; uma doen&ccedil;a que acomete os pulm&otilde;es, acompanhada de uma inflama&ccedil;&atilde;o cr&ocirc;nica dos br&ocirc;nquios (tubos que levam o ar para dentro dos pulm&otilde;es), conforme defini&ccedil;&atilde;o da <a rel=\"follow noopener\" target='_blank' href='https:\/\/bvsms.saude.gov.br\/asma\/'>BVS<\/a> (Biblioteca Virtual em Sa&uacute;de).<\/p>\n<p>Segundo Pedro Sampaio, t&eacute;cnico em limpeza da Dr. Lava Tudo &#8211; empresa especializada em higieniza&ccedil;&atilde;o e <a rel=\"follow noopener\" target='_blank' href='https:\/\/drlavatudo.com\/impermeabilizacao'>impermeabiliza&ccedil;&atilde;o de estofados<\/a> -, al&eacute;m da asma, a aus&ecirc;ncia da correta limpeza de estofados pode desencadear <a rel=\"follow noopener\" target='_blank' href='https:\/\/drlavatudo.com\/blog\/alergia-respiratoria-sintomas-tratamentos'>doen&ccedil;as respirat&oacute;rias como rinite<\/a>, doen&ccedil;a inflamat&oacute;ria das mucosas (revestimento interno) do nariz, com causas que podem ser al&eacute;rgicas ou n&atilde;o, como mostra a <a rel=\"follow noopener\" target='_blank' href='https:\/\/bvsms.saude.gov.br\/rinite\/'>BVS<\/a>.<\/p>\n<p>&ldquo;A neglig&ecirc;ncia na <a rel=\"follow noopener\" target='_blank' href='https:\/\/drlavatudo.com\/limpeza'>limpeza de estofados<\/a> pode desencadear ou agravar doen&ccedil;as respirat&oacute;rias como asma e rinite, principalmente em indiv&iacute;duos j&aacute; suscet&iacute;veis&rdquo;, afirma. &ldquo;Todo mundo sabe a import&acirc;ncia de fazer faxinas regulares em casa, mas a maior parte das pessoas se esquece dos m&oacute;veis, principalmente sof&aacute;s, colch&atilde;o e travesseiro, que s&atilde;o os itens que temos mais contato&rdquo;, explica.<\/p>\n<p>Larissa Oliveira, coordenadora de marketing da Dr. Lava Tudo, acrescenta que as crises al&eacute;rgicas ocorrem devido ao ac&uacute;mulo de al&eacute;rgenos como <a rel=\"follow noopener\" target='_blank' href='https:\/\/drlavatudo.com\/blog\/como-acabar-com-acaros'>&aacute;caros, fungos, mofo e poeira nesses estofados<\/a>, j&aacute; que n&atilde;o s&atilde;o limpos com tanta frequ&ecirc;ncia. &ldquo;Passar s&oacute; um pano no tecido n&atilde;o &eacute; suficiente para limpar de verdade. J&aacute; a higieniza&ccedil;&atilde;o profissional profunda utiliza os equipamentos e m&eacute;todos corretos para eliminar os microorganismos&rdquo;, esclarece.<\/p>\n<p>Gian Gandra, CEO da Dr. Lava Tudo, conta que a empresa faz mais de 60 servi&ccedil;os de limpeza profunda. &ldquo;Nossos t&eacute;cnicos realizam os servi&ccedil;os com produtos bactericidas, antif&uacute;ngicos e anti&aacute;caros. Tudo isso para garantir que esses microrganismos nocivos fiquem longe, sem risco de causar doen&ccedil;as e alergias&rdquo;.&nbsp;&nbsp;<\/p>\n<p>Gandra ressalta que, ainda hoje, muitas pessoas desconhecem a forma como deve ser feita a limpeza de estofados para que os causadores destas doen&ccedil;as n&atilde;o proliferem.<\/p>\n<p>&ldquo;Recomendamos que a higieniza&ccedil;&atilde;o profissional de estofados seja feita a cada seis meses. O t&eacute;cnico da Dr. Lava Tudo vai at&eacute; a casa do cliente e pulveriza os produtos de limpeza especializada no estofado, que v&atilde;o agir profundamente no tecido, desprendendo at&eacute; a sujeira mais grossa e dif&iacute;cil de retirar&rdquo;.<\/p>\n<p>Para concluir, o CEO da Dr. Lava Tudo observa que, ap&oacute;s esse procedimento, os t&eacute;cnicos utilizam um equipamento especial, que faz extra&ccedil;&atilde;o a v&aacute;cuo removendo a sujeira, &aacute;caros, fungos e bact&eacute;rias do sof&aacute;, deixando-o completamente limpo. &ldquo;Todo o processo dura aproximadamente 1 hora e o estofado pode ser usado entre 5 e 12 horas&rdquo;, afirma.<\/p>\n<p>Para mais informa&ccedil;&otilde;es, basta acessar: <a rel=\"follow noopener\" target='_blank' href='https:\/\/drlavatudo.com\/'>https:\/\/drlavatudo.com\/<\/a><\/p>\n<p>A <b>OESP<\/b> n\u00e3o \u00e9(s\u00e3o) respons\u00e1vel(is) por erros, incorre\u00e7\u00f5es, atrasos ou quaisquer decis\u00f5es tomadas por seus clientes com base nos Conte\u00fados ora disponibilizados, bem como tais Conte\u00fados n\u00e3o representam a opini\u00e3o da <b>OESP<\/b> e s\u00e3o de inteira responsabilidade da <b>Dino Divulgador de Noticias Online Ltda<\/b><\/p>\n","protected":false},"excerpt":{"rendered":"(DINO &#8211; 26 jun, 2024) &#8211;\nO Brasil soma 20 milh&otilde;es de asm&aacute;ticos, conforme indicativos compartilhados pela SBPT (Sociedade Brasileira de Pneumologia e Tisiologia). Segu","protected":false},"author":1,"featured_media":0,"comment_status":"open","ping_status":"closed","sticky":false,"template":"","format":"standard","meta":{"_acf_changed":false,"inline_featured_image":false,"_monsterinsights_skip_tracking":false,"_monsterinsights_sitenote_active":false,"_monsterinsights_sitenote_note":"","_monsterinsights_sitenote_category":0,"footnotes":""},"categories":[34],"tags":[],"class_list":["post-96266","post","type-post","status-publish","format-standard","hentry","category-releases-geral"],"acf":[],"_links":{"self":[{"href":"https:\/\/bluestudio.estadao.com.br\/agencia-de-comunicacao\/wp-json\/wp\/v2\/posts\/96266","targetHints":{"allow":["GET"]}}],"collection":[{"href":"https:\/\/bluestudio.estadao.com.br\/agencia-de-comunicacao\/wp-json\/wp\/v2\/posts"}],"about":[{"href":"https:\/\/bluestudio.estadao.com.br\/agencia-de-comunicacao\/wp-json\/wp\/v2\/types\/post"}],"author":[{"embeddable":true,"href":"https:\/\/bluestudio.estadao.com.br\/agencia-de-comunicacao\/wp-json\/wp\/v2\/users\/1"}],"replies":[{"embeddable":true,"href":"https:\/\/bluestudio.estadao.com.br\/agencia-de-comunicacao\/wp-json\/wp\/v2\/comments?post=96266"}],"version-history":[{"count":0,"href":"https:\/\/bluestudio.estadao.com.br\/agencia-de-comunicacao\/wp-json\/wp\/v2\/posts\/96266\/revisions"}],"wp:attachment":[{"href":"https:\/\/bluestudio.estadao.com.br\/agencia-de-comunicacao\/wp-json\/wp\/v2\/media?parent=96266"}],"wp:term":[{"taxonomy":"category","embeddable":true,"href":"https:\/\/bluestudio.estadao.com.br\/agencia-de-comunicacao\/wp-json\/wp\/v2\/categories?post=96266"},{"taxonomy":"post_tag","embeddable":true,"href":"https:\/\/bluestudio.estadao.com.br\/agencia-de-comunicacao\/wp-json\/wp\/v2\/tags?post=96266"}],"curies":[{"name":"wp","href":"https:\/\/api.w.org\/{rel}","templated":true}]}}