{"id":96119,"date":"2024-06-25T05:12:00","date_gmt":"2024-06-25T08:12:00","guid":{"rendered":"https:\/\/bluestudio.estadao.com.br\/agencia-de-comunicacao\/releases\/releases-geral\/presidente-lula-abre-fii-priority-summit-no-rio-de-janeiro-evento-aborda-a-construcao-de-uma-nova-ordem-global-que-prioriza-dignidade-para-todos\/"},"modified":"2024-06-25T05:12:00","modified_gmt":"2024-06-25T08:12:00","slug":"presidente-lula-abre-fii-priority-summit-no-rio-de-janeiro-evento-aborda-a-construcao-de-uma-nova-ordem-global-que-prioriza-dignidade-para-todos","status":"publish","type":"post","link":"https:\/\/bluestudio.estadao.com.br\/agencia-de-comunicacao\/releases\/releases-geral\/presidente-lula-abre-fii-priority-summit-no-rio-de-janeiro-evento-aborda-a-construcao-de-uma-nova-ordem-global-que-prioriza-dignidade-para-todos\/","title":{"rendered":"Presidente Lula abre FII PRIORITY Summit no Rio de Janeiro, evento aborda a constru\u00e7\u00e3o de uma nova ordem global que prioriza dignidade para todos"},"content":{"rendered":"<p><b>FII Institute<\/b><\/p>\n<p>RIO DE JANEIRO, June  25, 2024  (GLOBE NEWSWIRE) &#8212; O primeiro FII PRIORITY Summit da Am\u00e9rica Latina, evento de tr\u00eas dias promovido pelo Instituto FII, come\u00e7ou na ter\u00e7a-feira no Hotel Copacabana Palace, no Rio de Janeiro. Reunindo autoridades globais e l\u00edderes empresariais de v\u00e1rios setores, o evento abordar\u00e1 quest\u00f5es urgentes sob o tema investir em dignidade. Nesta quarta-feira, o evento recebeu mais de 1500 convidados que assistiram a 66 sess\u00f5es com mais de 190 palestrantes.<\/p>\n<p>A cerim\u00f4nia de abertura contou com discursos de Richard Attias, CEO do FII Institute; da Sua Excel\u00eancia Yasir Al-Rumayyan, Governador do Fundo de Investimento P\u00fablico da Ar\u00e1bia Saudita, Chairman da Saudi ARAMCO e Chairman do FII Institute; e do Presidente Luiz In\u00e1cio Lula da Silva.<\/p>\n<p>Na sua mensagem de abertura, Attias disse Hoje, nos reunimos com uma miss\u00e3o em comum: investir em dignidade. Dignidade n\u00e3o \u00e9 apenas um conceito, \u00e9 um direto humano fundamental que deveria ser acess\u00edvel a cada indiv\u00edduo, independentemente de seu hist\u00f3rico, status econ\u00f4mico ou posi\u00e7\u00e3o social. E acrescentou que, Nessa sala, temos o poder coletivo de impulsionar mudan\u00e7as significativas. Nossa colabora\u00e7\u00e3o, inova\u00e7\u00e3o e determina\u00e7\u00e3o podem transformar vidas e comunidades.<\/p>\n<p>Em sua fala, Al-Rumayyan destacou o papel crescente do Brasil em investimentos globais e crescimento econ\u00f4mico. H\u00e1 mais de 12 mil novas startups, al\u00e9m de 12 a 16 unic\u00f3rnios que foram criados aqui. O potencial do Brasil \u00e9 enorme, disse. Quando questionado sobre a raz\u00e3o pela qual o FII Institute trouxe o evento ao Rio de Janeiro, Sua Excel\u00eancia disse, Por que trazer o FII para o Rio? A quest\u00e3o \u00e9: Por que n\u00e3o? \u00c9 uma das maiores cidades, n\u00e3o apenas no Brasil, mas no mundo. E logo teremos o G20 e a COP30.<\/p>\n<p>J\u00e1 o Presidente Lula afirmou que Queremos tornar o mundo capaz de receber todos os seus habitantes com dignidade  e n\u00e3o apenas uma minoria privilegiada. O presidente tamb\u00e9m ressaltou a evolu\u00e7\u00e3o econ\u00f4mica do Brasil e do cen\u00e1rio de investimentos, dizendo que A escolha do Rio de Janeiro para receber esse evento sinaliza a confian\u00e7a que os mais de mil participantes depositam em nosso pa\u00eds. Estou aqui hoje para mostrar que o Brasil \u00e9 e merece ser digno dessa confian\u00e7a.<\/p>\n<p>A primeira sess\u00e3o, o Board of Changemakers incluiu convidados not\u00e1veis, como a Princesa Reema Bandar Al Saud, Embaixadora da Ar\u00e1bia Saudita nos Estados Unidos, Magda Chambriard, presidente da Petrobras, Marcelo Claure, do Claure Group e Shein, Bernard Mensah, do Bank of America e MLI; Mike Pompeo, 70\u00b0 Secret\u00e1rio de Estado dos EUA e Chairman da Impact Investments; e Sir Martin Sorrell, do S4 Capital Group.<\/p>\n<p>Durante a sess\u00e3o, a Princesa Reema enfatizou a import\u00e2ncia da dignidade como uma responsabilidade coletiva, ressaltando a import\u00e2ncia do tema do evento. Ela afirmou que N\u00f3s todos temos uma responsabilidade no jeito que falamos, pensamos e nos relacionamos com as pessoas. Dignidade \u00e9 um conceito individual, mas \u00e9 uma responsabilidade coletiva. Em sua participa\u00e7\u00e3o, Magda Chambriard observou o papel do Brasil em promover a dignidade das pessoas em um contexto global mais amplo, ressaltando que A ideia \u00e9 exercer o poder de usar todos os recursos brasileiros e investir com base no respeito \u00e0 nossa sociedade.<\/p>\n<p>O apresentador de TV e empreendedor Luciano Huck e Cecilia Attias, Vice-presidente s\u00eanior de Rela\u00e7\u00f5es P\u00fablicas, membro do Conselho da RA&amp;A, e fundadora e presidente da Cecilia Attias Foundation for Women, abordaram a interse\u00e7\u00e3o entre m\u00eddia, pol\u00edtica e responsabilidade. Durante a sess\u00e3o Titan of Industry, Huck enfatizou que O privil\u00e9gio de falar para 35 milh\u00f5es de pessoas na TV Globo \u00e9 liberdade de express\u00e3o. N\u00e3o trato isso como poder, mas como uma tremenda responsabilidade.<\/p>\n<p>Executivos do Goldman Sachs, Franklin Templeton, Morgan Stanley e Patria Investimentos deram o tom das conversas para o resto do dia, numa sess\u00e3o que abordou a volatilidade e as perturba\u00e7\u00f5es do mercado global e o impacto sobre os investidores. Explorando uma s\u00e9rie de abordagens, desde a pol\u00edtica de apoio aos campe\u00f5es nacionais at\u00e9 a diversifica\u00e7\u00e3o entre classes de ativos, a discuss\u00e3o centrou-se em formas de construir carteiras resilientes, com insights importantes compartilhados pelos proeminentes l\u00edderes da ind\u00fastria.<\/p>\n<p>Entre os an\u00fancios do primeiro dia do FII PRIORITY Rio de Janeiro, Richard Attias, CEO do FII Institute, anunciou a mais recente iniciativa da entidade, o FII Institute TV. Com lan\u00e7amento previsto para os pr\u00f3ximos meses, o FII Institute TV \u00e9 uma plataforma que ficar\u00e1 no ar 24 horas por dia, 7 dias por semana, com curadoria de conte\u00fado aprimorada, entrevistas aprofundadas com l\u00edderes globais e an\u00e1lises de especialistas.<\/p>\n<p>Al\u00e9m disso, o parceiro estrat\u00e9gico do FII Institute, THIQAH, realizou um an\u00fancio significativo para os pa\u00edses BRICS+, lan\u00e7ando no Brasil sua plataforma de Certificado de Origem, em colabora\u00e7\u00e3o com o CICIBAS. A plataforma permite que exportadores e fabricantes emitam e acompanhem o status dos certificados de origem dos produtos manufaturados, por meio de uma \u00fanica plataforma eletr\u00f4nica, contribuindo para uma transforma\u00e7\u00e3o nos setores comercial e industrial.<\/p>\n<p>E-mail: media@fii-institute.org<\/p>\n<p>Foto deste comunicado dispon\u00edvel em\u00a0<a href=\"https:\/\/www.globenewswire.com\/Tracker?data=eP0eKZpxxBkMZvKUIybKxswhHaq-FzYwcmPqTwkAvG9H1xPfeTXkaqc9p9dHYyKzWyxxZseHBGhoHwBqA3DZTnsktVenl2QbE5BKg9aAc4x56Sw515b9I1IwtS7lywv6RWY8MkylWzsPPFtAKE_s66Y765vFejRrJn7FZhU-lHPTdjPMYgVwIwWmmoXXA5ky6kxqb4q0G7vlFkA2oKXsVGB5TKGOAg7er3D3wRVUPtpHHrzXw8CJSwzvb8dVrN-4Iud7zKPbA12XqIcHwscYMA==\" rel=\"nofollow noopener\" target=\"_blank\">https:\/\/www.globenewswire.com\/NewsRoom\/AttachmentNg\/13c76081-cfa1-42b5-af6f-3edc96d21d1b<\/a><\/p>\n<p> <img decoding=\"async\" class=\"__GNW8366DE3E__IMG\" src=\"https:\/\/www.globenewswire.com\/newsroom\/ti?nf=MTAwMDk2ODE0MSM0MDE4ODU3MDIjMjI5MDY0MQ==\" \/> <br \/><img decoding=\"async\" src=\"https:\/\/ml-eu.globenewswire.com\/media\/ZjUwOThjMGMtMzBhMC00MDY5LWJjZTMtMTNlMzMzYzRhODc5LTEzMDIxOTE=\/tiny\/FII-Institute.png\" \/><br \/>\n<a href=\"https:\/\/www.globenewswire.com\/NewsRoom\/AttachmentNg\/198bb089-e81e-4492-b43a-d4437c1c08bc\"><img loading=\"lazy\" decoding=\"async\" src=\"https:\/\/ml-eu.globenewswire.com\/media\/198bb089-e81e-4492-b43a-d4437c1c08bc\/small\/fii202-1-png.PNG\" border=\"0\" width=\"150\" height=\"29\" alt=\"Primary Logo\" \/><\/a><\/p>\n<div style=\"padding:0px;width: 100%\">\n<div style=\"clear:both\" \/>\n<div style=\"float: right;padding-left:20px\">\n<div>\n<h5>President Luiz In\u00e1cio Lula da Silva, 39th President of the Federative Republic of Brazil<\/h5>\n<\/div>\n<div> <a target=\"_blank\" href=\"https:\/\/www.globenewswire.com\/NewsRoom\/AttachmentNg\/13c76081-cfa1-42b5-af6f-3edc96d21d1b\/pt\" rel=\"noopener\"><img decoding=\"async\" src=\"https:\/\/ml-eu.globenewswire.com\/media\/13c76081-cfa1-42b5-af6f-3edc96d21d1b\/medium\/president-luiz-inacio-lula-da-silva-39th-president-of-the-fe.jpg\" \/> <\/a><\/div>\n<p \/>\n<div>\n<h5>President Luiz In\u00e1cio Lula da Silva in FII PRIORITY Rio de Janeiro<\/h5>\n<\/div>\n<\/div>\n<\/div>\n<p>A <b>OESP<\/b> nao e(sao) responsavel(is) por erros, incorrecoes, atrasos ou quaisquer decisoes tomadas por seus clientes com base nos Conteudos ora disponibilizados, bem como tais Conteudos nao representam a opiniao da <b>OESP<\/b> e sao de inteira responsabilidade da <b>GlobeNewswire<\/b><\/p>\n","protected":false},"excerpt":{"rendered":"RIO DE JANEIRO, June  25, 2024  (GLOBE NEWSWIRE) &#8212; O primeiro FII PRIORITY Summit da Am\u00e9rica Latina, evento de tr\u00eas dias promovido pelo Instituto FII, come\u00e7ou na ter\u00e7a-fei","protected":false},"author":1,"featured_media":0,"comment_status":"open","ping_status":"closed","sticky":false,"template":"","format":"standard","meta":{"_acf_changed":false,"inline_featured_image":false,"_monsterinsights_skip_tracking":false,"_monsterinsights_sitenote_active":false,"_monsterinsights_sitenote_note":"","_monsterinsights_sitenote_category":0,"footnotes":""},"categories":[34],"tags":[],"class_list":["post-96119","post","type-post","status-publish","format-standard","hentry","category-releases-geral"],"acf":[],"_links":{"self":[{"href":"https:\/\/bluestudio.estadao.com.br\/agencia-de-comunicacao\/wp-json\/wp\/v2\/posts\/96119","targetHints":{"allow":["GET"]}}],"collection":[{"href":"https:\/\/bluestudio.estadao.com.br\/agencia-de-comunicacao\/wp-json\/wp\/v2\/posts"}],"about":[{"href":"https:\/\/bluestudio.estadao.com.br\/agencia-de-comunicacao\/wp-json\/wp\/v2\/types\/post"}],"author":[{"embeddable":true,"href":"https:\/\/bluestudio.estadao.com.br\/agencia-de-comunicacao\/wp-json\/wp\/v2\/users\/1"}],"replies":[{"embeddable":true,"href":"https:\/\/bluestudio.estadao.com.br\/agencia-de-comunicacao\/wp-json\/wp\/v2\/comments?post=96119"}],"version-history":[{"count":0,"href":"https:\/\/bluestudio.estadao.com.br\/agencia-de-comunicacao\/wp-json\/wp\/v2\/posts\/96119\/revisions"}],"wp:attachment":[{"href":"https:\/\/bluestudio.estadao.com.br\/agencia-de-comunicacao\/wp-json\/wp\/v2\/media?parent=96119"}],"wp:term":[{"taxonomy":"category","embeddable":true,"href":"https:\/\/bluestudio.estadao.com.br\/agencia-de-comunicacao\/wp-json\/wp\/v2\/categories?post=96119"},{"taxonomy":"post_tag","embeddable":true,"href":"https:\/\/bluestudio.estadao.com.br\/agencia-de-comunicacao\/wp-json\/wp\/v2\/tags?post=96119"}],"curies":[{"name":"wp","href":"https:\/\/api.w.org\/{rel}","templated":true}]}}