{"id":96099,"date":"2024-06-24T16:46:00","date_gmt":"2024-06-24T19:46:00","guid":{"rendered":"https:\/\/bluestudio.estadao.com.br\/agencia-de-comunicacao\/releases\/releases-geral\/parana-tera-a-primeira-unidade-do-museu-pompidou-no-brasil\/"},"modified":"2024-06-24T16:46:00","modified_gmt":"2024-06-24T19:46:00","slug":"parana-tera-a-primeira-unidade-do-museu-pompidou-no-brasil","status":"publish","type":"post","link":"https:\/\/bluestudio.estadao.com.br\/agencia-de-comunicacao\/releases\/releases-geral\/parana-tera-a-primeira-unidade-do-museu-pompidou-no-brasil\/","title":{"rendered":"Paran\u00e1 ter\u00e1 a primeira unidade do Museu Pompidou no Brasil"},"content":{"rendered":"<p><b>DINO DIVULGADOR DE NOT\u00cdCIAS<\/b><\/p>\n<p>(<a target='_blank' href='http:\/\/www.dino.com.br' rel=\"noopener\">DINO<\/a> &#8211; 24 jun, 2024) &#8211;<br \/>\nEm maio deste ano, o governador do Paran&aacute;, Carlos Massa Ratinho Junior, liderou uma <a rel=\"follow noopener\" target='_blank' href='https:\/\/www.naoviu.com.br\/ratinho-jr-assina-na-franca-a-criacao-do-museu-pompidou-em-foz-do-iguacu\/'>miss&atilde;o internacional<\/a> que passou por quatro pa&iacute;ses &#8211; Fran&ccedil;a, Pol&ocirc;nia, Estados Unidos e Canad&aacute; -, tendo como objetivo atrair investimentos, parcerias e novos neg&oacute;cios para o estado. Em meio a estes encontros, foi assinado um acordo que d&aacute; prosseguimento &agrave; instala&ccedil;&atilde;o de uma unidade do tradicional museu franc&ecirc;s Pompidou no Paran&aacute;, representando a primeira unidade na Am&eacute;rica Latina.<\/p>\n<p>Para Jaime Mendes, s&oacute;cio-propriet&aacute;rio do <a rel=\"follow noopener\" target='_blank' href='https:\/\/www.hoteldelreyfoz.com.br\/'>Del Rey Quality Hotel<\/a>, este reconhecimento representa um passo importante para a regi&atilde;o. &ldquo;Mais uma vez, Foz do Igua&ccedil;u se destaca ao receber um museu desta magnitude. O Pompidou da Fran&ccedil;a possui a mais importante cole&ccedil;&atilde;o de arte moderna e contempor&acirc;nea da Europa e nossa cidade poder&aacute; receber, em parceria, estas grandes obras&rdquo;, avalia.<\/p>\n<p>Para se ter no&ccedil;&atilde;o, de acordo com o estudo do <a rel=\"follow noopener\" target='_blank' href='https:\/\/www.mordorintelligence.com\/pt\/industry-reports\/hospitality-industry-in-brazil'>Mordor Intelligence<\/a>, o tamanho do mercado da ind&uacute;stria hoteleira no Brasil &eacute; estimado em US$ 9,14 bilh&otilde;es para este ano, e deve atingir US$ 12,35 bilh&otilde;es at&eacute; 2029, crescendo a uma taxa de crescimento anual de 6,23% durante o per&iacute;odo de previs&atilde;o (2024-2029).&nbsp;<\/p>\n<p>Ainda segundo Mendes, esses n&uacute;meros s&atilde;o otimistas e representam para o setor uma forte alavanca para o turismo cultural do pa&iacute;s. &ldquo;A chegada desse museu representa o potencial da regi&atilde;o enquanto ponto tur&iacute;stico, o que acaba, tamb&eacute;m, por impulsionar a economia local&rdquo;, refor&ccedil;a.<\/p>\n<p>Por fim, o s&oacute;cio-propriet&aacute;rio do Del Rey Quality Hotel reflete que a vinda dessa unidade do museu Pompidou no Paran&aacute; ser&aacute; uma oportunidade para a difus&atilde;o da arte. &ldquo;Foz do Igua&ccedil;u entrar&aacute; para o cen&aacute;rio de grandes cidades ao redor do mundo que ter&aacute; a oportunidade de receber visitantes para aprender, estudar e contemplar&nbsp; algumas das mais importantes obras de arte&rdquo;, conclui.<\/p>\n<p>Para mais informa&ccedil;&otilde;es sobre o setor de hotelaria de Foz do Igua&ccedil;u, basta acessar: <a rel=\"follow noopener\" target='_blank' href='https:\/\/www.hoteldelreyfoz.com.br\/'>https:\/\/www.hoteldelreyfoz.com.br\/<\/a><\/p>\n<p>A <b>OESP<\/b> n\u00e3o \u00e9(s\u00e3o) respons\u00e1vel(is) por erros, incorre\u00e7\u00f5es, atrasos ou quaisquer decis\u00f5es tomadas por seus clientes com base nos Conte\u00fados ora disponibilizados, bem como tais Conte\u00fados n\u00e3o representam a opini\u00e3o da <b>OESP<\/b> e s\u00e3o de inteira responsabilidade da <b>Dino Divulgador de Noticias Online Ltda<\/b><\/p>\n","protected":false},"excerpt":{"rendered":"(DINO &#8211; 24 jun, 2024) &#8211;\nEm maio deste ano, o governador do Paran&aacute;, Carlos Massa Ratinho Junior, liderou uma miss&atilde;o internacional que passou por quatro pa&iacute;ses","protected":false},"author":1,"featured_media":0,"comment_status":"open","ping_status":"closed","sticky":false,"template":"","format":"standard","meta":{"_acf_changed":false,"inline_featured_image":false,"_monsterinsights_skip_tracking":false,"_monsterinsights_sitenote_active":false,"_monsterinsights_sitenote_note":"","_monsterinsights_sitenote_category":0,"footnotes":""},"categories":[34],"tags":[],"class_list":["post-96099","post","type-post","status-publish","format-standard","hentry","category-releases-geral"],"acf":[],"_links":{"self":[{"href":"https:\/\/bluestudio.estadao.com.br\/agencia-de-comunicacao\/wp-json\/wp\/v2\/posts\/96099","targetHints":{"allow":["GET"]}}],"collection":[{"href":"https:\/\/bluestudio.estadao.com.br\/agencia-de-comunicacao\/wp-json\/wp\/v2\/posts"}],"about":[{"href":"https:\/\/bluestudio.estadao.com.br\/agencia-de-comunicacao\/wp-json\/wp\/v2\/types\/post"}],"author":[{"embeddable":true,"href":"https:\/\/bluestudio.estadao.com.br\/agencia-de-comunicacao\/wp-json\/wp\/v2\/users\/1"}],"replies":[{"embeddable":true,"href":"https:\/\/bluestudio.estadao.com.br\/agencia-de-comunicacao\/wp-json\/wp\/v2\/comments?post=96099"}],"version-history":[{"count":0,"href":"https:\/\/bluestudio.estadao.com.br\/agencia-de-comunicacao\/wp-json\/wp\/v2\/posts\/96099\/revisions"}],"wp:attachment":[{"href":"https:\/\/bluestudio.estadao.com.br\/agencia-de-comunicacao\/wp-json\/wp\/v2\/media?parent=96099"}],"wp:term":[{"taxonomy":"category","embeddable":true,"href":"https:\/\/bluestudio.estadao.com.br\/agencia-de-comunicacao\/wp-json\/wp\/v2\/categories?post=96099"},{"taxonomy":"post_tag","embeddable":true,"href":"https:\/\/bluestudio.estadao.com.br\/agencia-de-comunicacao\/wp-json\/wp\/v2\/tags?post=96099"}],"curies":[{"name":"wp","href":"https:\/\/api.w.org\/{rel}","templated":true}]}}