{"id":96070,"date":"2024-06-24T12:31:00","date_gmt":"2024-06-24T15:31:00","guid":{"rendered":"https:\/\/bluestudio.estadao.com.br\/agencia-de-comunicacao\/releases\/releases-geral\/jaguar-parade-rio-inicia-pinturas-ao-vivo-no-rio-de-janeiro\/"},"modified":"2024-06-24T12:31:00","modified_gmt":"2024-06-24T15:31:00","slug":"jaguar-parade-rio-inicia-pinturas-ao-vivo-no-rio-de-janeiro","status":"publish","type":"post","link":"https:\/\/bluestudio.estadao.com.br\/agencia-de-comunicacao\/releases\/releases-geral\/jaguar-parade-rio-inicia-pinturas-ao-vivo-no-rio-de-janeiro\/","title":{"rendered":"Jaguar Parade RIO inicia pinturas ao vivo no Rio de Janeiro"},"content":{"rendered":"<p><b>DINO DIVULGADOR DE NOT\u00cdCIAS<\/b><\/p>\n<p>Rio de Janeiro RJ&#8211;(<a target='_blank' href='http:\/\/www.dino.com.br' rel=\"noopener\">DINO<\/a> &#8211; 24 jun, 2024) &#8211;<br \/>\nO Rio de Janeiro vai ser invadido por dezenas de on&ccedil;as esculturais, pintadas por diversos artistas, que ser&atilde;o expostas gratuitamente em pra&ccedil;as, praias, parques e pontos tur&iacute;sticos da cidade maravilhosa entre os dias 12 de julho e 11 de agosto.&nbsp;<\/p>\n<p>A Jaguar Parade desfilar&aacute; 67 obras de arte pelas ruas da cidade. As on&ccedil;as multicoloridas ser&atilde;o vistas em locais emblem&aacute;ticos como o P&atilde;o de A&ccedil;&uacute;car, o Parque Lage, o Museu do Amanh&atilde;, o Cristo Redentor, a Cinel&acirc;ndia, a Lapa, a zona portu&aacute;ria, o Mirante do Leblon, entre outros.<\/p>\n<p>Antes que o p&uacute;blico carioca possa conferir as obras, que ir&atilde;o a leil&atilde;o em 13 de agosto no Hotel Fairmont, os artistas as pintar&atilde;o &ldquo;ao vivo&rdquo;, diante dos olhos do p&uacute;blico.<\/p>\n<p>As sess&otilde;es de &ldquo;Live Painting&rdquo; ocorrer&atilde;o diariamente entre os dias 20 de junho e 10 de julho, das 14h &agrave;s 21h de segunda a s&aacute;bado e, aos domingos e feriados, das 14h &agrave;s 20h, nos ateli&ecirc;s oficiais, especialmente montados para o projeto: no RIOgale&atilde;o &#8211; Aeroporto Internacional Tom Jobim, na Ilha do Governador (Terminal 2, piso 0), e no shopping VillageMall, na Barra da Tijuca (&Aacute;trio Am&eacute;ricas, Piso L1).<\/p>\n<p>Artistas como Jo&atilde;o Incerti, Bruna Frog, Albarte e Edu Ribeiro dar&atilde;o forma a seus projetos previamente selecionados dentre centenas de inscritos. Quem visitar o shopping e o aeroporto poder&aacute; conferir em primeira m&atilde;o as on&ccedil;as que povoar&atilde;o a cidade.<\/p>\n<p>As sess&otilde;es de pintura ao vivo tamb&eacute;m ocorrer&atilde;o no Parque Lage, P&atilde;o de A&ccedil;&uacute;car e Hotel Fairmont. Entre os dias 25 e 28 de junho, das 9h &agrave;s 12h30, ser&atilde;o pintadas a &ldquo;on&ccedil;a ind&iacute;gena&rdquo; e a &ldquo;on&ccedil;a sensorial&rdquo; no Parque Lage; j&aacute; no P&atilde;o de A&ccedil;&uacute;car, as sess&otilde;es ser&atilde;o nos dias 6 e 7 de julho, e no Hotel Fairmont, no dia 26 de junho.<\/p>\n<p> A lista dos hor&aacute;rios de pintura de cada artista e local est&aacute; no <a rel=\"follow noopener\" target='_blank' href='https:\/\/jaguarparade.com\/'>site<\/a> e nas <a rel=\"follow noopener\" target='_blank' href='https:\/\/www.instagram.com\/jaguar.parade\/'>m&iacute;dias sociais<\/a> do evento.<\/p>\n<p>A Jaguar Parade &eacute; apresentada pelo Minist&eacute;rio da Cultura, por interm&eacute;dio da Lei de Incentivo &agrave; Cultura, e pela Suzano, e conta com o patroc&iacute;nio diamante de John Deere, BQR, Pacco, TNT, Fairfax e Consigaz.<\/p>\n<p><strong>Jaguar Parade &#8211; Arte que salva o maior felino das Am&eacute;ricas.<\/strong><\/p>\n<p>Misturando arte e conscientiza&ccedil;&atilde;o socioambiental, a Jaguar Parade &eacute; atualmente uma das maiores exposi&ccedil;&otilde;es de arte ao ar livre do mundo. O projeto internacional re&uacute;ne artistas e p&uacute;blico em torno de uma importante causa: a conserva&ccedil;&atilde;o da on&ccedil;a-pintada e a preserva&ccedil;&atilde;o de seu habitat.<\/p>\n<p>Ap&oacute;s passar por S&atilde;o Paulo, Florian&oacute;polis, Belo Horizonte, e realizar com grande sucesso sua primeira edi&ccedil;&atilde;o em Nova York, o movimento art&iacute;stico finalmente chega ao Rio de Janeiro.<\/p>\n<p>Com o objetivo de arrecadar fundos atrav&eacute;s da venda das obras, a mostra espalhar&aacute; pela cidade dezenas de esculturas customizadas por artistas locais e nacionais, exibidas gratuitamente em pontos tur&iacute;sticos e principais espa&ccedil;os de circula&ccedil;&atilde;o de p&uacute;blico.<\/p>\n<p>Ap&oacute;s a exibi&ccedil;&atilde;o, as obras ser&atilde;o disponibilizadas para venda atrav&eacute;s de leil&otilde;es virtuais e presenciais que destinar&atilde;o 100% do lucro l&iacute;quido para as ONGs parceiras: On&ccedil;afari, Panthera, Ampara Silvestre e FAS, que se dedicam a conservar a fauna e os habitats naturais brasileiros por meio de projetos voltados &agrave; ci&ecirc;ncia, educa&ccedil;&atilde;o e ecoturismo.<\/p>\n<p>As exposi&ccedil;&otilde;es da Jaguar Parade j&aacute; contaram com a participa&ccedil;&atilde;o de 176 artistas que customizaram 185 obras, exibidas durante cerca de 209 dias, para um p&uacute;blico estimado em 31 milh&otilde;es de pessoas. Em suas primeiras edi&ccedil;&otilde;es, foram arrecadados mais de R$ 1.600.000,00 com a venda das obras, contribuindo com as ONGs parceiras, reconhecidas pelo trabalho de conserva&ccedil;&atilde;o ambiental e das on&ccedil;as-pintadas.<\/p>\n<p> Em 2025, a Jaguar Parade estar&aacute; visitando Miami, Cidade do M&eacute;xico, Paris e Bel&eacute;m, durante a COP-30.<\/p>\n<p>A Jaguar Parade Rio 2024 &eacute; mais uma realiza&ccedil;&atilde;o da Artery, empresa refer&ecirc;ncia na cria&ccedil;&atilde;o e promo&ccedil;&atilde;o de projetos de arte ligados a causas socioambientais, liderada por seus s&oacute;cios, Giovane Pasa e Carolina Barreto.<\/p>\n<p>&ldquo;O principal prop&oacute;sito &eacute; conscientizar as pessoas sobre a necessidade urgente de conservar a on&ccedil;a-pintada e seu habitat. Hoje, ela est&aacute; oficialmente extinta nos Estados Unidos, &eacute; muito rara no M&eacute;xico, e j&aacute; praticamente desapareceu da maior parte das regi&otilde;es nordeste, sudeste e sul do Brasil&rdquo;, explica Giovane Pasa.<\/p>\n<p>&ldquo;A Jaguar Parade Rio 2024 n&atilde;o vai apenas encantar os olhos, mas tamb&eacute;m tocar&aacute; os cora&ccedil;&otilde;es. O Rio, uma das cidades mais vibrantes do pa&iacute;s, tem artistas talentosos e inspirados por uma rica natureza. Certamente teremos um conjunto de obras que traduzir&aacute; a vivacidade carioca, enquanto conscientizamos sobre a necessidade de proteger a biodiversidade&rdquo;, completa Carolina Barreto.<\/p>\n<p>A on&ccedil;a-pintada &eacute; o maior felino das Am&eacute;ricas e, originalmente, habitava desde os Estados Unidos at&eacute; a Argentina. Hoje, ela est&aacute; oficialmente extinta nos Estados Unidos, &eacute; muito rara no M&eacute;xico e j&aacute; praticamente desapareceu dos pampas e da maior parte das regi&otilde;es nordeste, sudeste e sul do Brasil.<\/p>\n<p>Por estar no topo da cadeia alimentar e necessitar de grandes &aacute;reas preservadas para sobreviver, as crescentes altera&ccedil;&otilde;es ambientais como o desmatamento, a ca&ccedil;a ilegal e a polui&ccedil;&atilde;o s&atilde;o as principais causas da severa diminui&ccedil;&atilde;o de sua popula&ccedil;&atilde;o.<\/p>\n<p>Hoje, o n&uacute;mero de indiv&iacute;duos j&aacute; &eacute; cerca de 50% menor que a popula&ccedil;&atilde;o original; nos &uacute;ltimos 27 anos, ocorreu uma diminui&ccedil;&atilde;o de 30% da esp&eacute;cie e, se n&atilde;o houver uma aten&ccedil;&atilde;o s&eacute;ria em preserva&ccedil;&atilde;o, a perspectiva &eacute; de diminuir cerca de 30% nas pr&oacute;ximas tr&ecirc;s d&eacute;cadas. <em>(fonte:&nbsp;<a rel=\"follow noopener\" target='_blank' href='https:\/\/oncafari.org\/especie_fauna\/onca-pintada\/'>on&ccedil;afari.org<\/a> e <a rel=\"follow noopener\" target='_blank' href='https:\/\/ava.icmbio.gov.br\/pluginfile.php\/4592\/mod_data\/content\/15535\/CENAP%20Bio_Brasil_2013_Onca_pintada.pdf'>pantheraon&ccedil;a<\/a>)<\/em><\/p>\n<p>&nbsp;<\/p>\n<p>&nbsp;<\/p>\n<p>Website: <a target='_blank' href='https:\/\/www.instagram.com\/jaguar.parade\/' rel=\"follow noopener\">https:\/\/www.instagram.com\/jaguar.parade\/<\/a><img src='https:\/\/api.dino.com.br\/v2\/news\/tr\/302956' alt='' style='border:0px;width:1px;height:1px' \/><br \/>\nA <b>OESP<\/b> n\u00e3o \u00e9(s\u00e3o) respons\u00e1vel(is) por erros, incorre\u00e7\u00f5es, atrasos ou quaisquer decis\u00f5es tomadas por seus clientes com base nos Conte\u00fados ora disponibilizados, bem como tais Conte\u00fados n\u00e3o representam a opini\u00e3o da <b>OESP<\/b> e s\u00e3o de inteira responsabilidade da <b>Dino Divulgador de Noticias Online Ltda<\/b><\/p>\n","protected":false},"excerpt":{"rendered":"Rio de Janeiro RJ&#8211;(DINO &#8211; 24 jun, 2024) &#8211;\nO Rio de Janeiro vai ser invadido por dezenas de on&ccedil;as esculturais, pintadas por diversos artistas, que ser&atilde;o expostas gra","protected":false},"author":1,"featured_media":0,"comment_status":"open","ping_status":"closed","sticky":false,"template":"","format":"standard","meta":{"_acf_changed":false,"inline_featured_image":false,"_monsterinsights_skip_tracking":false,"_monsterinsights_sitenote_active":false,"_monsterinsights_sitenote_note":"","_monsterinsights_sitenote_category":0,"footnotes":""},"categories":[34],"tags":[],"class_list":["post-96070","post","type-post","status-publish","format-standard","hentry","category-releases-geral"],"acf":[],"_links":{"self":[{"href":"https:\/\/bluestudio.estadao.com.br\/agencia-de-comunicacao\/wp-json\/wp\/v2\/posts\/96070","targetHints":{"allow":["GET"]}}],"collection":[{"href":"https:\/\/bluestudio.estadao.com.br\/agencia-de-comunicacao\/wp-json\/wp\/v2\/posts"}],"about":[{"href":"https:\/\/bluestudio.estadao.com.br\/agencia-de-comunicacao\/wp-json\/wp\/v2\/types\/post"}],"author":[{"embeddable":true,"href":"https:\/\/bluestudio.estadao.com.br\/agencia-de-comunicacao\/wp-json\/wp\/v2\/users\/1"}],"replies":[{"embeddable":true,"href":"https:\/\/bluestudio.estadao.com.br\/agencia-de-comunicacao\/wp-json\/wp\/v2\/comments?post=96070"}],"version-history":[{"count":0,"href":"https:\/\/bluestudio.estadao.com.br\/agencia-de-comunicacao\/wp-json\/wp\/v2\/posts\/96070\/revisions"}],"wp:attachment":[{"href":"https:\/\/bluestudio.estadao.com.br\/agencia-de-comunicacao\/wp-json\/wp\/v2\/media?parent=96070"}],"wp:term":[{"taxonomy":"category","embeddable":true,"href":"https:\/\/bluestudio.estadao.com.br\/agencia-de-comunicacao\/wp-json\/wp\/v2\/categories?post=96070"},{"taxonomy":"post_tag","embeddable":true,"href":"https:\/\/bluestudio.estadao.com.br\/agencia-de-comunicacao\/wp-json\/wp\/v2\/tags?post=96070"}],"curies":[{"name":"wp","href":"https:\/\/api.w.org\/{rel}","templated":true}]}}