{"id":95907,"date":"2024-06-20T14:40:00","date_gmt":"2024-06-20T17:40:00","guid":{"rendered":"https:\/\/bluestudio.estadao.com.br\/agencia-de-comunicacao\/releases\/releases-geral\/cirurgiao-plastico-explica-o-que-e-o-sutia-interno\/"},"modified":"2024-06-20T14:40:00","modified_gmt":"2024-06-20T17:40:00","slug":"cirurgiao-plastico-explica-o-que-e-o-sutia-interno","status":"publish","type":"post","link":"https:\/\/bluestudio.estadao.com.br\/agencia-de-comunicacao\/releases\/releases-geral\/cirurgiao-plastico-explica-o-que-e-o-sutia-interno\/","title":{"rendered":"Cirurgi\u00e3o pl\u00e1stico explica o que \u00e9 o suti\u00e3 interno"},"content":{"rendered":"<p><b>DINO DIVULGADOR DE NOT\u00cdCIAS<\/b><\/p>\n<p>(<a target='_blank' href='http:\/\/www.dino.com.br' rel=\"noopener\">DINO<\/a> &#8211; 20 jun, 2024) &#8211; <\/p>\n<p style='font-weight: 400' data-mce-style='font-weight: 400;'><a rel=\"follow noopener\" target='_blank' href='https:\/\/www.cirurgiaplastica.org.br\/cirurgias-e-procedimentos\/mama\/' data-mce-target='_blank'>De acordo com a Sociedade Brasileira de Cirurgia Pl\u00e1stica<\/a>, existem diferentes procedimentos que podem modificar os seios. Para evitar a queda das mamas, que pode ocorrer devido \u00e0 flacidez da pele e \u00e0 fraqueza das estruturas que sustentam os seios, \u00e9 poss\u00edvel recorrer a uma t\u00e9cnica chamada de suti\u00e3 interno.<\/p>\n<p style='font-weight: 400' data-mce-style='font-weight: 400;'>Existe uma tend\u00eancia que aponta um interesse crescente na mamoplastia (aumento ou redu\u00e7\u00e3o dos seios), procedimento que pode ser complementado pelo suti\u00e3 interno. Segundo a <a rel=\"follow noopener\" target='_blank' href='https:\/\/www.isaps.org\/media\/hdmi0del\/2021-global-survey-press-release-portuguese-latam.pdf' data-mce-target='_blank'>Sociedade Internacional de Cirurgia Pl\u00e1stica Est\u00e9tica (International Society of Aesthetic Plastic Surgery, ISAPS)<\/a>&nbsp;o aumento dos seios permanece sendo o procedimento cir\u00fargico mais comum para as mulheres, com apenas um leve aumento de +0,5% nos \u00faltimos quatro anos. Enquanto a cirurgia para remover implantes aumentou 22,6% (+49,6% nos \u00faltimos quatro anos), e o lifting mam\u00e1rio aumentou 31,4% no ano passado.<\/p>\n<p style='font-weight: 400' data-mce-style='font-weight: 400;'>O<a rel=\"follow noopener\" target='_blank' href='https:\/\/www.instagram.com\/drleandrodebs?igsh=NnAxanpqNDV3NHZo' data-mce-target='_blank'> cirurgi\u00e3o pl\u00e1stico Leandro Debs<\/a> (CRM 32091\/MG) esclarece como a t\u00e9cnica do suti\u00e3 interno pode manter o formato dos seios por mais tempo.<\/p>\n<p><strong>O que \u00e9 o <\/strong><strong>suti\u00e3<\/strong> <strong>interno<\/strong><strong>?<\/strong><\/p>\n<p style='font-weight: 400' data-mce-style='font-weight: 400;'><strong>Dr. Leandro Debs:<\/strong> Em cirurgias como mamoplastia (aumento ou redu\u00e7\u00e3o dos seios), mastopexia (lifting de mama) e mamoplastia de aumento (pr\u00f3tese de mama), \u00e9 feito um refor\u00e7o no sulco mam\u00e1rio para evitar que os seios deslizem pelo t\u00f3rax. Esse refor\u00e7o \u00e9 popularmente conhecido como &#8216;suti\u00e3 interno&#8217;.<\/p>\n<p style='font-weight: 400' data-mce-style='font-weight: 400;'><strong>Como \u00e9 realizado o procedimento?<\/strong><\/p>\n<p style='font-weight: 400' data-mce-style='font-weight: 400;'><strong>Dr. Leandro Debs: <\/strong>Durante a cirurgia de mama, o m\u00e9dico faz pontos que fixam o tecido mam\u00e1rio ao tecido do t\u00f3rax na regi\u00e3o do sulco mam\u00e1rio. Isso proporciona um suporte adicional, ajudando a manter a posi\u00e7\u00e3o e a forma dos seios por mais tempo, semelhante ao efeito de um suti\u00e3, da\u00ed o nome &#8216;suti\u00e3 interno&#8217;.<\/p>\n<p style='font-weight: 400' data-mce-style='font-weight: 400;'><strong>Quando o <\/strong><strong>suti\u00e3<\/strong> <strong>interno<\/strong><strong> \u00e9 recomendado?<\/strong><\/p>\n<p style='font-weight: 400' data-mce-style='font-weight: 400;'><strong>Dr. Leandro Debs: <\/strong>O suti\u00e3 interno \u00e9 indicado para dar suporte extra aos implantes, especialmente em pacientes com sulco mam\u00e1rio frouxo.&nbsp;Tamb\u00e9m \u00e9 usado para reconstruir o sulco mam\u00e1rio que pode ser afetado durante a cirurgia, principalmente quando o m\u00fasculo \u00e9 desinserido das costelas.&nbsp;\u00c9 recomendado na reconstru\u00e7\u00e3o mam\u00e1ria ap\u00f3s a mastectomia, para melhorar o suporte e a simetria do sulco, e em revis\u00f5es de cirurgias anteriores onde houve deslizamento do implante, conhecido como dupla bolha.<\/p>\n<p style='font-weight: 400' data-mce-style='font-weight: 400;'><strong>Existem contraindica\u00e7\u00f5es? Se sim, quais?<\/strong><\/p>\n<p style='font-weight: 400' data-mce-style='font-weight: 400;'><strong>Dr. Leandro Debs: <\/strong>Nem todas as t\u00e9cnicas s\u00e3o indicadas para todos os pacientes. Ap\u00f3s uma avalia\u00e7\u00e3o, o cirurgi\u00e3o determinar\u00e1 a melhor t\u00e9cnica para o seu caso. Cada pessoa \u00e9 \u00fanica, e os resultados podem variar. Pacientes com expectativas irreais ou que n\u00e3o seguem as recomenda\u00e7\u00f5es pr\u00e9 e p\u00f3s-operat\u00f3rias devem evitar a cirurgia.<\/p>\n<p><strong>Como \u00e9 o p\u00f3s-operat\u00f3rio?<\/strong><\/p>\n<p style='font-weight: 400' data-mce-style='font-weight: 400;'><strong>Dr. Leandro Debs: <\/strong>O p\u00f3s-operat\u00f3rio varia de acordo com a cirurgia realizada e as orienta\u00e7\u00f5es do seu cirurgi\u00e3o. Cada paciente tem uma recupera\u00e7\u00e3o diferente.&nbsp;A maioria pode retomar atividades leves em alguns dias ou semanas, mas atividades f\u00edsicas intensas devem ser evitadas por 4 a 8 semanas. Pode haver dor e desconforto leve a moderada, controlados com analg\u00e9sicos.&nbsp;<\/p>\n<p style='font-weight: 400' data-mce-style='font-weight: 400;'>Os curativos s\u00e3o mantidos por alguns dias, e \u00e9 importante manter a \u00e1rea limpa e seca. \u00c9 recomendado o uso de um suti\u00e3 cir\u00fargico para suporte adicional e evitar esfor\u00e7o f\u00edsico excessivo, conforme orienta\u00e7\u00e3o do seu m\u00e9dico.&nbsp;<\/p>\n<p style='font-weight: 400' data-mce-style='font-weight: 400;'>O acompanhamento m\u00e9dico \u00e9 essencial para monitorar a cicatriza\u00e7\u00e3o. A recupera\u00e7\u00e3o completa pode levar alguns meses, com a maioria dos pacientes relatando melhorias significativas na forma e no suporte das mamas.<\/p>\n<\/p>\n<p>Website: <a target='_blank' href='https:\/\/www.instagram.com\/drleandrodebs?igsh=NnAxanpqNDV3NHZo' rel=\"follow noopener\">https:\/\/www.instagram.com\/drleandrodebs?igsh=NnAxanpqNDV3NHZo<\/a><img src='https:\/\/api.dino.com.br\/v2\/news\/tr\/305583' alt='' style='border:0px;width:1px;height:1px' \/><br \/>\nA <b>OESP<\/b> n\u00e3o \u00e9(s\u00e3o) respons\u00e1vel(is) por erros, incorre\u00e7\u00f5es, atrasos ou quaisquer decis\u00f5es tomadas por seus clientes com base nos Conte\u00fados ora disponibilizados, bem como tais Conte\u00fados n\u00e3o representam a opini\u00e3o da <b>OESP<\/b> e s\u00e3o de inteira responsabilidade da <b>Dino Divulgador de Noticias Online Ltda<\/b><\/p>\n","protected":false},"excerpt":{"rendered":"(DINO &#8211; 20 jun, 2024) &#8211; \nDe acordo com a Sociedade Brasileira de Cirurgia Pl\u00e1stica, existem diferentes procedimentos","protected":false},"author":1,"featured_media":0,"comment_status":"open","ping_status":"closed","sticky":false,"template":"","format":"standard","meta":{"_acf_changed":false,"inline_featured_image":false,"_monsterinsights_skip_tracking":false,"_monsterinsights_sitenote_active":false,"_monsterinsights_sitenote_note":"","_monsterinsights_sitenote_category":0,"footnotes":""},"categories":[34],"tags":[],"class_list":["post-95907","post","type-post","status-publish","format-standard","hentry","category-releases-geral"],"acf":[],"_links":{"self":[{"href":"https:\/\/bluestudio.estadao.com.br\/agencia-de-comunicacao\/wp-json\/wp\/v2\/posts\/95907","targetHints":{"allow":["GET"]}}],"collection":[{"href":"https:\/\/bluestudio.estadao.com.br\/agencia-de-comunicacao\/wp-json\/wp\/v2\/posts"}],"about":[{"href":"https:\/\/bluestudio.estadao.com.br\/agencia-de-comunicacao\/wp-json\/wp\/v2\/types\/post"}],"author":[{"embeddable":true,"href":"https:\/\/bluestudio.estadao.com.br\/agencia-de-comunicacao\/wp-json\/wp\/v2\/users\/1"}],"replies":[{"embeddable":true,"href":"https:\/\/bluestudio.estadao.com.br\/agencia-de-comunicacao\/wp-json\/wp\/v2\/comments?post=95907"}],"version-history":[{"count":0,"href":"https:\/\/bluestudio.estadao.com.br\/agencia-de-comunicacao\/wp-json\/wp\/v2\/posts\/95907\/revisions"}],"wp:attachment":[{"href":"https:\/\/bluestudio.estadao.com.br\/agencia-de-comunicacao\/wp-json\/wp\/v2\/media?parent=95907"}],"wp:term":[{"taxonomy":"category","embeddable":true,"href":"https:\/\/bluestudio.estadao.com.br\/agencia-de-comunicacao\/wp-json\/wp\/v2\/categories?post=95907"},{"taxonomy":"post_tag","embeddable":true,"href":"https:\/\/bluestudio.estadao.com.br\/agencia-de-comunicacao\/wp-json\/wp\/v2\/tags?post=95907"}],"curies":[{"name":"wp","href":"https:\/\/api.w.org\/{rel}","templated":true}]}}