{"id":95905,"date":"2024-06-20T14:42:00","date_gmt":"2024-06-20T17:42:00","guid":{"rendered":"https:\/\/bluestudio.estadao.com.br\/agencia-de-comunicacao\/prnewswire\/prnewseconomia\/os-data-centers-deac-e-dlc-fortalecem-a-posicao-no-norte-da-europa-com-a-nova-marca-delska\/"},"modified":"2024-06-20T14:42:00","modified_gmt":"2024-06-20T17:42:00","slug":"os-data-centers-deac-e-dlc-fortalecem-a-posicao-no-norte-da-europa-com-a-nova-marca-delska","status":"publish","type":"post","link":"https:\/\/bluestudio.estadao.com.br\/agencia-de-comunicacao\/prnewswire\/prnewseconomia\/os-data-centers-deac-e-dlc-fortalecem-a-posicao-no-norte-da-europa-com-a-nova-marca-delska\/","title":{"rendered":"Os data centers DEAC e DLC fortalecem a posi\u00e7\u00e3o no norte da Europa com a nova marca Delska"},"content":{"rendered":"<p><b>PR NEWSWIRE<\/b><\/p>\n<div class=\"xn-content\">\n<span class=\"legendSpanClass\"><span class=\"xn-location\">RIGA<\/span>, Let\u00f4nia<\/span>, <span class=\"legendSpanClass\">20 de junho de 2024<\/span> \/PRNewswire\/ &#8212; <b>O DEAC e o Data Logistics Center (DLC) comemoram 25 anos de experi\u00eancia em data center e redes ao se integrarem em uma marca conjunta, a Delska. Esta fus\u00e3o estrat\u00e9gica beneficiar\u00e1 as empresas, oferecendo solu\u00e7\u00f5es modernas para opera\u00e7\u00f5es confi\u00e1veis de infraestrutura de TI e redes em v\u00e1rios locais.<\/b><\/p>\n<div id=\"prni_dvprnejpg8c92left\" dir=\"ltr\" style=\"width: 100%;text-align: left\"><img decoding=\"async\" id=\"prnejpg8c92left\" title=\"DEAC and DLC merged into a new brand Delska.\" src=\"https:\/\/mma.prnewswire.com\/media\/2441990\/DEAC_and_DLC.jpg\" alt=\"DEAC and DLC merged into a new brand Delska.\" align=\"middle\" \/><\/div>\n<p>As duas empresas fazem parte do grupo Baltic Rezo, de propriedade do Swiss Quaero European Infrastructure Fund II e administrado pela Quaero Capital desde 2020, acelerando o desenvolvimento e a expans\u00e3o da infraestrutura. As pessoas jur\u00eddicas permanecer\u00e3o as mesmas.<\/p>\n<p><span class=\"xn-person\">Andris Gailitis<\/span>, CEO da DEAC e DLC, comenta: &#8220;Estamos embarcando em uma emocionante jornada de rebranding, que envolve uma coopera\u00e7\u00e3o mais estreita entre as empresas e um portf\u00f3lio de servi\u00e7os expandido para enfrentar os desafios de TI de nossos clientes de mais de 40 pa\u00edses. Os clientes e a abordagem pessoal aos seus neg\u00f3cios s\u00e3o o cora\u00e7\u00e3o da nova marca. Nossa for\u00e7a est\u00e1 em solu\u00e7\u00f5es personalizadas para atender \u00e0s necessidades espec\u00edficas de empresas e do setor.&#8221;<\/p>\n<p>Os valores da Delska s\u00e3o franqueza, flexibilidade e confiabilidade. As empresas ainda enfatizam a seguran\u00e7a, qualidade e sustentabilidade usando energia verde e diesel Neste MY da HVO para geradores de energia de backup.<\/p>\n<p>O boom da IA, o aumento da demanda por processamento de dados em larga escala, a computa\u00e7\u00e3o de ponta e de alta pot\u00eancia aceleraram a constru\u00e7\u00e3o de data centers. Para lidar com a falta de capacidade energ\u00e9tica nos principais centros europeus, um novo data center de 10 MW est\u00e1 em constru\u00e7\u00e3o na Let\u00f3nia. Ser\u00e1 uma dos data centers mais sustent\u00e1veis da regi\u00e3o, com certifica\u00e7\u00f5es LEED e Tier III, com lan\u00e7amento previsto para 2025. Op\u00e7\u00f5es flex\u00edveis de at\u00e9 100 kW por rack e 1000 racks est\u00e3o dispon\u00edveis para pr\u00e9-reserva, e o projeto de constru\u00e7\u00e3o pode ser adaptado com expans\u00e3o para at\u00e9 50 MW.<\/p>\n<p>Os planos de crescimento da Delska incluem a constru\u00e7\u00e3o de um novo data center na Litu\u00e2nia, assim como a entrada de outros participantes no grupo em breve para construir um forte data center regional e um ecossistema de rede. V\u00e1rios data centers pr\u00f3prios em <span class=\"xn-location\">Riga<\/span> e <span class=\"xn-location\">Vilnius<\/span> e pontos de presen\u00e7a em <span class=\"xn-location\">Frankfurt<\/span>, Amsterd\u00e3 e Estocolmo garantem a continuidade dos neg\u00f3cios dos clientes com solu\u00e7\u00f5es de recupera\u00e7\u00e3o de desastres.<\/p>\n<p>A Delska oferece uma ampla gama de servi\u00e7os de TI &#8211; nuvem, servidores dedicados, seguran\u00e7a, solu\u00e7\u00f5es de rede e servi\u00e7os gerenciados. &#8220;Al\u00e9m da implanta\u00e7\u00e3o das m\u00e1quinas virtuais dispon\u00edveis atualmente em nossa plataforma de autoatendimento, criada para pequenas e m\u00e9dias empresas, desenvolvedores e startups, este ano implementaremos o servi\u00e7o bare metal instant\u00e2neo para simplificar ainda mais a vida do pessoal de TI&#8221;, enfatiza A. Gailitis.<\/p>\n<p>Saiba mais: <a href=\"http:\/\/www.delska.com\/\" target=\"_blank\" rel=\"nofollow noopener\">www.delska.com<\/a><\/p>\n<p>Foto &#8211; <a href=\"https:\/\/mma.prnewswire.com\/media\/2441990\/DEAC_and_DLC.jpg\" target=\"_blank\" rel=\"nofollow noopener\">https:\/\/mma.prnewswire.com\/media\/2441990\/DEAC_and_DLC.jpg<\/a><br \/>Logo &#8211; <a href=\"https:\/\/mma.prnewswire.com\/media\/2441991\/4769458\/DEAC_DLC_DELSKA_Logo.jpg\" target=\"_blank\" rel=\"nofollow noopener\">https:\/\/mma.prnewswire.com\/media\/2441991\/4769458\/DEAC_DLC_DELSKA_Logo.jpg<\/a><\/p>\n<div id=\"prni_dvprnejpg5f75left\" dir=\"ltr\" style=\"width: 100%;text-align: left\"><img decoding=\"async\" id=\"prnejpg5f75left\" title=\"DEAC &amp; DLC Logo\" src=\"https:\/\/mma.prnewswire.com\/media\/2441991\/4769458\/DEAC_DLC_DELSKA_Logo.jpg\" alt=\"DEAC &amp; DLC Logo\" align=\"middle\" \/><\/div>\n<p>\u00a0<\/p>\n<p id=\"PURL\"><img loading=\"lazy\" decoding=\"async\" title=\"Cision\" width=\"12\" height=\"12\" alt=\"Cision\" src=\"https:\/\/c212.net\/c\/img\/favicon.png?sn=PT41305&amp;sd=2024-06-20\" \/> View original content:<a id=\"PRNURL\" rel=\"nofollow noopener\" href=\"https:\/\/www.prnewswire.com\/br\/comunicados-para-a-imprensa\/os-data-centers-deac-e-dlc-fortalecem-a-posicao-no-norte-da-europa-com-a-nova-marca-delska-302178316.html\" target=\"_blank\">https:\/\/www.prnewswire.com\/br\/comunicados-para-a-imprensa\/os-data-centers-deac-e-dlc-fortalecem-a-posicao-no-norte-da-europa-com-a-nova-marca-delska-302178316.html<\/a><\/p>\n<p><span class=\"xn-person\">FONTE  DEAC<\/span> &amp; DLC<\/p>\n<\/div>\n<p><img decoding=\"async\" alt=\"\" src=\"https:\/\/rt.prnewswire.com\/rt.gif?NewsItemId=PT41305&amp;Transmission_Id=202406201334PR_NEWS_LATAM____PT41305&amp;DateId=20240620\" style=\"border:0px;width:1px;height:1px\" \/><\/p>\n<p>A <b>OESP<\/b> n\u00e3o \u00e9(s\u00e3o) respons\u00e1vel(is) por erros, incorre\u00e7\u00f5es, atrasos ou quaisquer decis\u00f5es tomadas por seus clientes com base nos Conte\u00fados ora disponibilizados, bem como tais Conte\u00fados n\u00e3o representam a opini\u00e3o da <b>OESP<\/b> e s\u00e3o de inteira responsabilidade da <b>PR Newswire Ltda<\/b><\/p>\n","protected":false},"excerpt":{"rendered":"O DEAC e o Data Logistics Center (DLC) comemoram 25 anos de experi\u00eancia em data center e redes ao se integrarem em uma marca conjunta, a Delska. Esta fus\u00e3o estrat\u00e9gica benefici","protected":false},"author":1,"featured_media":0,"comment_status":"open","ping_status":"closed","sticky":false,"template":"","format":"standard","meta":{"_acf_changed":false,"inline_featured_image":false,"_monsterinsights_skip_tracking":false,"_monsterinsights_sitenote_active":false,"_monsterinsights_sitenote_note":"","_monsterinsights_sitenote_category":0,"footnotes":""},"categories":[29],"tags":[],"class_list":["post-95905","post","type-post","status-publish","format-standard","hentry","category-prnewseconomia"],"acf":[],"_links":{"self":[{"href":"https:\/\/bluestudio.estadao.com.br\/agencia-de-comunicacao\/wp-json\/wp\/v2\/posts\/95905","targetHints":{"allow":["GET"]}}],"collection":[{"href":"https:\/\/bluestudio.estadao.com.br\/agencia-de-comunicacao\/wp-json\/wp\/v2\/posts"}],"about":[{"href":"https:\/\/bluestudio.estadao.com.br\/agencia-de-comunicacao\/wp-json\/wp\/v2\/types\/post"}],"author":[{"embeddable":true,"href":"https:\/\/bluestudio.estadao.com.br\/agencia-de-comunicacao\/wp-json\/wp\/v2\/users\/1"}],"replies":[{"embeddable":true,"href":"https:\/\/bluestudio.estadao.com.br\/agencia-de-comunicacao\/wp-json\/wp\/v2\/comments?post=95905"}],"version-history":[{"count":0,"href":"https:\/\/bluestudio.estadao.com.br\/agencia-de-comunicacao\/wp-json\/wp\/v2\/posts\/95905\/revisions"}],"wp:attachment":[{"href":"https:\/\/bluestudio.estadao.com.br\/agencia-de-comunicacao\/wp-json\/wp\/v2\/media?parent=95905"}],"wp:term":[{"taxonomy":"category","embeddable":true,"href":"https:\/\/bluestudio.estadao.com.br\/agencia-de-comunicacao\/wp-json\/wp\/v2\/categories?post=95905"},{"taxonomy":"post_tag","embeddable":true,"href":"https:\/\/bluestudio.estadao.com.br\/agencia-de-comunicacao\/wp-json\/wp\/v2\/tags?post=95905"}],"curies":[{"name":"wp","href":"https:\/\/api.w.org\/{rel}","templated":true}]}}