{"id":95873,"date":"2024-06-20T10:42:00","date_gmt":"2024-06-20T13:42:00","guid":{"rendered":"https:\/\/bluestudio.estadao.com.br\/agencia-de-comunicacao\/prnewswire\/prnewsinternacional\/o-lendario-atacante-samuel-etoo-entre-os-vencedores-da-28a-edicao-do-premio-internacional-fair-play-menarini\/"},"modified":"2024-06-20T10:42:00","modified_gmt":"2024-06-20T13:42:00","slug":"o-lendario-atacante-samuel-etoo-entre-os-vencedores-da-28a-edicao-do-premio-internacional-fair-play-menarini","status":"publish","type":"post","link":"https:\/\/bluestudio.estadao.com.br\/agencia-de-comunicacao\/prnewswire\/prnewsinternacional\/o-lendario-atacante-samuel-etoo-entre-os-vencedores-da-28a-edicao-do-premio-internacional-fair-play-menarini\/","title":{"rendered":"O LEND\u00c1RIO ATACANTE SAMUEL ETO&#8217;O ENTRE OS VENCEDORES DA 28\u00aa EDI\u00c7\u00c3O DO PR\u00caMIO INTERNACIONAL FAIR PLAY MENARINI"},"content":{"rendered":"<p><b>PR NEWSWIRE<\/b><\/p>\n<div class=\"xn-content\">\n<span class=\"legendSpanClass\">FLOREN\u00c7A, It\u00e1lia<\/span>, <span class=\"legendSpanClass\">20 de junho de 2024<\/span> \/PRNewswire\/ &#8212;\u00a0Os membros do Conselho da Funda\u00e7\u00e3o <b>Fair Play Menarini<\/b>, <b>Antonello Biscini<\/b>, <b><span class=\"xn-person\">Valeria Speroni Cardi<\/span><\/b> e <b><span class=\"xn-person\">Ennio Troiano<\/span><\/b>, t\u00eam o prazer de receber outro campe\u00e3o na lista de vencedores do pr\u00eamio 2024.\u00a0<\/p>\n<div id=\"prni_dvprnejpg802dleft\" dir=\"ltr\" style=\"width: 100%;text-align: left\"><img decoding=\"async\" id=\"prnejpg802dleft\" style=\"width: 400px;height: 194px\" title=\"28th Edition Fair Play Menarini International Award logo\" src=\"https:\/\/mma.prnewswire.com\/media\/2443704\/28th_edition_fair_play_menarini_international_award_Logo.jpg\" alt=\"28th Edition Fair Play Menarini International Award logo\" align=\"middle\" \/><\/div>\n<p>\u00a0<\/p>\n<p>O J\u00fari de\u00a0<b>Premia\u00e7\u00e3o<\/b> adicionou uma lenda global do futebol, o atacante <b><span class=\"xn-person\">Samuel Eto<\/span>&#8216;o<\/b>, \u00e0 lista de vencedores deste ano.\u00a0<\/p>\n<p>Eleito o <b>melhor jogador de futebol africano do s\u00e9culo<\/b> em 2007, Eto&#8217;o marcou a sua marca na hist\u00f3ria do futebol dos Camar\u00f5es, conquistando uma medalha de ouro nos Jogos Ol\u00edmpicos de 2000 e duas Ta\u00e7as Africanas em 2000 e 2002. Ele ainda \u00e9 o maior artilheiro de todos os tempos do seu <b>pa\u00eds,<\/b> com impressionantes 56 gols.<\/p>\n<p>Ele consolidou seu lugar na Europa como um dos melhores atacantes do futebol moderno. Ao jogar pelo <b><span class=\"xn-location\">Barcelona<\/span> de Pep<\/b> Guardiola, ele ganhou tr\u00eas t\u00edtulos da La Liga e duas <span class=\"xn-person\">Copas da Liga<\/span> dos Campe\u00f5es. Com a equipa <b>Inter de Jos\u00e8<\/b> Mourinho, desempenhou um papel decisivo em 2010, vencendo a Liga Italiana, a Coppa Italia e a Liga dos Campe\u00f5es.<b> Ele \u00e9<\/b><b>o \u00fanico jogador a ter vencido dois <i>Trebles consecutivos<\/i><\/b>(t\u00edtulo da liga de primeira linha, copa nacional prim\u00e1ria e Liga dos Campe\u00f5es) com duas equipes diferentes (<span class=\"xn-location\">Barcelona<\/span> em 2009 e Inter em 2010).<\/p>\n<p>Em 2021, foi nomeado<b> Presidente da Federa\u00e7\u00e3o de Futebol dos Camar\u00f5es<\/b>. Ao longo de sua carreira, ele tem sido conhecido por seu compromisso social com a <b>Fundaci\u00f3n Privada Samuel Eto&#8217;o<\/b>, fundada para ajudar jovens camaroneses. <span class=\"xn-person\">Samuel Eto<\/span>&#8216;o sempre esteve na linha de frente na luta contra o racismo no futebol, simbolizando os valores de \u00e9tica, lealdade e respeito do Pr\u00eamio Internacional Fair Play Menarini.<\/p>\n<p>Eto&#8217;o e as outras estrelas da 28\u00aa edi\u00e7\u00e3o subir\u00e3o ao palco do Teatro Romano em Fiesole na <b>quinta-feira, 4<\/b><b>de julho,<\/b> durante a cerim\u00f4nia de premia\u00e7\u00e3o.<\/p>\n<p>Para mais informa\u00e7\u00f5es: <a href=\"https:\/\/www.fairplaymenarini.com\/en\" target=\"_blank\" rel=\"nofollow noopener\">www.fairplaymenarini.com<\/a><\/p>\n<p><b>Aqui est\u00e1 a lista dos vencedores do 28\u00ba Pr\u00eamio Internacional Fair Play Menarini:\u00a0<\/b><\/p>\n<p><span class=\"xn-person\">SAMUEL ETO<\/span>&#8216;O<br \/>MARCO BELINELLI<br \/><span class=\"xn-person\">FEDERICO BUFFA<\/span><br \/><span class=\"xn-person\">FABIO CANNAVARO<\/span><br \/><span class=\"xn-person\">ALESSANDRO COSTACURTA<\/span><br \/><span class=\"xn-person\">GIUSEPPE DOSSENA<\/span><br \/><span class=\"xn-person\">CIRO FERRARA<\/span><br \/><span class=\"xn-person\">CESARE FIORIO<\/span><br \/>FRANCESCA LOLLOBRIGIDA<br \/><span class=\"xn-person\">GIAN PAOLO MONTALI<\/span><br \/>CESARE PRANDELLI<br \/><span class=\"xn-person\">ROBERTO RIGALI<\/span><br \/><span class=\"xn-person\">CLEMENTE RUSSO<\/span><br \/><span class=\"xn-person\">AMBRA SABATINI<\/span><\/p>\n<p><b>Os vencedores do 28\u00ba Pr\u00eamio Internacional Fair Play Menarini, categoria &#8220;Jovens Atletas&#8221;<br \/><\/b><span class=\"xn-person\">GIOELE GALLICCHIO<\/span><br \/>NICOL\u00d2 VACCHELLI<br \/>UNDER 14 GIRL&#8217;S BASKET BALL TEAM ASD GOLFOBASKET CLUB<\/p>\n<p><b>O vencedor do pr\u00eamio especial &#8220;Fiamme Gialle Study and Sport&#8221;<br \/><\/b><span class=\"xn-person\">AGNESE MORI<\/span><\/p>\n<p><b>Convidados de honra do 28\u00ba Pr\u00eamio Internacional Fair Play Menarini, os embaixadores do Fair Play:<\/b><\/p>\n<p><span class=\"xn-person\">GIANCARLO ANTOGNONI<\/span><br \/><span class=\"xn-person\">ELISA DI FRANCISCA<\/span><br \/><span class=\"xn-person\">FEDERICA PELLEGRINI<\/span><br \/>GIORGIO PORR\u00c0<br \/><span class=\"xn-person\">GIUSY VERSACE<\/span><\/p>\n<p>Logo &#8211; <a href=\"https:\/\/mma.prnewswire.com\/media\/2443704\/28th_edition_fair_play_menarini_international_award_Logo.jpg\" target=\"_blank\" rel=\"nofollow noopener\">https:\/\/mma.prnewswire.com\/media\/2443704\/28th_edition_fair_play_menarini_international_award_Logo.jpg<\/a><\/p>\n<p id=\"PURL\"><img loading=\"lazy\" decoding=\"async\" title=\"Cision\" width=\"12\" height=\"12\" alt=\"Cision\" src=\"https:\/\/c212.net\/c\/img\/favicon.png?sn=PT44453&amp;sd=2024-06-20\" \/> View original content:<a id=\"PRNURL\" rel=\"nofollow noopener\" href=\"https:\/\/www.prnewswire.com\/br\/comunicados-para-a-imprensa\/o-lendario-atacante-samuel-etoo-entre-os-vencedores-da-28-edicao-do-premio-internacional-fair-play-menarini-302178034.html\" target=\"_blank\">https:\/\/www.prnewswire.com\/br\/comunicados-para-a-imprensa\/o-lendario-atacante-samuel-etoo-entre-os-vencedores-da-28-edicao-do-premio-internacional-fair-play-menarini-302178034.html<\/a><\/p>\n<p>FONTE  Menarini Industrie Farmaceutiche Riunite<\/p>\n<\/div>\n<p><img decoding=\"async\" alt=\"\" src=\"https:\/\/rt.prnewswire.com\/rt.gif?NewsItemId=PT44453&amp;Transmission_Id=202406200800PR_NEWS_LATAM____PT44453&amp;DateId=20240620\" style=\"border:0px;width:1px;height:1px\" \/><\/p>\n<p>A <b>OESP<\/b> n\u00e3o \u00e9(s\u00e3o) respons\u00e1vel(is) por erros, incorre\u00e7\u00f5es, atrasos ou quaisquer decis\u00f5es tomadas por seus clientes com base nos Conte\u00fados ora disponibilizados, bem como tais Conte\u00fados n\u00e3o representam a opini\u00e3o da <b>OESP<\/b> e s\u00e3o de inteira responsabilidade da <b>PR Newswire Ltda<\/b><\/p>\n","protected":false},"excerpt":{"rendered":"\u00a0Os membros do Conselho da Funda\u00e7\u00e3o Fair Play Menarini, Antonello Biscini, Valeria Speroni Cardi e Ennio Troiano, t\u00eam o prazer de receber outro campe\u00e3o","protected":false},"author":1,"featured_media":0,"comment_status":"open","ping_status":"closed","sticky":false,"template":"","format":"standard","meta":{"_acf_changed":false,"inline_featured_image":false,"_monsterinsights_skip_tracking":false,"_monsterinsights_sitenote_active":false,"_monsterinsights_sitenote_note":"","_monsterinsights_sitenote_category":0,"footnotes":""},"categories":[31],"tags":[],"class_list":["post-95873","post","type-post","status-publish","format-standard","hentry","category-prnewsinternacional"],"acf":[],"_links":{"self":[{"href":"https:\/\/bluestudio.estadao.com.br\/agencia-de-comunicacao\/wp-json\/wp\/v2\/posts\/95873","targetHints":{"allow":["GET"]}}],"collection":[{"href":"https:\/\/bluestudio.estadao.com.br\/agencia-de-comunicacao\/wp-json\/wp\/v2\/posts"}],"about":[{"href":"https:\/\/bluestudio.estadao.com.br\/agencia-de-comunicacao\/wp-json\/wp\/v2\/types\/post"}],"author":[{"embeddable":true,"href":"https:\/\/bluestudio.estadao.com.br\/agencia-de-comunicacao\/wp-json\/wp\/v2\/users\/1"}],"replies":[{"embeddable":true,"href":"https:\/\/bluestudio.estadao.com.br\/agencia-de-comunicacao\/wp-json\/wp\/v2\/comments?post=95873"}],"version-history":[{"count":0,"href":"https:\/\/bluestudio.estadao.com.br\/agencia-de-comunicacao\/wp-json\/wp\/v2\/posts\/95873\/revisions"}],"wp:attachment":[{"href":"https:\/\/bluestudio.estadao.com.br\/agencia-de-comunicacao\/wp-json\/wp\/v2\/media?parent=95873"}],"wp:term":[{"taxonomy":"category","embeddable":true,"href":"https:\/\/bluestudio.estadao.com.br\/agencia-de-comunicacao\/wp-json\/wp\/v2\/categories?post=95873"},{"taxonomy":"post_tag","embeddable":true,"href":"https:\/\/bluestudio.estadao.com.br\/agencia-de-comunicacao\/wp-json\/wp\/v2\/tags?post=95873"}],"curies":[{"name":"wp","href":"https:\/\/api.w.org\/{rel}","templated":true}]}}