{"id":95817,"date":"2024-06-19T18:51:00","date_gmt":"2024-06-19T21:51:00","guid":{"rendered":"https:\/\/bluestudio.estadao.com.br\/agencia-de-comunicacao\/releases\/releases-geral\/novo-album-do-urca-bossa-jazz-celebra-parceria-com-menescal\/"},"modified":"2024-06-19T18:51:00","modified_gmt":"2024-06-19T21:51:00","slug":"novo-album-do-urca-bossa-jazz-celebra-parceria-com-menescal","status":"publish","type":"post","link":"https:\/\/bluestudio.estadao.com.br\/agencia-de-comunicacao\/releases\/releases-geral\/novo-album-do-urca-bossa-jazz-celebra-parceria-com-menescal\/","title":{"rendered":"Novo \u00e1lbum do Urca Bossa Jazz celebra parceria com Menescal"},"content":{"rendered":"<p><b>DINO DIVULGADOR DE NOT\u00cdCIAS<\/b><\/p>\n<p>Rio de Janeiro, RJ&#8211;(<a target='_blank' href='http:\/\/www.dino.com.br' rel=\"noopener\">DINO<\/a> &#8211; 19 jun, 2024) &#8211;<br \/>\nA Partir desta sexta-feira, 21 de junho, est&aacute; dispon&iacute;vel nas plataformas digitais o novo &aacute;lbum da&nbsp;Banda Urca Bossa Jazz, &lsquo;Plural Singular&rsquo;, que em suas dez faixas festeja o jazz e&nbsp;a nata da bossa. Mais uma vez, o grupo contou com&nbsp;a participa&ccedil;&atilde;o especial&iacute;ssima de Roberto Menescal, parceiro musical desde 2017 e homenageado em 2022 no CD digital &lsquo;Viva Menescal&rsquo;.<\/p>\n<p>Confirmando a paix&atilde;o de seus integrantes pelo Rio de Janeiro, esta nova obra&nbsp;&eacute; um convite a mergulhar na musicalidade e na criatividade que a paisagem de um dos cart&otilde;es postais da cidade, a Urca, &eacute; capaz de inspirar.&nbsp;A can&ccedil;&atilde;o &lsquo;Plural Singular&rsquo;, que tamb&eacute;m d&aacute; nome ao &aacute;lbum, composta por Gabriela Zimmer (letra) e Roberto Menescal (m&uacute;sica), traz um retrato dos desencontros da vida e descreve a tentativa de se reencontrar consigo mesmo ap&oacute;s uma separa&ccedil;&atilde;o.<\/p>\n<p>&ldquo;Este nosso trabalho &lsquo;Plural Singular&rsquo; &eacute; a s&iacute;ntese do prazer em tocar com amigos! Arte pela Arte, sem preocupa&ccedil;&otilde;es outras, apenas o gostar de tocar!&rdquo;, revela Menescal. No &aacute;lbum, ele participa como autor em outras composi&ccedil;&otilde;es:&nbsp;&lsquo;N&atilde;o para, Donato&rsquo; &ndash; escrita em homenagem ao inesquec&iacute;vel Jo&atilde;o Donato &ndash;,&nbsp;&lsquo;Oceano de Saudades&rsquo; e&nbsp;&lsquo;Mas por que n&atilde;o dan&ccedil;ar?&rsquo;, al&eacute;m da releitura de &lsquo;O Brasil Precisa Balan&ccedil;ar&rsquo;.<\/p>\n<p>Tamb&eacute;m fazem parte do &aacute;lbum a can&ccedil;&atilde;o &lsquo;L&aacute; em cima&rsquo;, que contou com a participa&ccedil;&atilde;o de Gabriel Moura, e&nbsp;&lsquo;Mister Joplin&rsquo;, que, como o nome indica, &eacute; uma homenagem a Scott Joplin, Rei do Ragtime. A &uacute;ltima j&aacute; premiada em festivais internacionais de jazz antes mesmo do lan&ccedil;amento.<\/p>\n<p>&ldquo;Praticamente todo ano a banda Urca Bossa Jazz lan&ccedil;a um &aacute;lbum, al&eacute;m dos videoclipes, e agora apresentamos &lsquo;Plural Singular&rsquo;, trabalho autoral, fruto de felizes encontros de seus integrantes com Roberto Menescal, Gabriel Moura e Mihay&rdquo;, comemora o compositor Wagner Cinelli.&nbsp;&nbsp;&nbsp;<\/p>\n<p>Website: <a target='_blank' href='http:\/\/www.youtube.com\/urcabossajazz' rel=\"follow noopener\">http:\/\/www.youtube.com\/urcabossajazz<\/a><img src='https:\/\/api.dino.com.br\/v2\/news\/tr\/305387' alt='' style='border:0px;width:1px;height:1px' \/><br \/>\nA <b>OESP<\/b> n\u00e3o \u00e9(s\u00e3o) respons\u00e1vel(is) por erros, incorre\u00e7\u00f5es, atrasos ou quaisquer decis\u00f5es tomadas por seus clientes com base nos Conte\u00fados ora disponibilizados, bem como tais Conte\u00fados n\u00e3o representam a opini\u00e3o da <b>OESP<\/b> e s\u00e3o de inteira responsabilidade da <b>Dino Divulgador de Noticias Online Ltda<\/b><\/p>\n","protected":false},"excerpt":{"rendered":"Rio de Janeiro, RJ&#8211;(DINO &#8211; 19 jun, 2024) &#8211;\nA Partir desta sexta-feira, 21 de junho, est&aacute; dispon&iacute;vel nas plataformas digitais o novo &aacute;lbum da&nbsp;Banda Urca","protected":false},"author":1,"featured_media":0,"comment_status":"open","ping_status":"closed","sticky":false,"template":"","format":"standard","meta":{"_acf_changed":false,"inline_featured_image":false,"_monsterinsights_skip_tracking":false,"_monsterinsights_sitenote_active":false,"_monsterinsights_sitenote_note":"","_monsterinsights_sitenote_category":0,"footnotes":""},"categories":[34],"tags":[],"class_list":["post-95817","post","type-post","status-publish","format-standard","hentry","category-releases-geral"],"acf":[],"_links":{"self":[{"href":"https:\/\/bluestudio.estadao.com.br\/agencia-de-comunicacao\/wp-json\/wp\/v2\/posts\/95817","targetHints":{"allow":["GET"]}}],"collection":[{"href":"https:\/\/bluestudio.estadao.com.br\/agencia-de-comunicacao\/wp-json\/wp\/v2\/posts"}],"about":[{"href":"https:\/\/bluestudio.estadao.com.br\/agencia-de-comunicacao\/wp-json\/wp\/v2\/types\/post"}],"author":[{"embeddable":true,"href":"https:\/\/bluestudio.estadao.com.br\/agencia-de-comunicacao\/wp-json\/wp\/v2\/users\/1"}],"replies":[{"embeddable":true,"href":"https:\/\/bluestudio.estadao.com.br\/agencia-de-comunicacao\/wp-json\/wp\/v2\/comments?post=95817"}],"version-history":[{"count":0,"href":"https:\/\/bluestudio.estadao.com.br\/agencia-de-comunicacao\/wp-json\/wp\/v2\/posts\/95817\/revisions"}],"wp:attachment":[{"href":"https:\/\/bluestudio.estadao.com.br\/agencia-de-comunicacao\/wp-json\/wp\/v2\/media?parent=95817"}],"wp:term":[{"taxonomy":"category","embeddable":true,"href":"https:\/\/bluestudio.estadao.com.br\/agencia-de-comunicacao\/wp-json\/wp\/v2\/categories?post=95817"},{"taxonomy":"post_tag","embeddable":true,"href":"https:\/\/bluestudio.estadao.com.br\/agencia-de-comunicacao\/wp-json\/wp\/v2\/tags?post=95817"}],"curies":[{"name":"wp","href":"https:\/\/api.w.org\/{rel}","templated":true}]}}