{"id":95776,"date":"2024-06-19T17:39:00","date_gmt":"2024-06-19T20:39:00","guid":{"rendered":"https:\/\/bluestudio.estadao.com.br\/agencia-de-comunicacao\/releases\/releases-geral\/pilotos-de-formula-truck-abrem-mao-de-patrocinios-para-ajuda\/"},"modified":"2024-06-19T17:39:00","modified_gmt":"2024-06-19T20:39:00","slug":"pilotos-de-formula-truck-abrem-mao-de-patrocinios-para-ajuda","status":"publish","type":"post","link":"https:\/\/bluestudio.estadao.com.br\/agencia-de-comunicacao\/releases\/releases-geral\/pilotos-de-formula-truck-abrem-mao-de-patrocinios-para-ajuda\/","title":{"rendered":"Pilotos de F\u00f3rmula Truck abrem m\u00e3o de patroc\u00ednios para ajuda"},"content":{"rendered":"<p><b>DINO DIVULGADOR DE NOT\u00cdCIAS<\/b><\/p>\n<p>Cascavel, Paran\u00e1 &#8211;(<a target='_blank' href='http:\/\/www.dino.com.br' rel=\"noopener\">DINO<\/a> &#8211; 17 jun, 2024) &#8211;<br \/>\nEm um gesto de solidariedade e altru\u00edsmo, os pilotos de F\u00f3rmula Truck Brayan Ruan Pitta Silva e Marcio Limestone, da equipe LCN Racing, decidiram abrir m\u00e3o de todos os patroc\u00ednios durante a corrida que ocorreu entre os dias 31 de maio e 2 de junho de 2024, na cidade de Cascavel, Paran\u00e1. O objetivo dessa iniciativa foi promover uma campanha de doa\u00e7\u00e3o em prol das fam\u00edlias desabrigadas pelas recentes enchentes no Rio Grande do Sul.<\/p>\n<p>Ao abdicarem dos patroc\u00ednios, os pilotos substitu\u00edram os tradicionais logotipo em seus caminh\u00f5es por mensagens de incentivo \u00e0 doa\u00e7\u00e3o. A campanha tinha como principal meta arrecadar fundos e fornecer aux\u00edlio \u00e0s v\u00edtimas das enchentes que devastaram v\u00e1rias regi\u00f5es do Rio Grande do Sul. Brayan Ruan Pitta Silva e Marcio Limestone destacaram que, diante da trag\u00e9dia, o mais importante era oferecer ajuda \u00e0s fam\u00edlias necessitadas.<\/p>\n<p><strong>Declara\u00e7\u00e3o dos pilotos<\/strong><br \/>\n&#8216;O que realmente importa \u00e9 ajudar o pr\u00f3ximo&#8217;, afirmaram Brayan e Marcio em uma declara\u00e7\u00e3o conjunta.<\/p>\n<p>A rea\u00e7\u00e3o do p\u00fablico presente no evento foi extremamente positiva. Os espectadores aplaudiram a iniciativa e muitos se mobilizaram para contribuir com a campanha de doa\u00e7\u00e3o. A postura dos pilotos e da equipe LCN Racing inspirou uma onda de solidariedade, fortalecendo a conex\u00e3o entre a comunidade de f\u00e3s de F\u00f3rmula Truck e as causas humanit\u00e1rias.<\/p>\n<p>Com a visibilidade proporcionada pelo evento, a campanha de doa\u00e7\u00e3o teve destaque, impulsionando as contribui\u00e7\u00f5es e ajudando a amenizar o sofrimento de in\u00fameras fam\u00edlias afetadas pelas enchentes.&nbsp;<\/p>\n<p>A iniciativa dos pilotos da LCN Racing n\u00e3o apenas destacou a import\u00e2ncia de a\u00e7\u00f5es solid\u00e1rias em tempos de crise, mas tamb\u00e9m refor\u00e7ou os valores e ajuda m\u00fatua. Brayan Ruan Pitta Silva e Marcio Limestone mostraram que, mesmo em um esporte competitivo como a F\u00f3rmula Truck, h\u00e1 espa\u00e7o para gestos de humanidade e solidariedade.<\/p>\n<p><strong>Um exemplo a ser seguido<\/strong><br \/>\nA atitude de Brayan Ruan Pitta Silva e Marcio Limestone n\u00e3o passou despercebida no mundo dos esportes. Outros atletas e equipes come\u00e7aram a considerar a\u00e7\u00f5es similares, inspirados pelo impacto positivo gerado pela LCN Racing. Essa onda de solidariedade pode se espalhar para outras modalidades esportivas, promovendo uma cultura de ajuda e coopera\u00e7\u00e3o em momentos de necessidade.<\/p>\n<p><strong>Pr\u00f3ximos passos<\/strong><br \/>\nOs pilotos j\u00e1 anunciaram que pretendem continuar com a\u00e7\u00f5es beneficentes ao longo da temporada. Esse compromisso cont\u00ednuo refor\u00e7a a ideia de que o esporte pode e deve ser uma plataforma para mudan\u00e7as positivas na sociedade.<\/p>\n<\/p>\n<p>Website: <a target='_blank' href='http:\/\/lcn.com.br' rel=\"follow noopener\">http:\/\/lcn.com.br<\/a><img src='https:\/\/api.dino.com.br\/v2\/news\/tr\/305342' alt='' style='border:0px;width:1px;height:1px' \/><br \/>\nA <b>OESP<\/b> n\u00e3o \u00e9(s\u00e3o) respons\u00e1vel(is) por erros, incorre\u00e7\u00f5es, atrasos ou quaisquer decis\u00f5es tomadas por seus clientes com base nos Conte\u00fados ora disponibilizados, bem como tais Conte\u00fados n\u00e3o representam a opini\u00e3o da <b>OESP<\/b> e s\u00e3o de inteira responsabilidade da <b>Dino Divulgador de Noticias Online Ltda<\/b><\/p>\n","protected":false},"excerpt":{"rendered":"Cascavel, Paran\u00e1 &#8211;(DINO &#8211; 17 jun, 2024) &#8211;\nEm um gesto de solidariedade e altru\u00edsmo, os pilotos de F\u00f3rmula Truck Brayan Ruan Pitta Silva e Marcio Limestone, da equipe LCN Racing,","protected":false},"author":1,"featured_media":0,"comment_status":"open","ping_status":"closed","sticky":false,"template":"","format":"standard","meta":{"_acf_changed":false,"inline_featured_image":false,"_monsterinsights_skip_tracking":false,"_monsterinsights_sitenote_active":false,"_monsterinsights_sitenote_note":"","_monsterinsights_sitenote_category":0,"footnotes":""},"categories":[34],"tags":[],"class_list":["post-95776","post","type-post","status-publish","format-standard","hentry","category-releases-geral"],"acf":[],"_links":{"self":[{"href":"https:\/\/bluestudio.estadao.com.br\/agencia-de-comunicacao\/wp-json\/wp\/v2\/posts\/95776","targetHints":{"allow":["GET"]}}],"collection":[{"href":"https:\/\/bluestudio.estadao.com.br\/agencia-de-comunicacao\/wp-json\/wp\/v2\/posts"}],"about":[{"href":"https:\/\/bluestudio.estadao.com.br\/agencia-de-comunicacao\/wp-json\/wp\/v2\/types\/post"}],"author":[{"embeddable":true,"href":"https:\/\/bluestudio.estadao.com.br\/agencia-de-comunicacao\/wp-json\/wp\/v2\/users\/1"}],"replies":[{"embeddable":true,"href":"https:\/\/bluestudio.estadao.com.br\/agencia-de-comunicacao\/wp-json\/wp\/v2\/comments?post=95776"}],"version-history":[{"count":0,"href":"https:\/\/bluestudio.estadao.com.br\/agencia-de-comunicacao\/wp-json\/wp\/v2\/posts\/95776\/revisions"}],"wp:attachment":[{"href":"https:\/\/bluestudio.estadao.com.br\/agencia-de-comunicacao\/wp-json\/wp\/v2\/media?parent=95776"}],"wp:term":[{"taxonomy":"category","embeddable":true,"href":"https:\/\/bluestudio.estadao.com.br\/agencia-de-comunicacao\/wp-json\/wp\/v2\/categories?post=95776"},{"taxonomy":"post_tag","embeddable":true,"href":"https:\/\/bluestudio.estadao.com.br\/agencia-de-comunicacao\/wp-json\/wp\/v2\/tags?post=95776"}],"curies":[{"name":"wp","href":"https:\/\/api.w.org\/{rel}","templated":true}]}}