{"id":95766,"date":"2024-06-19T17:49:00","date_gmt":"2024-06-19T20:49:00","guid":{"rendered":"https:\/\/bluestudio.estadao.com.br\/agencia-de-comunicacao\/releases\/releases-geral\/aria-social-impacta-vida-de-mais-de-10-mil-familias\/"},"modified":"2024-06-19T17:49:00","modified_gmt":"2024-06-19T20:49:00","slug":"aria-social-impacta-vida-de-mais-de-10-mil-familias","status":"publish","type":"post","link":"https:\/\/bluestudio.estadao.com.br\/agencia-de-comunicacao\/releases\/releases-geral\/aria-social-impacta-vida-de-mais-de-10-mil-familias\/","title":{"rendered":"Aria Social impacta vida de mais de 10 mil fam\u00edlias"},"content":{"rendered":"<p><b>DINO DIVULGADOR DE NOT\u00cdCIAS<\/b><\/p>\n<p>Recife, 3 de junho de 2024&#8211;(<a target='_blank' href='http:\/\/www.dino.com.br' rel=\"noopener\">DINO<\/a> &#8211; 10 jun, 2024) &#8211;<br \/>\nO Aria Social &eacute; um espa&ccedil;o dedicado &agrave; arte e educa&ccedil;&atilde;o. Com o objetivo de formar uma comunidade unida pelo desafio de ampliar o acesso a oportunidades, conhecimento e profissionaliza&ccedil;&atilde;o, o projeto j&aacute; impactou milhares de crian&ccedil;as, jovens e seus familiares, em mais de trinta anos de atividades. Nos &uacute;ltimos meses, artistas formados pelo projeto participaram de mais de 30 sess&otilde;es do musical &ldquo;CAPIBA, pelas ruas eu vou&rdquo;, assistido por cerca de 14 mil espectadores. No palco, jovens que tiveram suas vidas transformadas e profissionais que acreditam na arte como caminho para semear talentos, autoestima, autoconfian&ccedil;a e coragem como valores essenciais.<\/p>\n<p>Criado para atender uma demanda social na Regi&atilde;o Metropolitana do Recife e contribuir com a democratiza&ccedil;&atilde;o cultural e art&iacute;stica do estado de Pernambuco, o Aria Social atua atrav&eacute;s da educa&ccedil;&atilde;o pela arte. O p&uacute;blico-alvo s&atilde;o crian&ccedil;as e jovens de fam&iacute;lias em situa&ccedil;&atilde;o de vulnerabilidade social, matriculados em escolas p&uacute;blicas e moradores de bairros pr&oacute;ximos &agrave; sede, localizada no munic&iacute;pio de Jaboat&atilde;o dos Guararapes.<\/p>\n<p>&#8216;Esse &eacute; um projeto de amor e resgate &agrave; dignidade. Acolhemos e fortalecemos a subjetividade de cada educando, promovendo empoderamento e conquistas&rdquo;, explica Carla Machado, professora e core&oacute;grafa do Aria Social. A entidade tornou-se um instrumento de forma&ccedil;&atilde;o &ndash; pessoal e profissional, atuando no potencial educativo, na disciplina e no fortalecimento da personalidade dos que fazem parte da institui&ccedil;&atilde;o.<\/p>\n<p>Entre os eixos de atua&ccedil;&atilde;o est&atilde;o a Arte-Educa&ccedil;&atilde;o (com dan&ccedil;a, inicia&ccedil;&atilde;o musical, l&iacute;ngua portuguesa e leitura, al&eacute;m de curso preparat&oacute;rio de portugu&ecirc;s para o ENEM &mdash;, racioc&iacute;nio l&oacute;gico e teatro), espet&aacute;culos musicais, empreendedorismo e inclus&atilde;o. &#8216;O contato com a arte foi fundamental para o desenvolvimento do meu pensamento cr&iacute;tico e me fez al&ccedil;ar grandes voos. Eu n&atilde;o tenho como mensurar o impacto que o Aria teve na minha vida&rdquo;, diz Fred Ramon, que passou em nove universidades americanas e hoje estuda Ci&ecirc;ncia da Computa&ccedil;&atilde;o e Estudos Globais na Whittier College, em Los Angeles, nos Estados Unidos.<\/p>\n<p><strong>Transforma&ccedil;&atilde;o na vida dos Alunos<\/strong><\/p>\n<p>Os alunos se formam como artistas e cidad&atilde;os. Muitos seguem carreira como profissionais&nbsp; de educa&ccedil;&atilde;o, dan&ccedil;a e m&uacute;sica. Para quem cursa ou j&aacute; concluiu o Ensino M&eacute;dio e quer investir em profissionaliza&ccedil;&atilde;o, o Aria disponibiliza o Curso T&eacute;cnico em Dan&ccedil;a desde 2022, o primeiro de Pernambuco a ser reconhecido pelo MEC. O curso tem dura&ccedil;&atilde;o de tr&ecirc;s anos.&nbsp;<\/p>\n<p>&#8216;Entrei no Aria aos 13 anos, em 2004, e tudo mudou a partir da&iacute;. Foi uma escolha importante para a minha profiss&atilde;o, me abrindo muitas portas. Tudo isso foi poss&iacute;vel gra&ccedil;as &agrave; forma&ccedil;&atilde;o que adquiri em M&uacute;sica, Dan&ccedil;a Contempor&acirc;nea e Ballet. Acabei conquistando v&aacute;rios sonhos, como os interc&acirc;mbios de Dan&ccedil;a [na Su&iacute;&ccedil;a e em Nova York], com aprendizados que levarei para a vida. H&aacute; alguns anos, recebi o convite para dar aulas no Curso T&eacute;cnico em Dan&ccedil;a do Aria Social, o que foi um grande reconhecimento para mim&#8217;, explica Nataly Ara&uacute;jo.<\/p>\n<p><strong>&nbsp;<\/strong><strong>Casa de Maria: capacita&ccedil;&atilde;o e renda para as m&atilde;es do Aria<\/strong><\/p>\n<p>A Casa de Maria &eacute; outra iniciativa do Aria Social que, h&aacute; sete anos, usa o artesanato para capacitar, dar autonomia e gerar renda para m&atilde;es, av&oacute;s e cuidadores. A a&ccedil;&atilde;o nasceu dentro do projeto, quando respons&aacute;veis pelos alunos, trocavam experi&ecirc;ncias em croch&ecirc; enquanto aguardavam seus filhos.&nbsp;Hoje, o projeto Casa de Maria tem sede pr&oacute;pria, anexa ao Aria, equipada com material, salas de aula, estoque de mat&eacute;rias-primas, m&aacute;quinas de costura e uma loja onde s&atilde;o vendidos os produtos. Enquanto as crian&ccedil;as est&atilde;o em aulas de Ballet, flauta, canto ou leitura, os adultos respons&aacute;veis encontram seu pr&oacute;prio espa&ccedil;o de aprendizado e crescimento.&nbsp;<\/p>\n<p>&#8216;O Projeto Casa de Maria tamb&eacute;m teve um papel fundamental em garantir a frequ&ecirc;ncia dos alunos do Aria. Muitas crian&ccedil;as faltavam porque n&atilde;o tinham portadores. Hoje, o artesanato &eacute; tamb&eacute;m fonte de renda&rdquo;, explica Cec&iacute;lia Brennand, presidente do Aria.&nbsp; Atrav&eacute;s de parcerias estrat&eacute;gicas e do apoio do projeto, as pe&ccedil;as feitas &agrave; m&atilde;o s&atilde;o vendidas em Pernambuco e outros estados, com o objetivo de rentabilizar o trabalho das artes&atilde;s e dar sustentabilidade ao projeto. &#8216;A Casa de Maria &eacute; o testemunho do potencial humano, quando se d&aacute; a oportunidade certa. Dentro das paredes deste espa&ccedil;o, m&atilde;es se transformam em empreendedoras e uma comunidade se une em prol do crescimento coletivo&#8217;, explica Rosemary Oliveira, vice-presidente do Aria. &#8216;Elas ficam aqui para crescer, para empreender e&nbsp; alavancar possibilidades atrav&eacute;s do artesanato&rdquo;, completa Alexsandra Freitas, supervisora da Casa de Maria.<\/p>\n<p>Desde a sua funda&ccedil;&atilde;o, a Casa de Maria tem sido um s&iacute;mbolo de progresso. O que come&ccedil;ou como simples trocas de experi&ecirc;ncias em croch&ecirc; evoluiu para um movimento de capacita&ccedil;&atilde;o e profissionaliza&ccedil;&atilde;o. Hoje, mais de 140 fam&iacute;lias em situa&ccedil;&atilde;o de vulnerabilidade socioecon&ocirc;mica encontram na Casa de Maria n&atilde;o apenas um complemento do or&ccedil;amento dom&eacute;stico, mas um catalisador para seus sonhos.<\/p>\n<p>&ldquo;Eu estava numa fase dif&iacute;cil da minha vida, porque, com o diagn&oacute;stico de autismo da minha filha, fiquei com os nervos &agrave; flor da pele. Ent&atilde;o, o Aria me acolheu. Al&eacute;m da minha filha participar das aulas de bal&eacute;, eu estou aprendendo artesanato, j&aacute; tive curso de empreendedorismo, onde aprendi a fazer meus trabalhos, vender e ganhar meu dinheiro. Para mim est&aacute; sendo muito bom. A Casa de Maria &eacute; um cora&ccedil;&atilde;o de m&atilde;e&rdquo;, comenta M&aacute;rcia Bet&acirc;nia, m&atilde;e de uma aluna do projeto.<\/p>\n<p><strong>Aria Social em N&uacute;meros<\/strong><\/p>\n<p>O projeto Aria Social tem apresentado resultados not&aacute;veis no desempenho de seus alunos. Com 95% dos participantes aprendendo a tocar um instrumento musical, o programa destaca-se pelo alto engajamento cultural e educacional. Al&eacute;m disso, a taxa de 99% de participa&ccedil;&atilde;o nos espet&aacute;culos de encerramento demonstra o comprometimento dos alunos com as atividades propostas. A frequ&ecirc;ncia m&eacute;dia de 89% em todas as atividades refor&ccedil;a a dedica&ccedil;&atilde;o dos jovens ao projeto.<\/p>\n<p>No &acirc;mbito acad&ecirc;mico, 28% dos alunos alcan&ccedil;am notas acima de 9,00 em suas escolas regulares, e 87% obt&ecirc;m aprova&ccedil;&atilde;o escolar, refletindo o impacto positivo do Aria Social tanto na educa&ccedil;&atilde;o formal quanto no desenvolvimento art&iacute;stico dos participantes.<\/p>\n<p><strong>Servi&ccedil;o<\/strong><\/p>\n<p>Para saber sobre como doar ou ser volunt&aacute;rio, acessar o site do&nbsp;<a rel=\"follow noopener\" target='_blank' href='https:\/\/ariasocial.ong.br\/'>Aria Social<\/a> ou o telefone (81) 334-11014.<\/p>\n<p>Website: <a target='_blank' href='https:\/\/ariasocial.ong.br\/' rel=\"follow noopener\">https:\/\/ariasocial.ong.br\/<\/a><img src='https:\/\/api.dino.com.br\/v2\/news\/tr\/292212' alt='' style='border:0px;width:1px;height:1px' \/><br \/>\nA <b>OESP<\/b> n\u00e3o \u00e9(s\u00e3o) respons\u00e1vel(is) por erros, incorre\u00e7\u00f5es, atrasos ou quaisquer decis\u00f5es tomadas por seus clientes com base nos Conte\u00fados ora disponibilizados, bem como tais Conte\u00fados n\u00e3o representam a opini\u00e3o da <b>OESP<\/b> e s\u00e3o de inteira responsabilidade da <b>Dino Divulgador de Noticias Online Ltda<\/b><\/p>\n","protected":false},"excerpt":{"rendered":"Recife, 3 de junho de 2024&#8211;(DINO &#8211; 10 jun, 2024) &#8211;\nO Aria Social &eacute; um espa&ccedil;o dedicado &agrave; arte e educa&ccedil;&atilde;o. Com o objetivo de formar uma comunidad","protected":false},"author":1,"featured_media":0,"comment_status":"open","ping_status":"closed","sticky":false,"template":"","format":"standard","meta":{"_acf_changed":false,"inline_featured_image":false,"_monsterinsights_skip_tracking":false,"_monsterinsights_sitenote_active":false,"_monsterinsights_sitenote_note":"","_monsterinsights_sitenote_category":0,"footnotes":""},"categories":[34],"tags":[],"class_list":["post-95766","post","type-post","status-publish","format-standard","hentry","category-releases-geral"],"acf":[],"_links":{"self":[{"href":"https:\/\/bluestudio.estadao.com.br\/agencia-de-comunicacao\/wp-json\/wp\/v2\/posts\/95766","targetHints":{"allow":["GET"]}}],"collection":[{"href":"https:\/\/bluestudio.estadao.com.br\/agencia-de-comunicacao\/wp-json\/wp\/v2\/posts"}],"about":[{"href":"https:\/\/bluestudio.estadao.com.br\/agencia-de-comunicacao\/wp-json\/wp\/v2\/types\/post"}],"author":[{"embeddable":true,"href":"https:\/\/bluestudio.estadao.com.br\/agencia-de-comunicacao\/wp-json\/wp\/v2\/users\/1"}],"replies":[{"embeddable":true,"href":"https:\/\/bluestudio.estadao.com.br\/agencia-de-comunicacao\/wp-json\/wp\/v2\/comments?post=95766"}],"version-history":[{"count":0,"href":"https:\/\/bluestudio.estadao.com.br\/agencia-de-comunicacao\/wp-json\/wp\/v2\/posts\/95766\/revisions"}],"wp:attachment":[{"href":"https:\/\/bluestudio.estadao.com.br\/agencia-de-comunicacao\/wp-json\/wp\/v2\/media?parent=95766"}],"wp:term":[{"taxonomy":"category","embeddable":true,"href":"https:\/\/bluestudio.estadao.com.br\/agencia-de-comunicacao\/wp-json\/wp\/v2\/categories?post=95766"},{"taxonomy":"post_tag","embeddable":true,"href":"https:\/\/bluestudio.estadao.com.br\/agencia-de-comunicacao\/wp-json\/wp\/v2\/tags?post=95766"}],"curies":[{"name":"wp","href":"https:\/\/api.w.org\/{rel}","templated":true}]}}