{"id":95757,"date":"2024-06-19T17:59:00","date_gmt":"2024-06-19T20:59:00","guid":{"rendered":"https:\/\/bluestudio.estadao.com.br\/agencia-de-comunicacao\/releases\/releases-geral\/brasil-precisa-ampliar-numero-de-doadores-de-sangue\/"},"modified":"2024-06-19T17:59:00","modified_gmt":"2024-06-19T20:59:00","slug":"brasil-precisa-ampliar-numero-de-doadores-de-sangue","status":"publish","type":"post","link":"https:\/\/bluestudio.estadao.com.br\/agencia-de-comunicacao\/releases\/releases-geral\/brasil-precisa-ampliar-numero-de-doadores-de-sangue\/","title":{"rendered":"Brasil precisa ampliar n\u00famero de doadores de sangue"},"content":{"rendered":"<p><b>DINO DIVULGADOR DE NOT\u00cdCIAS<\/b><\/p>\n<p>Belo Horizonte, MG&#8211;(<a target='_blank' href='http:\/\/www.dino.com.br' rel=\"noopener\">DINO<\/a> &#8211; 12 jun, 2024) &#8211;<br \/>\nO Brasil j&aacute; viveu per&iacute;odos dr&aacute;sticos de abastecimento dos bancos de sangue. Em 2020, durante a pandemia, o Minist&eacute;rio da Sa&uacute;de chegou a identificar uma <a rel=\"follow noopener\" target='_blank' href='https:\/\/www.gov.br\/casacivil\/pt-br\/assuntos\/noticias\/2021\/junho\/campanha-do-governo-federal-incentiva-a-doacao-regular-de-sangue'>queda de 10% entre os doadores em todo o pa&iacute;s<\/a>. A redu&ccedil;&atilde;o foi atribu&iacute;da ao n&uacute;mero de casos de Covid-19.<\/p>\n<p>Atualmente, embora o cen&aacute;rio n&atilde;o seja de pessimismo, h&aacute; um reconhecimento de que a quantidade de doa&ccedil;&otilde;es poderia ser maior. Em 2022, houve cerca de 3,1 milh&otilde;es de doa&ccedil;&otilde;es por meio do Sistema &Uacute;nico de Sa&uacute;de (SUS), como revelam os <a rel=\"follow noopener\" target='_blank' href='https:\/\/agenciabrasil.ebc.com.br\/saude\/noticia\/2023-06\/quatorze-em-cada-mil-brasileiros-sao-doadores-regulares-de-sangue'>dados<\/a> do pr&oacute;prio &oacute;rg&atilde;o. Em termos percentuais, isto significa que 1,4% dos brasileiros doou sangue aos hemocentros.&nbsp;<\/p>\n<p>&ldquo;&Eacute; um indicador que coloca o Brasil dentro da margem recomendada pela OMS [Organiza&ccedil;&atilde;o Mundial da Sa&uacute;de]&rdquo;, explica o <a rel=\"follow noopener\" target='_blank' href='https:\/\/instagram.com\/drguilhermemuzzi'>hematologista Guilherme Muzzi<\/a>. &ldquo;O ideal &eacute; que a quantidade de doadores por pa&iacute;s seja de pelo menos um a 3% da popula&ccedil;&atilde;o local. Ou seja, o Brasil est&aacute; dentro desta faixa, embora pudesse dispor de mais doadores&rdquo;, pondera o m&eacute;dico.<\/p>\n<p><strong>Conscientiza&ccedil;&atilde;o global<\/strong><\/p>\n<p>O <a rel=\"follow noopener\" target='_blank' href='https:\/\/cartcellterapia.com.br\/'>hematologista<\/a> explica que a comunidade de doadores pode ser consideravelmente refor&ccedil;ada. &Agrave;s v&eacute;speras do Dia Mundial do Doador de Sangue, celebrado no dia 14 de junho, ele acredita que as campanhas de conscientiza&ccedil;&atilde;o global podem agregar novos adeptos.<\/p>\n<p>&ldquo;&Eacute; preciso evocar a popula&ccedil;&atilde;o para ampliar a doa&ccedil;&atilde;o de sangue, ainda que isso n&atilde;o seja algo t&atilde;o simples. A reposi&ccedil;&atilde;o &eacute; uma necessidade real e imediata para in&uacute;meras pessoas que se submetem a procedimentos cir&uacute;rgicos e a outros tratamentos que demandam transfus&atilde;o. Vale ressaltar que a pessoa que hoje &eacute; convocada a doar sangue pode ser a mesma que amanh&atilde; vai precisar por algum motivo. Esse esp&iacute;rito de solidariedade e consci&ecirc;ncia deve ser refor&ccedil;ado durante o m&ecirc;s de junho&rdquo;, finaliza.<\/p>\n<p>Website: <a target='_blank' href='https:\/\/cartcellterapia.com.br\/' rel=\"follow noopener\">https:\/\/cartcellterapia.com.br\/<\/a><img src='https:\/\/api.dino.com.br\/v2\/news\/tr\/302053' alt='' style='border:0px;width:1px;height:1px' \/><br \/>\nA <b>OESP<\/b> n\u00e3o \u00e9(s\u00e3o) respons\u00e1vel(is) por erros, incorre\u00e7\u00f5es, atrasos ou quaisquer decis\u00f5es tomadas por seus clientes com base nos Conte\u00fados ora disponibilizados, bem como tais Conte\u00fados n\u00e3o representam a opini\u00e3o da <b>OESP<\/b> e s\u00e3o de inteira responsabilidade da <b>Dino Divulgador de Noticias Online Ltda<\/b><\/p>\n","protected":false},"excerpt":{"rendered":"Belo Horizonte, MG&#8211;(DINO &#8211; 12 jun, 2024) &#8211;\nO Brasil j&aacute; viveu per&iacute;odos dr&aacute;sticos de abastecimento dos bancos de sangue. Em 2020, durante a pandemia, o Minist&amp;","protected":false},"author":1,"featured_media":0,"comment_status":"open","ping_status":"closed","sticky":false,"template":"","format":"standard","meta":{"_acf_changed":false,"inline_featured_image":false,"_monsterinsights_skip_tracking":false,"_monsterinsights_sitenote_active":false,"_monsterinsights_sitenote_note":"","_monsterinsights_sitenote_category":0,"footnotes":""},"categories":[34],"tags":[],"class_list":["post-95757","post","type-post","status-publish","format-standard","hentry","category-releases-geral"],"acf":[],"_links":{"self":[{"href":"https:\/\/bluestudio.estadao.com.br\/agencia-de-comunicacao\/wp-json\/wp\/v2\/posts\/95757","targetHints":{"allow":["GET"]}}],"collection":[{"href":"https:\/\/bluestudio.estadao.com.br\/agencia-de-comunicacao\/wp-json\/wp\/v2\/posts"}],"about":[{"href":"https:\/\/bluestudio.estadao.com.br\/agencia-de-comunicacao\/wp-json\/wp\/v2\/types\/post"}],"author":[{"embeddable":true,"href":"https:\/\/bluestudio.estadao.com.br\/agencia-de-comunicacao\/wp-json\/wp\/v2\/users\/1"}],"replies":[{"embeddable":true,"href":"https:\/\/bluestudio.estadao.com.br\/agencia-de-comunicacao\/wp-json\/wp\/v2\/comments?post=95757"}],"version-history":[{"count":0,"href":"https:\/\/bluestudio.estadao.com.br\/agencia-de-comunicacao\/wp-json\/wp\/v2\/posts\/95757\/revisions"}],"wp:attachment":[{"href":"https:\/\/bluestudio.estadao.com.br\/agencia-de-comunicacao\/wp-json\/wp\/v2\/media?parent=95757"}],"wp:term":[{"taxonomy":"category","embeddable":true,"href":"https:\/\/bluestudio.estadao.com.br\/agencia-de-comunicacao\/wp-json\/wp\/v2\/categories?post=95757"},{"taxonomy":"post_tag","embeddable":true,"href":"https:\/\/bluestudio.estadao.com.br\/agencia-de-comunicacao\/wp-json\/wp\/v2\/tags?post=95757"}],"curies":[{"name":"wp","href":"https:\/\/api.w.org\/{rel}","templated":true}]}}