{"id":95732,"date":"2024-06-19T17:15:00","date_gmt":"2024-06-19T20:15:00","guid":{"rendered":"https:\/\/bluestudio.estadao.com.br\/agencia-de-comunicacao\/releases\/releases-geral\/aumento-das-recuperacoes-judiciais-leva-escritorio-carioca-para-brasilia\/"},"modified":"2024-06-19T17:15:00","modified_gmt":"2024-06-19T20:15:00","slug":"aumento-das-recuperacoes-judiciais-leva-escritorio-carioca-para-brasilia","status":"publish","type":"post","link":"https:\/\/bluestudio.estadao.com.br\/agencia-de-comunicacao\/releases\/releases-geral\/aumento-das-recuperacoes-judiciais-leva-escritorio-carioca-para-brasilia\/","title":{"rendered":"Aumento das recupera\u00e7\u00f5es judiciais leva escrit\u00f3rio carioca para Bras\u00edlia"},"content":{"rendered":"<p><b>DINO DIVULGADOR DE NOT\u00cdCIAS<\/b><\/p>\n<p>Rio de Janeiro &#8211; RJ&#8211;(<a target='_blank' href='http:\/\/www.dino.com.br' rel=\"noopener\">DINO<\/a> &#8211; 17 jun, 2024) &#8211;<br \/>\nCom recorde de inadimpl\u00eancia empresarial, o Brasil testemunhou aumento surpreendente no \u00edndice de recupera\u00e7\u00f5es <a rel=\"follow noopener\" target='_blank' href='https:\/\/www.conjur.com.br\/2024-fev-07\/pedidos-de-recuperacao-judicial-cresceram-quase-70-no-ano-passado\/' data-mce-target='_blank'>judiciais em 2023<\/a>, ultrapassando o patamar de 1.400 pedidos, de acordo com o indicador de Fal\u00eancia e Recupera\u00e7\u00e3o Judicial da <a rel=\"follow noopener\" target='_blank' href='https:\/\/www.conjur.com.br\/2024-fev-07\/pedidos-de-recuperacao-judicial-cresceram-quase-70-no-ano-passado\/' data-mce-target='_blank'>Serasa Experian<\/a>.<\/p>\n<p>Impulsionado por pequenas e micro empresas dos setores de com\u00e9rcio e servi\u00e7os, o crescimento de 68% em compara\u00e7\u00e3o a 2022 preocupa o mercado e abre espa\u00e7o para empresas especializadas na \u00e1rea ajudarem nos processos.<\/p>\n<p>Com mais de 20 anos de mercado, a Swot Global \u00e9 uma consultoria especializada em gest\u00e3o de projetos de capital e est\u00e1 abrindo sua filial em Bras\u00edlia. &#8216;N\u00f3s temos ampla experi\u00eancia nestes processos e esse aumento de demanda em outros estados nos abriu os olhos para a necessidade de amplia\u00e7\u00e3o dos nossos neg\u00f3cios. Atendemos grandes empresas como Enel, Rio Gale\u00e3o, Editora Abril, Heineken, Via Bahia, Farmoqu\u00edmica. Al\u00e9m disso, atuamos como peritos e assistentes t\u00e9cnicos no t\u00e9cnicos no Sudeste, Sul e Centro-Oeste.&#8217;, explica Marcello Guimar\u00e3es, s\u00f3cio e fundador da empresa.<\/p>\n<p>Grande parte do reconhecimento tamb\u00e9m deve-se \u00e0 atua\u00e7\u00e3o como peritos e assistentes t\u00e9cnicos. Nesses casos, os profissionais s\u00e3o respons\u00e1veis por fornecer an\u00e1lises detalhadas e precisas sobre engenharia, economia, finan\u00e7as e direito. Atividade essencial para fornecer um parecer t\u00e9cnico aos ju\u00edzes e \u00e1rbitros, possibilitando tomadas de decis\u00e3o fundamentadas e assertivas.<\/p>\n<p>Ainda de acordo com Marcello, o novo escrit\u00f3rio ser\u00e1 localizado na Asa Sul, com facilidade de acesso aos principais \u00f3rg\u00e3os da cidade. &#8216;Estamos contratando 15 novos profissionais, mantendo sempre nosso diferencial de trabalhar com uma equipe pr\u00f3pria e especializada&#8217;, afirma Hilton Junior, vice-presidente.&nbsp;<\/p>\n<p>Embora o grande volume das recupera\u00e7\u00f5es seja de pequenas e micro empresas, grandes nomes do cen\u00e1rio nacional apresentam dificuldades.&nbsp;<\/p>\n<p>No mercado atual,<a rel=\"follow noopener\" target='_blank' href='https:\/\/g1.globo.com\/economia\/noticia\/2024\/05\/20\/recuperacao-judicial-polishop.ghtml' data-mce-target='_blank'> algumas empresas<\/a>, conhecidas por suas estrat\u00e9gias persuasivas de marketing, t\u00eam sido alvo de desafios financeiros significativos. Recentemente, uma dessas organiza\u00e7\u00f5es teve seu pedido de recupera\u00e7\u00e3o judicial aprovado pelo Tribunal de Justi\u00e7a de S\u00e3o Paulo, enquanto <a rel=\"follow noopener\" target='_blank' href='https:\/\/istoedinheiro.com.br\/subway-do-mesmo-grupo-da-starbucks-pede-recuperacao-judicial-com-dividas-de-r-482-milhoes\/' data-mce-target='_blank'>outra<\/a> entrou com um processo semelhante em mar\u00e7o na mesma jurisdi\u00e7\u00e3o. Essas situa\u00e7\u00f5es demonstram a import\u00e2ncia da expertise t\u00e9cnica em processos de reestrutura\u00e7\u00e3o financeira, incluindo a avalia\u00e7\u00e3o minuciosa das finan\u00e7as corporativas, a detec\u00e7\u00e3o de passivos n\u00e3o aparentes e a apresenta\u00e7\u00e3o de planos de reestrutura\u00e7\u00e3o abrangentes.<\/p>\n<p>Website: <a target='_blank' href='https:\/\/www.instagram.com\/swotglobal\/' rel=\"follow noopener\">https:\/\/www.instagram.com\/swotglobal\/<\/a><img src='https:\/\/api.dino.com.br\/v2\/news\/tr\/303959' alt='' style='border:0px;width:1px;height:1px' \/><br \/>\nA <b>OESP<\/b> n\u00e3o \u00e9(s\u00e3o) respons\u00e1vel(is) por erros, incorre\u00e7\u00f5es, atrasos ou quaisquer decis\u00f5es tomadas por seus clientes com base nos Conte\u00fados ora disponibilizados, bem como tais Conte\u00fados n\u00e3o representam a opini\u00e3o da <b>OESP<\/b> e s\u00e3o de inteira responsabilidade da <b>Dino Divulgador de Noticias Online Ltda<\/b><\/p>\n","protected":false},"excerpt":{"rendered":"Rio de Janeiro &#8211; RJ&#8211;(DINO &#8211; 17 jun, 2024) &#8211;\nCom recorde de inadimpl\u00eancia empresarial, o Brasil testemunhou aumento surpreendente no \u00edndice de recupera\u00e7\u00f5es judiciais em 2023, ultr","protected":false},"author":1,"featured_media":0,"comment_status":"open","ping_status":"closed","sticky":false,"template":"","format":"standard","meta":{"_acf_changed":false,"inline_featured_image":false,"_monsterinsights_skip_tracking":false,"_monsterinsights_sitenote_active":false,"_monsterinsights_sitenote_note":"","_monsterinsights_sitenote_category":0,"footnotes":""},"categories":[34],"tags":[],"class_list":["post-95732","post","type-post","status-publish","format-standard","hentry","category-releases-geral"],"acf":[],"_links":{"self":[{"href":"https:\/\/bluestudio.estadao.com.br\/agencia-de-comunicacao\/wp-json\/wp\/v2\/posts\/95732","targetHints":{"allow":["GET"]}}],"collection":[{"href":"https:\/\/bluestudio.estadao.com.br\/agencia-de-comunicacao\/wp-json\/wp\/v2\/posts"}],"about":[{"href":"https:\/\/bluestudio.estadao.com.br\/agencia-de-comunicacao\/wp-json\/wp\/v2\/types\/post"}],"author":[{"embeddable":true,"href":"https:\/\/bluestudio.estadao.com.br\/agencia-de-comunicacao\/wp-json\/wp\/v2\/users\/1"}],"replies":[{"embeddable":true,"href":"https:\/\/bluestudio.estadao.com.br\/agencia-de-comunicacao\/wp-json\/wp\/v2\/comments?post=95732"}],"version-history":[{"count":0,"href":"https:\/\/bluestudio.estadao.com.br\/agencia-de-comunicacao\/wp-json\/wp\/v2\/posts\/95732\/revisions"}],"wp:attachment":[{"href":"https:\/\/bluestudio.estadao.com.br\/agencia-de-comunicacao\/wp-json\/wp\/v2\/media?parent=95732"}],"wp:term":[{"taxonomy":"category","embeddable":true,"href":"https:\/\/bluestudio.estadao.com.br\/agencia-de-comunicacao\/wp-json\/wp\/v2\/categories?post=95732"},{"taxonomy":"post_tag","embeddable":true,"href":"https:\/\/bluestudio.estadao.com.br\/agencia-de-comunicacao\/wp-json\/wp\/v2\/tags?post=95732"}],"curies":[{"name":"wp","href":"https:\/\/api.w.org\/{rel}","templated":true}]}}