{"id":95716,"date":"2024-06-19T16:31:00","date_gmt":"2024-06-19T19:31:00","guid":{"rendered":"https:\/\/bluestudio.estadao.com.br\/agencia-de-comunicacao\/releases\/releases-geral\/fiepe-empresario-bruno-veloso-toma-posse-como-presidente\/"},"modified":"2024-06-19T16:31:00","modified_gmt":"2024-06-19T19:31:00","slug":"fiepe-empresario-bruno-veloso-toma-posse-como-presidente","status":"publish","type":"post","link":"https:\/\/bluestudio.estadao.com.br\/agencia-de-comunicacao\/releases\/releases-geral\/fiepe-empresario-bruno-veloso-toma-posse-como-presidente\/","title":{"rendered":"FIEPE: empres\u00e1rio Bruno Veloso toma posse como presidente"},"content":{"rendered":"<p><b>DINO DIVULGADOR DE NOT\u00cdCIAS<\/b><\/p>\n<p>(<a target='_blank' href='http:\/\/www.dino.com.br' rel=\"noopener\">DINO<\/a> &#8211; 19 jun, 2024) &#8211;<br \/>\nO empres&aacute;rio Bruno Veloso tomou posse como novo presidente da Federa&ccedil;&atilde;o das Ind&uacute;strias do Estado de Pernambuco (FIEPE) durante a Assembleia Extraordin&aacute;ria do Conselho de Representantes realizada nesta ter&ccedil;a-feira (18).&nbsp;<\/p>\n<p>A chapa, encabe&ccedil;ada pelo novo presidente, far&aacute; a gest&atilde;o da FIEPE pelos pr&oacute;ximos quatro anos e j&aacute; apontou o caminho do di&aacute;logo para alcan&ccedil;ar seus objetivos. &ldquo;Temos todos uma responsabilidade muito grande e vamos precisar nos unir. Ind&uacute;strias, entes p&uacute;blicos estaduais, federais e entidades de classe empresariais de todos os setores para buscar o entendimento, porque temos uma pauta &uacute;nica: o crescimento econ&ocirc;mico e social de Pernambuco&rdquo;, destacou Veloso.<\/p>\n<p>Parte do Sistema FIEPE h&aacute; 15 anos, Veloso &eacute; empres&aacute;rio do ramo de fabrica&ccedil;&atilde;o de pr&eacute;-moldados de cimento e ocupar&aacute; o cargo sucedendo Ricardo Essinger. No discurso de posse, o novo presidente se disse entusiasmado com o trabalho que tem pela frente.<\/p>\n<p>&ldquo;Quero destacar que assumo o cargo com um compromisso inabal&aacute;vel com o avan&ccedil;o e o fortalecimento do setor industrial em nosso estado. Reconhe&ccedil;o plenamente os desafios que enfrentamos, mas tamb&eacute;m enxergo imensas oportunidades diante de n&oacute;s&rdquo;, declarou Veloso.<\/p>\n<p>Citando o n&uacute;mero de 18 mil ind&uacute;strias em todo o estado de Pernambuco, Veloso mencionou ainda alguns pontos espec&iacute;ficos que devem ter prioridade sob sua gest&atilde;o. &ldquo;A chegada do g&aacute;s ao Sert&atilde;o do Araripe, a melhoria do fornecimento de energia para o Agreste ou a infraestrutura vi&aacute;ria do polo industrial de Petrolina, no S&atilde;o Francisco, ser&atilde;o tem&aacute;ticas defendidas sem descanso&rdquo;, disse.<\/p>\n<p>O empres&aacute;rio destacou tamb&eacute;m o papel da ind&uacute;stria para Pernambuco, descrita como a &ldquo;for&ccedil;a motriz por tr&aacute;s da inova&ccedil;&atilde;o, da cria&ccedil;&atilde;o de empregos e da gera&ccedil;&atilde;o de riqueza&rdquo;. Ele se comprometeu a trabalhar para criar um ambiente favor&aacute;vel aos neg&oacute;cios, promover a&nbsp;competitividade e fomentar o crescimento sustent&aacute;vel.<\/p>\n<p>Um dos desafios abordados por Veloso foi o enfrentamento ao processo de desindustrializa&ccedil;&atilde;o que Pernambuco e o Brasil sofrem, com problemas como a falta de infraestrutura adequada e altos custos de produ&ccedil;&atilde;o afetando negativamente o ambiente de neg&oacute;cios.&nbsp;<\/p>\n<p>&ldquo;&Eacute; preciso seguir em busca de novas solu&ccedil;&otilde;es. Diversificar a base produtiva,&nbsp;promover a autossufici&ecirc;ncia em &aacute;reas estrat&eacute;gicas, investir em produtividade e&nbsp;inova&ccedil;&atilde;o, cobrar investimentos p&uacute;blicos em infraestrutura, buscar novas fontes de&nbsp;financiamento e capacitar a nossa m&atilde;o de obra s&atilde;o alguns dos caminhos para&nbsp;superar os desafios&rdquo;, defendeu.&nbsp;<\/p>\n<p>Veloso enumerou, ainda, alguns pilares que devem caracterizar a sua gest&atilde;o &agrave; frente da FIEPE. O primeiro deles &eacute; &ldquo;o compromisso com a excel&ecirc;ncia e a qualidade&rdquo;, refletido no aprimoramento dos processos, produtos e servi&ccedil;os, no investimento em inova&ccedil;&atilde;o e desenvolvimento dos recursos humanos. <\/p>\n<p>Para o empres&aacute;rio, outro pilar &eacute; a responsabilidade social e ambiental. Ele disse que ir&aacute; lutar pelo equil&iacute;brio entre crescimento econ&ocirc;mico e a preserva&ccedil;&atilde;o do meio ambiente, com atividades industriais sustent&aacute;veis e respeitosas &agrave;s comunidades.<\/p>\n<p>&ldquo;O Sistema FIEPE estar&aacute; preparado para auxiliar as ind&uacute;strias que buscam reduzir sua&nbsp;pegada de carbono e implementar pr&aacute;ticas de ESG [sigla que representa boas pr&aacute;ticas ambientais, sociais e de governan&ccedil;a] para minimizar seu impacto no&nbsp;meio ambiente&rdquo;, afirmou.<\/p>\n<p>Al&eacute;m de Veloso, integram a nova gest&atilde;o os tamb&eacute;m empres&aacute;rios Massimo Cadorin (primeiro vice-presidente), Jos&eacute; Ant&ocirc;nio de Lucas Sim&oacute;n (segundo vice-presidente) e Renato Cunha (terceiro vice-presidente).<\/p>\n<p>Para saber mais, basta acessar: <a rel=\"follow noopener\" target='_blank' href='https:\/\/www.instagram.com\/fiepe.oficial\/'>https:\/\/www.instagram.com\/fiepe.oficial\/<\/a><\/p>\n<p>A <b>OESP<\/b> n\u00e3o \u00e9(s\u00e3o) respons\u00e1vel(is) por erros, incorre\u00e7\u00f5es, atrasos ou quaisquer decis\u00f5es tomadas por seus clientes com base nos Conte\u00fados ora disponibilizados, bem como tais Conte\u00fados n\u00e3o representam a opini\u00e3o da <b>OESP<\/b> e s\u00e3o de inteira responsabilidade da <b>Dino Divulgador de Noticias Online Ltda<\/b><\/p>\n","protected":false},"excerpt":{"rendered":"(DINO &#8211; 19 jun, 2024) &#8211;\nO empres&aacute;rio Bruno Veloso tomou posse como novo presidente da Federa&ccedil;&atilde;o das Ind&uacute;strias do Estado de Pernambuco (FIEPE) durante","protected":false},"author":1,"featured_media":0,"comment_status":"open","ping_status":"closed","sticky":false,"template":"","format":"standard","meta":{"_acf_changed":false,"inline_featured_image":false,"_monsterinsights_skip_tracking":false,"_monsterinsights_sitenote_active":false,"_monsterinsights_sitenote_note":"","_monsterinsights_sitenote_category":0,"footnotes":""},"categories":[34],"tags":[],"class_list":["post-95716","post","type-post","status-publish","format-standard","hentry","category-releases-geral"],"acf":[],"_links":{"self":[{"href":"https:\/\/bluestudio.estadao.com.br\/agencia-de-comunicacao\/wp-json\/wp\/v2\/posts\/95716","targetHints":{"allow":["GET"]}}],"collection":[{"href":"https:\/\/bluestudio.estadao.com.br\/agencia-de-comunicacao\/wp-json\/wp\/v2\/posts"}],"about":[{"href":"https:\/\/bluestudio.estadao.com.br\/agencia-de-comunicacao\/wp-json\/wp\/v2\/types\/post"}],"author":[{"embeddable":true,"href":"https:\/\/bluestudio.estadao.com.br\/agencia-de-comunicacao\/wp-json\/wp\/v2\/users\/1"}],"replies":[{"embeddable":true,"href":"https:\/\/bluestudio.estadao.com.br\/agencia-de-comunicacao\/wp-json\/wp\/v2\/comments?post=95716"}],"version-history":[{"count":0,"href":"https:\/\/bluestudio.estadao.com.br\/agencia-de-comunicacao\/wp-json\/wp\/v2\/posts\/95716\/revisions"}],"wp:attachment":[{"href":"https:\/\/bluestudio.estadao.com.br\/agencia-de-comunicacao\/wp-json\/wp\/v2\/media?parent=95716"}],"wp:term":[{"taxonomy":"category","embeddable":true,"href":"https:\/\/bluestudio.estadao.com.br\/agencia-de-comunicacao\/wp-json\/wp\/v2\/categories?post=95716"},{"taxonomy":"post_tag","embeddable":true,"href":"https:\/\/bluestudio.estadao.com.br\/agencia-de-comunicacao\/wp-json\/wp\/v2\/tags?post=95716"}],"curies":[{"name":"wp","href":"https:\/\/api.w.org\/{rel}","templated":true}]}}