{"id":95530,"date":"2024-06-17T12:58:00","date_gmt":"2024-06-17T15:58:00","guid":{"rendered":"https:\/\/bluestudio.estadao.com.br\/agencia-de-comunicacao\/prnewswire\/prnewsbrasil\/cgtn-para-o-bem-do-meu-povo-a-devocao-de-xi-jinping-para-servir\/"},"modified":"2024-06-17T12:58:00","modified_gmt":"2024-06-17T15:58:00","slug":"cgtn-para-o-bem-do-meu-povo-a-devocao-de-xi-jinping-para-servir","status":"publish","type":"post","link":"https:\/\/bluestudio.estadao.com.br\/agencia-de-comunicacao\/prnewswire\/prnewsbrasil\/cgtn-para-o-bem-do-meu-povo-a-devocao-de-xi-jinping-para-servir\/","title":{"rendered":"CGTN: &#8220;Para o bem do meu povo&#8221;: a devo\u00e7\u00e3o de Xi Jinping para servir"},"content":{"rendered":"<p><b>PR NEWSWIRE<\/b><\/p>\n<div class=\"xn-content\">\n<span class=\"legendSpanClass\">PEQUIM<\/span>, <span class=\"legendSpanClass\">17 de junho de 2024<\/span> \/PRNewswire\/ &#8212; H\u00e1 cinquenta e cinco anos atr\u00e1s, um <span class=\"xn-person\">Xi Jinping de<\/span> 15 anos, como um &#8220;jovem instru\u00eddo&#8221;, foi para a vila de Liangjiahe no noroeste da <span class=\"xn-location\">China<\/span>, na prov\u00edncia de <span class=\"xn-location\">Shaanxi<\/span>. Posteriormente, ele passou sete anos no campo trabalhando e vivendo com fazendeiros.<\/p>\n<div id=\"prni_dvprnevidcd62left\" dir=\"ltr\" style=\"width: 100%;text-align: left\" title=\" \"><\/div>\n<p>Esses anos cultivaram nele uma cren\u00e7a inabal\u00e1vel em fazer coisas pr\u00e1ticas para as pessoas, recorda Xi.<\/p>\n<p>Ap\u00f3s ser eleito secret\u00e1rio-geral do Comit\u00ea Central do Partido Comunista da <span class=\"xn-location\">China<\/span> (PCC) em novembro de 2012, ele jurou que se dedicaria continuamente a servir o povo. &#8220;O desejo do povo por uma vida mais feliz \u00e9 a nossa miss\u00e3o.&#8221;<\/p>\n<p>De secret\u00e1rio de um partido rural \u00e0 secretaria geral do Comit\u00ea Central do PCC, o presidente chin\u00eas e da Comiss\u00e3o Militar Central, Xi Jinping sempre tem em mente o seu pa\u00eds e enxerga a si mesmo como o servidor do povo.<\/p>\n<p><b>Homem do povo<\/b><\/p>\n<p>Xi chegou a Liangjiahe como um adolescente um pouco confuso e saiu como um homem de 22 anos determinado a servir o povo.<\/p>\n<p>Mais tarde ele foi \u00e0 Zhengding, um condado pobre na prov\u00edncia de <span class=\"xn-location\">Hebei<\/span>, no norte da <span class=\"xn-location\">China<\/span>. Li Yaping, uma funcion\u00e1ria do Condado de Zhengding naquela \u00e9poca, recorda que Xi disse que a <span class=\"xn-location\">China<\/span> tinha muitas coisas esperando para serem feitas e precisava que algumas pessoas assumissem a responsabilidade.<\/p>\n<p>Desde seus primeiros anos, Xi parecia desinteressado pela impon\u00eancia dos cargos. Ele viajava por dias, \u00e0s vezes at\u00e9 para montanhas, para conversar com o povo local, entender suas dificuldades e ajudar a resolver seus problemas.<\/p>\n<p>Em Zhengding, Xi andou em uma velha bicicleta por todo o condado e observou que a cota anual de 38 milh\u00f5es de quilos de aquisi\u00e7\u00e3o de cereais exigida pelo estado deixou o povo faminto.<\/p>\n<p>Ele escreveu ao Comit\u00ea Central do PCC, sugerindo que as dificuldades dos agricultores locais se deviam \u00e0 alta cota de aquisi\u00e7\u00e3o. Ap\u00f3s a equipe de investiga\u00e7\u00e3o se inteirar sobre a situa\u00e7\u00e3o, eles reduziram a cota de 38 milh\u00f5es para 24 milh\u00f5es de quilos.<\/p>\n<p>Cheng Baohuai, o ent\u00e3o secret\u00e1rio do Comit\u00ea do PCC do Condado de Zhengding, recorda que o povo ficou agradecido pelo trabalho de Xi, dizendo que finalmente tinham comida o suficiente. Xi realmente se enraizou no povo e levou a s\u00e9rio as suas dificuldades, disse Cheng.<\/p>\n<p><b>&#8220;Para o bem do meu povo&#8221;<\/b><\/p>\n<p>Desde o 18\u00ba Congresso Nacional do PCC em 2012, Xi realizou mais de 100 visitas ao n\u00edvel mais popular, incluindo as \u00e1reas urbanas e rurais.<\/p>\n<p>Ele expressou preocupa\u00e7\u00f5es sobre a sufici\u00eancia de oferta de feriados para os mercados de alimentos, o acesso dos moradores \u00e0 planos de sa\u00fade e ao pagamento dos trabalhadores migrantes. Abordar as necessidades mais urgentes do povo est\u00e1 na agenda das autoridades centrais e se tornou a for\u00e7a motriz por tr\u00e1s das reformas.<\/p>\n<p>&#8220;Estamos praticando agora uma filosofia de desenvolvimento centrado em pessoas&#8221;, disse Xi durante um simp\u00f3sio, em 23 de junho de 2017, sobre erradicar a pobreza extrema. &#8220;O desenvolvimento centrado em pessoas deve focar no que o povo mais precisa.&#8221;<\/p>\n<p>Sob a lideran\u00e7a de Xi, a <span class=\"xn-location\">China<\/span> testemunhou mudan\u00e7as hist\u00f3ricas, com a pobreza absoluta erradicada e uma modesta prosperidade alcan\u00e7ada para o 1,4 bilh\u00e3o de pessoas do pa\u00eds.<\/p>\n<p>A renda per capta dispon\u00edvel da <span class=\"xn-location\">China<\/span> em 2023, por exemplo, aumentou em 6,1% em termos anuais e a disparidade de renda entre habitantes das zonas urbana e rural continua a se estreitar. Os ganhos da elimina\u00e7\u00e3o da pobreza foram consolidados e ampliados, com a renda per capta em \u00e1reas rurais que foram tiradas da pobreza aumentando em 8,4% no \u00faltimo ano.<\/p>\n<p>&#8220;A moderniza\u00e7\u00e3o chinesa visa garantir que o desenvolvimento \u00e9 para o povo e pelo povo, o qual compartilha os seus frutos,&#8221; disse Xi em um semin\u00e1rio em fevereiro de 2023.<\/p>\n<p>Perguntado o que sente sobre ser eleito presidente da <span class=\"xn-location\">China<\/span> durante uma visita \u00e0 It\u00e1lia, Xi reconheceu a grande responsabilidade e \u00e1rdua tarefa em governar um pa\u00eds t\u00e3o grande, mas expressou sua devo\u00e7\u00e3o ao desenvolvimento da <span class=\"xn-location\">China<\/span>.<\/p>\n<p>&#8220;Pelo bem do meu povo, colocarei de lado o meu pr\u00f3prio bem-estar,&#8221; disse Xi.<\/p>\n<p><a href=\"https:\/\/news.cgtn.com\/news\/2024-06-15\/-For-the-good-of-my-people-Xi-Jinping-s-devotion-to-service-1usxo5iapSo\/p.html\" target=\"_blank\" rel=\"nofollow noopener\">https:\/\/news.cgtn.com\/news\/2024-06-15\/-For-the-good-of-my-people-Xi-Jinping-s-devotion-to-service-1usxo5iapSo\/p.html<\/a><\/p>\n<p>V\u00eddeo: <a href=\"https:\/\/www.youtube.com\/watch?v=xNUNgSGJpW8\" target=\"_blank\" rel=\"nofollow noopener\">https:\/\/www.youtube.com\/watch?v=xNUNgSGJpW8<\/a><\/p>\n<p>\u00a0<\/p>\n<p>\u00a0<\/p>\n<p id=\"PURL\"><img loading=\"lazy\" decoding=\"async\" title=\"Cision\" width=\"12\" height=\"12\" alt=\"Cision\" src=\"https:\/\/c212.net\/c\/img\/favicon.png?sn=PT40704&amp;sd=2024-06-17\" \/> View original content:<a id=\"PRNURL\" rel=\"nofollow noopener\" href=\"https:\/\/www.prnewswire.com\/br\/comunicados-para-a-imprensa\/cgtn-para-o-bem-do-meu-povo-a-devocao-de-xi-jinping-para-servir-302174387.html\" target=\"_blank\">https:\/\/www.prnewswire.com\/br\/comunicados-para-a-imprensa\/cgtn-para-o-bem-do-meu-povo-a-devocao-de-xi-jinping-para-servir-302174387.html<\/a><\/p>\n<p>FONTE  CGTN<\/p>\n<\/div>\n<p><img decoding=\"async\" alt=\"\" src=\"https:\/\/rt.prnewswire.com\/rt.gif?NewsItemId=PT40704&amp;Transmission_Id=202406171154PR_NEWS_LATAM____PT40704&amp;DateId=20240617\" style=\"border:0px;width:1px;height:1px\" \/><\/p>\n<p>A <b>OESP<\/b> n\u00e3o \u00e9(s\u00e3o) respons\u00e1vel(is) por erros, incorre\u00e7\u00f5es, atrasos ou quaisquer decis\u00f5es tomadas por seus clientes com base nos Conte\u00fados ora disponibilizados, bem como tais Conte\u00fados n\u00e3o representam a opini\u00e3o da <b>OESP<\/b> e s\u00e3o de inteira responsabilidade da <b>PR Newswire Ltda<\/b><\/p>\n","protected":false},"excerpt":{"rendered":"H\u00e1 cinquenta e cinco anos atr\u00e1s, um Xi Jinping de 15 anos, como um &#8220;jovem instru\u00eddo&#8221;, foi para a vila de Liangjiahe no noroeste da China, na prov\u00edncia de Shaanxi. Posteriormente,","protected":false},"author":1,"featured_media":0,"comment_status":"open","ping_status":"closed","sticky":false,"template":"","format":"standard","meta":{"_acf_changed":false,"inline_featured_image":false,"_monsterinsights_skip_tracking":false,"_monsterinsights_sitenote_active":false,"_monsterinsights_sitenote_note":"","_monsterinsights_sitenote_category":0,"footnotes":""},"categories":[28],"tags":[],"class_list":["post-95530","post","type-post","status-publish","format-standard","hentry","category-prnewsbrasil"],"acf":[],"_links":{"self":[{"href":"https:\/\/bluestudio.estadao.com.br\/agencia-de-comunicacao\/wp-json\/wp\/v2\/posts\/95530","targetHints":{"allow":["GET"]}}],"collection":[{"href":"https:\/\/bluestudio.estadao.com.br\/agencia-de-comunicacao\/wp-json\/wp\/v2\/posts"}],"about":[{"href":"https:\/\/bluestudio.estadao.com.br\/agencia-de-comunicacao\/wp-json\/wp\/v2\/types\/post"}],"author":[{"embeddable":true,"href":"https:\/\/bluestudio.estadao.com.br\/agencia-de-comunicacao\/wp-json\/wp\/v2\/users\/1"}],"replies":[{"embeddable":true,"href":"https:\/\/bluestudio.estadao.com.br\/agencia-de-comunicacao\/wp-json\/wp\/v2\/comments?post=95530"}],"version-history":[{"count":0,"href":"https:\/\/bluestudio.estadao.com.br\/agencia-de-comunicacao\/wp-json\/wp\/v2\/posts\/95530\/revisions"}],"wp:attachment":[{"href":"https:\/\/bluestudio.estadao.com.br\/agencia-de-comunicacao\/wp-json\/wp\/v2\/media?parent=95530"}],"wp:term":[{"taxonomy":"category","embeddable":true,"href":"https:\/\/bluestudio.estadao.com.br\/agencia-de-comunicacao\/wp-json\/wp\/v2\/categories?post=95530"},{"taxonomy":"post_tag","embeddable":true,"href":"https:\/\/bluestudio.estadao.com.br\/agencia-de-comunicacao\/wp-json\/wp\/v2\/tags?post=95530"}],"curies":[{"name":"wp","href":"https:\/\/api.w.org\/{rel}","templated":true}]}}