{"id":95442,"date":"2024-06-14T10:12:00","date_gmt":"2024-06-14T13:12:00","guid":{"rendered":"https:\/\/bluestudio.estadao.com.br\/agencia-de-comunicacao\/prnewswire\/prnewsinternacional\/gastos-com-alimentacao-fora-do-lar-e-turismo-na-regiao-de-campinas-devem-superar-r-86-bi-em-2024\/"},"modified":"2024-06-14T10:12:00","modified_gmt":"2024-06-14T13:12:00","slug":"gastos-com-alimentacao-fora-do-lar-e-turismo-na-regiao-de-campinas-devem-superar-r-86-bi-em-2024","status":"publish","type":"post","link":"https:\/\/bluestudio.estadao.com.br\/agencia-de-comunicacao\/prnewswire\/prnewsinternacional\/gastos-com-alimentacao-fora-do-lar-e-turismo-na-regiao-de-campinas-devem-superar-r-86-bi-em-2024\/","title":{"rendered":"Gastos com alimenta\u00e7\u00e3o fora do lar e turismo na regi\u00e3o de Campinas devem superar R$ 8,6 bi em 2024"},"content":{"rendered":"<p><b>PR NEWSWIRE<\/b><\/p>\n<div class=\"xn-content\">\n<b><i>Estudo de potencial de consumo agrada Abrasel e empres\u00e1rios <\/i><\/b><\/p>\n<p><span class=\"legendSpanClass\"><span class=\"xn-location\">SAO PAULO<\/span><\/span>, <span class=\"legendSpanClass\">14 de junho de 2024<\/span> \/PRNewswire\/ &#8212; A recupera\u00e7\u00e3o do poder aquisitivo nos \u00faltimos meses deve impactar os gastos dos moradores dos 20 munic\u00edpios que integram a Regi\u00e3o Metropolitana de Campinas (RMC) com alimenta\u00e7\u00e3o fora do lar (incluindo alimenta\u00e7\u00e3o e bebidas) e turismo. A estimativa para 2024 \u00e9 de que esses grupos somem volume superior a <span class=\"xn-money\">R$ 8<\/span>, 6 bilh\u00f5es, segundo a pesquisa Potencial de Consumo, realizada pelo IPC Maps. O crescimento em rela\u00e7\u00e3o a 2023 \u00e9 bem visto pela Associa\u00e7\u00e3o Brasileira de Bares e Restaurantes (Abrasel) Regional Campinas e empres\u00e1rios dos dois setores.<\/p>\n<div class=\"PRN_ImbeddedAssetReference\" id=\"DivAssetPlaceHolder1\">\n<a href=\"https:\/\/mma.prnewswire.com\/media\/2438970\/Banana_institucional.html\" target=\"_blank\" rel=\"nofollow noopener\">  <img decoding=\"async\" src=\"https:\/\/mma.prnewswire.com\/media\/2438970\/Banana_institucional.jpg\" title=\"Gastos em bares e restaurantes devem superar R$ 6 bi na regi\u00e3o de Campinas em 2024\" alt=\"Gastos em bares e restaurantes devem superar R$ 6 bi na regi\u00e3o de Campinas em 2024\" \/><\/a>\n <\/p>\n<\/p><\/div>\n<p>O potencial de gastos com alimenta\u00e7\u00e3o fora do lar para este ano \u00e9 estimado em 6.318.582.372 bilh\u00f5es, um aumento de 8,2% sobre o montante dispendido no ano passado. O crescimento, de acordo com o levantamento, deve acontecer nas quatros classes sociais. J\u00e1 no grupo turismo e viagens, os gastos estimados s\u00e3o de <span class=\"xn-money\">R$ 2.342.074.826<\/span> bilh\u00f5es.<\/p>\n<p>Segundo a pesquisa, o Produto Interno Bruto (PIB) da RMC \u00e9 de <span class=\"xn-money\">R$ 266.807.891,88<\/span> bilh\u00f5es, com um PIB per capita de <span class=\"xn-money\">R$ 79.817,91<\/span>.<\/p>\n<p>Andr\u00e9 Mandetta, presidente da Abasel Regional Campinas, v\u00ea a proje\u00e7\u00e3o como positiva. &#8220;O aumento do consumo na regi\u00e3o \u00e9 importante para trazer esperan\u00e7a para o empres\u00e1rio equilibrar o caixa, j\u00e1 em ainda temos 20% dos estabelecimentos em preju\u00edzo, segundo a \u00faltima pesquisa da Abrasel, al\u00e9m do alto n\u00edvel de endividamento, de 32% em abril&#8221;. Ele diz, ainda, que um setor significa gera\u00e7\u00e3o de mais empregos ao longo do ano<\/p>\n<p>Quem tamb\u00e9m v\u00ea com bons olhos essa expectativa de crescimento \u00e9 Dino Ramos,\u00a0 s\u00f3cio do Dom Brejas e do rec\u00e9m inaugurado Boteco Mi\u00fado. &#8220;Esse crescimento reflete em toda a cadeia envolvida no setor&#8221;, diz. &#8220;O movimento vem crescendo nos \u00faltimos meses, tanto que percebemos essa tend\u00eancia e abrimos neste ano um novo empreendimento, o Boteco Mi\u00fado&#8221;, completa.<\/p>\n<p>&#8220;O mercado de alimenta\u00e7\u00e3o fora do lar \u00e9 muito sens\u00edvel ao que est\u00e1 acontecendo na nossa economia. Quando o pessimismo toma conta do mercado o reflexo nos bares e restaurantes \u00e9 imediato, mas tamb\u00e9m comemoramos quando o resultado \u00e9 positivo&#8221;, salienta J\u00fanior Pattaro, propriet\u00e1rio do Emp\u00f3rio do Nono e\u00a0 Esp\u00f3sito Pizzeria.<\/p>\n<p>Andr\u00e9 Biazzo, do Banana Caf\u00e9 Campinas, diz que a expans\u00e3o do setor n\u00e3o apenas fomenta a economia local, mas tamb\u00e9m cria mais empregos e fortalece a cadeia produtiva como um todo. &#8220;A perspectiva para 2024 \u00e9 positiva, e o setor de food service tem tudo para se destacar como um dos grandes motores do desenvolvimento econ\u00f4mico da regi\u00e3o&#8221;, completa.<\/p>\n<p><span class=\"xn-person\">Roger Antonio Domingues<\/span>, diretor comercial e fundador da rede Lanch\u00e3o Brasil, diz que a expectativa de crescimento de vendas e faturamento para este ano \u00e9 positiva. Mas pondera que essa perspectiva vai depender muito do comportamento da economia ao longo dos pr\u00f3ximos meses.<\/p>\n<p>Para <span class=\"xn-person\">Eduardo Porto<\/span>, s\u00f3cio em ag\u00eancias da Azul Viagens na regi\u00e3o de Campinas, abertas nos \u00faltimos meses, os dados do potencial de consumo no setor de viagens veem ao encontro das proje\u00e7\u00f5es e expectativas de neg\u00f3cios. &#8220;Quando decidimos abrir unidades em Valinhos, Mogi Gua\u00e7u e Limeira, j\u00e1 percebemos um mercado em alta, at\u00e9 mesmo pela experi\u00eancia que temos no setor hoteleiro, com a retomada das viagens nos p\u00f3s pandemia&#8221;, diz.<\/p>\n<p>&#8220;Estamos em uma regi\u00e3o com alto poder aquisito e de PIB per capita, em todas as classes sociais, fator que ajuda muito nessa expectativa de crescimento de 8,2% para este ano&#8221;, acrescenta.<\/p>\n<p>Foto &#8211; <a href=\"https:\/\/mma.prnewswire.com\/media\/2438970\/Banana_institucional.jpg\" target=\"_blank\" rel=\"nofollow noopener\">https:\/\/mma.prnewswire.com\/media\/2438970\/Banana_institucional.jpg<\/a><\/p>\n<p id=\"PURL\"><img loading=\"lazy\" decoding=\"async\" title=\"Cision\" width=\"12\" height=\"12\" alt=\"Cision\" src=\"https:\/\/c212.net\/c\/img\/favicon.png?sn=PT39976&amp;sd=2024-06-14\" \/> View original content to download multimedia:<a id=\"PRNURL\" rel=\"nofollow noopener\" href=\"https:\/\/www.prnewswire.com\/br\/comunicados-para-a-imprensa\/gastos-com-alimentacao-fora-do-lar-e-turismo-na-regiao-de-campinas-devem-superar-r-8-6-bi-em-2024--302173024.html\" target=\"_blank\">https:\/\/www.prnewswire.com\/br\/comunicados-para-a-imprensa\/gastos-com-alimentacao-fora-do-lar-e-turismo-na-regiao-de-campinas-devem-superar-r-8-6-bi-em-2024&#8211;302173024.html<\/a><\/p>\n<p>FONTE  Abrasel Campinas<\/p>\n<\/div>\n<p><img decoding=\"async\" alt=\"\" src=\"https:\/\/rt.prnewswire.com\/rt.gif?NewsItemId=PT39976&amp;Transmission_Id=202406140900PR_NEWS_LATAM____PT39976&amp;DateId=20240614\" style=\"border:0px;width:1px;height:1px\" \/><\/p>\n<p>A <b>OESP<\/b> n\u00e3o \u00e9(s\u00e3o) respons\u00e1vel(is) por erros, incorre\u00e7\u00f5es, atrasos ou quaisquer decis\u00f5es tomadas por seus clientes com base nos Conte\u00fados ora disponibilizados, bem como tais Conte\u00fados n\u00e3o representam a opini\u00e3o da <b>OESP<\/b> e s\u00e3o de inteira responsabilidade da <b>PR Newswire Ltda<\/b><\/p>\n","protected":false},"excerpt":{"rendered":"A recupera\u00e7\u00e3o do poder aquisitivo nos \u00faltimos meses deve impactar os gastos dos moradores dos 20 munic\u00edpios que integram a Regi\u00e3o Metropolitana de Campinas (RMC) com alimenta\u00e7\u00e3o f","protected":false},"author":1,"featured_media":0,"comment_status":"open","ping_status":"closed","sticky":false,"template":"","format":"standard","meta":{"_acf_changed":false,"inline_featured_image":false,"_monsterinsights_skip_tracking":false,"_monsterinsights_sitenote_active":false,"_monsterinsights_sitenote_note":"","_monsterinsights_sitenote_category":0,"footnotes":""},"categories":[31],"tags":[],"class_list":["post-95442","post","type-post","status-publish","format-standard","hentry","category-prnewsinternacional"],"acf":[],"_links":{"self":[{"href":"https:\/\/bluestudio.estadao.com.br\/agencia-de-comunicacao\/wp-json\/wp\/v2\/posts\/95442","targetHints":{"allow":["GET"]}}],"collection":[{"href":"https:\/\/bluestudio.estadao.com.br\/agencia-de-comunicacao\/wp-json\/wp\/v2\/posts"}],"about":[{"href":"https:\/\/bluestudio.estadao.com.br\/agencia-de-comunicacao\/wp-json\/wp\/v2\/types\/post"}],"author":[{"embeddable":true,"href":"https:\/\/bluestudio.estadao.com.br\/agencia-de-comunicacao\/wp-json\/wp\/v2\/users\/1"}],"replies":[{"embeddable":true,"href":"https:\/\/bluestudio.estadao.com.br\/agencia-de-comunicacao\/wp-json\/wp\/v2\/comments?post=95442"}],"version-history":[{"count":0,"href":"https:\/\/bluestudio.estadao.com.br\/agencia-de-comunicacao\/wp-json\/wp\/v2\/posts\/95442\/revisions"}],"wp:attachment":[{"href":"https:\/\/bluestudio.estadao.com.br\/agencia-de-comunicacao\/wp-json\/wp\/v2\/media?parent=95442"}],"wp:term":[{"taxonomy":"category","embeddable":true,"href":"https:\/\/bluestudio.estadao.com.br\/agencia-de-comunicacao\/wp-json\/wp\/v2\/categories?post=95442"},{"taxonomy":"post_tag","embeddable":true,"href":"https:\/\/bluestudio.estadao.com.br\/agencia-de-comunicacao\/wp-json\/wp\/v2\/tags?post=95442"}],"curies":[{"name":"wp","href":"https:\/\/api.w.org\/{rel}","templated":true}]}}