{"id":95254,"date":"2024-06-11T10:12:00","date_gmt":"2024-06-11T13:12:00","guid":{"rendered":"https:\/\/bluestudio.estadao.com.br\/agencia-de-comunicacao\/prnewswire\/prnewsinternacional\/projeto-da-jti-tem-serie-de-iniciativas-para-combater-o-trabalho-infantil-em-comunidades-rurais\/"},"modified":"2024-06-11T10:12:00","modified_gmt":"2024-06-11T13:12:00","slug":"projeto-da-jti-tem-serie-de-iniciativas-para-combater-o-trabalho-infantil-em-comunidades-rurais","status":"publish","type":"post","link":"https:\/\/bluestudio.estadao.com.br\/agencia-de-comunicacao\/prnewswire\/prnewsinternacional\/projeto-da-jti-tem-serie-de-iniciativas-para-combater-o-trabalho-infantil-em-comunidades-rurais\/","title":{"rendered":"Projeto da JTI tem s\u00e9rie de iniciativas para combater o trabalho infantil em comunidades rurais"},"content":{"rendered":"<p><b>PR NEWSWIRE<\/b><\/p>\n<div class=\"xn-content\">\n<p class=\"prntac\"><i>Programa ARISE atua na promo\u00e7\u00e3o da educa\u00e7\u00e3o e desenvolvimento socioecon\u00f4mico para produtores de tabaco<\/i><\/p>\n<p><span class=\"legendSpanClass\"><span class=\"xn-location\">SANTA CRUZ<\/span> DO SUL, Brasil<\/span>, <span class=\"legendSpanClass\">11 de junho de 2024<\/span> \/PRNewswire\/ &#8212; Trabalho infantil \u00e9 assunto s\u00e9rio. Tanto que para conscientizar sobre a import\u00e2ncia de manter crian\u00e7as e adolescentes longe de atividades que prejudiquem o seu desenvolvimento, foi institu\u00eddo o 12 de junho como o Dia Mundial de Combate ao Trabalho Infantil. Uma data importante para conscientizar sobre a necessidade de erradicar essa pr\u00e1tica. Empresas desempenham um importante papel nesse esfor\u00e7o, e um exemplo de iniciativa \u00e9 o Programa Alcan\u00e7ando a Redu\u00e7\u00e3o do Trabalho Infantil pelo Suporte \u00e0 Educa\u00e7\u00e3o (ARISE), liderado pela Japan Tobacco International (JTI). H\u00e1 12 anos, o ARISE vem atuando na preven\u00e7\u00e3o e elimina\u00e7\u00e3o do trabalho infantil em comunidades produtoras de tabaco nos pa\u00edses onde a JTI desenvolve suas atividades.<\/p>\n<div class=\"PRN_ImbeddedAssetReference\" id=\"DivAssetPlaceHolder8421\">\n<a href=\"https:\/\/mma.prnewswire.com\/media\/2434779\/BR_2022_ArroiodoTigre_RS_ARISE_EscolaAgr_cola__101.html\" target=\"_blank\" rel=\"nofollow noopener\"><img decoding=\"async\" src=\"https:\/\/mma.prnewswire.com\/media\/2434779\/BR_2022_ArroiodoTigre_RS_ARISE_EscolaAgr_cola__101.jpg\" title=\"Alunos do curso de T\u00e9cnicas Agr\u00edcolas, em Arroio do Tigre - RS, mantido pelo ARISE.\" alt=\"Alunos do curso de T\u00e9cnicas Agr\u00edcolas, em Arroio do Tigre - RS, mantido pelo ARISE.\" \/><\/a><\/p>\n<\/div>\n<p>Desde a sua implementa\u00e7\u00e3o, o Programa ARISE tem sido um agente de transforma\u00e7\u00e3o, atuando em parceria com setores p\u00fablicos e privados, bem como comunidades locais, em frentes de trabalho que envolvem educa\u00e7\u00e3o, gera\u00e7\u00e3o de renda e pol\u00edticas p\u00fablicas. No Brasil, o programa teve in\u00edcio em quatro munic\u00edpios do Rio Grande do Sul: Arroio do Tigre, Sobradinho, Ibarama e Lagoa Bonita do Sul. Em 2023, o ARISE expandiu para mais nove munic\u00edpios do Rio Grande do Sul: <span class=\"xn-person\">Barros Cassal<\/span>, Gramado Xavier, Passo do Sobrado e Jaguari. Al\u00e9m de S\u00e3o Mateus do Sul, S\u00e3o Jo\u00e3o do Triunfo e Pi\u00ean, no Paran\u00e1, e <span class=\"xn-person\">Santa Terezinha<\/span> e Irine\u00f3polis, em <span class=\"xn-person\">Santa Catarina<\/span>. O programa tamb\u00e9m est\u00e1 consolidado nos munic\u00edpios ga\u00fachos de Agudo, Vale do Sol, Passa Sete, Segredo, Boqueir\u00e3o do Le\u00e3o e Ven\u00e2ncio Aires, impactando positivamente a vida de milhares de crian\u00e7as e adolescentes em 19 munic\u00edpios do Sul.<\/p>\n<p><b>**Destaques do Programa ARISE &#8211; 2012 a 2023:** <\/b><\/p>\n<p>&#8211; <span class=\"xn-person\">Mais de<\/span> 4.878 crian\u00e7as participaram de oficinas de contraturno escolar.<\/p>\n<p>&#8211; Capacita\u00e7\u00e3o de 1.200 t\u00e9cnicos agr\u00edcolas em todos os setores.<\/p>\n<p>&#8211; 361 jovens foram treinados em cursos de t\u00e9cnicas agr\u00edcolas e gest\u00e3o rural.<\/p>\n<p>&#8211; 210 pessoas da rede de prote\u00e7\u00e3o da Crian\u00e7a e do Adolescente capacitadas.<\/p>\n<p>&#8211; 40 escolas beneficiadas com melhorias promovidas pelo programa.<\/p>\n<p>&#8211; 15.744 crian\u00e7as participaram de atividades de conscientiza\u00e7\u00e3o sobre trabalho infantil.<\/p>\n<p>Marines Kittel, supervisora de Projetos de Suporte ao Produtor da JTI, destaca: &#8220;O ARISE n\u00e3o apenas contribui para a erradica\u00e7\u00e3o do trabalho infantil, mas tamb\u00e9m promove o desenvolvimento socioecon\u00f4mico e a conscientiza\u00e7\u00e3o nas comunidades em que atua&#8221;, avalia.<\/p>\n<p>O programa tamb\u00e9m se destaca pelo empoderamento socioecon\u00f4mico, oferecendo oportunidades de gera\u00e7\u00e3o de renda e capacita\u00e7\u00e3o para m\u00e3es e jovens rurais, contribuindo para melhores meios de subsist\u00eancia e promovendo o empreendedorismo rural.<\/p>\n<p>Por meio de parcerias estrat\u00e9gicas e colabora\u00e7\u00e3o com organiza\u00e7\u00f5es governamentais, o ARISE tem contribu\u00eddo diretamente para a cria\u00e7\u00e3o de pol\u00edticas p\u00fablicas eficazes de combate ao trabalho infantil, alinhando-se aos objetivos de desenvolvimento sustent\u00e1vel definidos pela Organiza\u00e7\u00e3o das Na\u00e7\u00f5es Unidas, demonstrando o compromisso da JTI em promover mudan\u00e7as positivas e significativas nas comunidades em que est\u00e1 presente.<\/p>\n<p><b><i>Sobre a JTI<\/i><\/b><\/p>\n<p><i>A Japan Tobacco International (JTI) \u00e9 uma empresa internacional l\u00edder em tabaco e cigarro eletr\u00f4nico, com opera\u00e7\u00f5es em mais de 130 pa\u00edses. \u00c9 propriet\u00e1ria de Winston, segunda marca mais vendida do mundo, e de Camel. Outras marcas globais incluem Mevius e LD. Tamb\u00e9m \u00e9 um dos principais players no mercado internacional de cigarro eletr\u00f4nico e tabaco aquecido com as marcas Logic e Ploom. Com sede em Genebra, na Su\u00ed\u00e7a, emprega mais de 40 mil pessoas e foi premiada com o Global Top Employer por oito anos consecutivos. No Brasil, s\u00e3o mais de 1,2 mil colaboradores em dez Estados. A opera\u00e7\u00e3o contempla a produ\u00e7\u00e3o de tabaco &#8211; por meio de mais de 11 mil produtores integrados no Rio Grande do Sul, <span class=\"xn-person\">Santa Catarina<\/span> e Paran\u00e1 &#8211; compra, processamento e exporta\u00e7\u00e3o de tabaco, fabrica\u00e7\u00e3o, venda e distribui\u00e7\u00e3o de cigarros em mais de 20 Estados do Brasil. As marcas comercializadas s\u00e3o Winston, Djarum e Camel, esta \u00faltima tamb\u00e9m exportada para a Bol\u00edvia, assim como a marca LD. \u00c9 Top Employer Brasil desde 2018 e, em 2022, ficou em #1 no ranking nacional, repetindo a conquista em 2023. Neste mesmo ano, conquistou a certifica\u00e7\u00e3o Great Place to Work (GPTW), consolidando-se como uma das melhores empresas para se trabalhar no Brasil. A JTI acredita na liberdade de escolha de seus consumidores. Por isso, disponibiliza amplamente informa\u00e7\u00f5es sobre as consequ\u00eancias do tabagismo. Saiba mais em <\/i><a href=\"http:\/\/www.jti.com\/brasil\" target=\"_blank\" rel=\"nofollow noopener\"><i>www.jti.com\/brasil<\/i><\/a><i>.<\/i><\/p>\n<p><b>Contatos para a Imprensa:<br \/><\/b>MSL Andreoli<br \/><b><span class=\"xn-person\">Ricardo Sousa<\/span> | <\/b>(11) 9 5056-6002<br \/><b><span class=\"xn-person\">Paula Carone<\/span> |<\/b> (11) 9 9656-7339<br \/><a href=\"mailto:assessoriajti@mslgroup.com\" target=\"_blank\" rel=\"nofollow noopener\">assessoriajti@mslgroup.com<\/a><\/p>\n<p>Foto &#8211; <a href=\"https:\/\/mma.prnewswire.com\/media\/2434779\/BR_2022_ArroiodoTigre_RS_ARISE_EscolaAgr_cola__101.jpg\" target=\"_blank\" rel=\"nofollow noopener\">https:\/\/mma.prnewswire.com\/media\/2434779\/BR_2022_ArroiodoTigre_RS_ARISE_EscolaAgr_cola__101.jpg<\/a><\/p>\n<div class=\"PRN_ImbeddedAssetReference\" id=\"DivAssetPlaceHolder0\"><\/div>\n<p id=\"PURL\"><img loading=\"lazy\" decoding=\"async\" title=\"Cision\" width=\"12\" height=\"12\" alt=\"Cision\" src=\"https:\/\/c212.net\/c\/img\/favicon.png?sn=PT35852&amp;sd=2024-06-11\" \/> View original content to download multimedia:<a id=\"PRNURL\" rel=\"nofollow noopener\" href=\"https:\/\/www.prnewswire.com\/br\/comunicados-para-a-imprensa\/projeto-da-jti-tem-serie-de-iniciativas-para-combater-o-trabalho-infantil-em-comunidades-rurais-302168528.html\" target=\"_blank\">https:\/\/www.prnewswire.com\/br\/comunicados-para-a-imprensa\/projeto-da-jti-tem-serie-de-iniciativas-para-combater-o-trabalho-infantil-em-comunidades-rurais-302168528.html<\/a><\/p>\n<p>FONTE  JTI<\/p>\n<\/div>\n<p><img decoding=\"async\" alt=\"\" src=\"https:\/\/rt.prnewswire.com\/rt.gif?NewsItemId=PT35852&amp;Transmission_Id=202406110900PR_NEWS_LATAM____PT35852&amp;DateId=20240611\" style=\"border:0px;width:1px;height:1px\" \/><\/p>\n<p>A <b>OESP<\/b> n\u00e3o \u00e9(s\u00e3o) respons\u00e1vel(is) por erros, incorre\u00e7\u00f5es, atrasos ou quaisquer decis\u00f5es tomadas por seus clientes com base nos Conte\u00fados ora disponibilizados, bem como tais Conte\u00fados n\u00e3o representam a opini\u00e3o da <b>OESP<\/b> e s\u00e3o de inteira responsabilidade da <b>PR Newswire Ltda<\/b><\/p>\n","protected":false},"excerpt":{"rendered":"Programa ARISE atua na promo\u00e7\u00e3o da educa\u00e7\u00e3o e desenvolvimento socioecon\u00f4mico para produtores de tabaco","protected":false},"author":1,"featured_media":0,"comment_status":"open","ping_status":"closed","sticky":false,"template":"","format":"standard","meta":{"_acf_changed":false,"inline_featured_image":false,"_monsterinsights_skip_tracking":false,"_monsterinsights_sitenote_active":false,"_monsterinsights_sitenote_note":"","_monsterinsights_sitenote_category":0,"footnotes":""},"categories":[31],"tags":[],"class_list":["post-95254","post","type-post","status-publish","format-standard","hentry","category-prnewsinternacional"],"acf":[],"_links":{"self":[{"href":"https:\/\/bluestudio.estadao.com.br\/agencia-de-comunicacao\/wp-json\/wp\/v2\/posts\/95254","targetHints":{"allow":["GET"]}}],"collection":[{"href":"https:\/\/bluestudio.estadao.com.br\/agencia-de-comunicacao\/wp-json\/wp\/v2\/posts"}],"about":[{"href":"https:\/\/bluestudio.estadao.com.br\/agencia-de-comunicacao\/wp-json\/wp\/v2\/types\/post"}],"author":[{"embeddable":true,"href":"https:\/\/bluestudio.estadao.com.br\/agencia-de-comunicacao\/wp-json\/wp\/v2\/users\/1"}],"replies":[{"embeddable":true,"href":"https:\/\/bluestudio.estadao.com.br\/agencia-de-comunicacao\/wp-json\/wp\/v2\/comments?post=95254"}],"version-history":[{"count":0,"href":"https:\/\/bluestudio.estadao.com.br\/agencia-de-comunicacao\/wp-json\/wp\/v2\/posts\/95254\/revisions"}],"wp:attachment":[{"href":"https:\/\/bluestudio.estadao.com.br\/agencia-de-comunicacao\/wp-json\/wp\/v2\/media?parent=95254"}],"wp:term":[{"taxonomy":"category","embeddable":true,"href":"https:\/\/bluestudio.estadao.com.br\/agencia-de-comunicacao\/wp-json\/wp\/v2\/categories?post=95254"},{"taxonomy":"post_tag","embeddable":true,"href":"https:\/\/bluestudio.estadao.com.br\/agencia-de-comunicacao\/wp-json\/wp\/v2\/tags?post=95254"}],"curies":[{"name":"wp","href":"https:\/\/api.w.org\/{rel}","templated":true}]}}