{"id":95071,"date":"2024-06-07T09:30:00","date_gmt":"2024-06-07T12:30:00","guid":{"rendered":"https:\/\/bluestudio.estadao.com.br\/agencia-de-comunicacao\/releases\/releases-geral\/geradores-de-energia-ajudam-na-produtividade-do-agronegocio\/"},"modified":"2024-06-07T09:30:00","modified_gmt":"2024-06-07T12:30:00","slug":"geradores-de-energia-ajudam-na-produtividade-do-agronegocio","status":"publish","type":"post","link":"https:\/\/bluestudio.estadao.com.br\/agencia-de-comunicacao\/releases\/releases-geral\/geradores-de-energia-ajudam-na-produtividade-do-agronegocio\/","title":{"rendered":"Geradores de energia ajudam na produtividade do agroneg\u00f3cio"},"content":{"rendered":"<p><b>DINO DIVULGADOR DE NOT\u00cdCIAS<\/b><\/p>\n<p>(<a target='_blank' href='http:\/\/www.dino.com.br' rel=\"noopener\">DINO<\/a> &#8211; 06 jun, 2024) &#8211;<br \/>\nO uso de geradores de energia &eacute; comum nas atividades do agroneg&oacute;cio, setor que alcan&ccedil;ou um valor recorde de US$ 52,39 bilh&otilde;es (aproximadamente R$ 270 bilh&otilde;es, na cota&ccedil;&atilde;o atual) em exporta&ccedil;&otilde;es nos primeiros quatro meses de 2024. O montante representa um crescimento de 3,7% em rela&ccedil;&atilde;o ao que foi exportado nesse mesmo per&iacute;odo em 2023, segundo <a rel=\"follow noopener\" target='_blank' href='https:\/\/www.gov.br\/agricultura\/pt-br\/assuntos\/noticias\/agronegocio-bate-recorde-de-exportacoes-em-abril-com-us-15-24-bilhoes'>dados do Minist&eacute;rio da Agricultura e Pecu&aacute;ria<\/a>.<\/p>\n<p>Como n&atilde;o s&atilde;o todas as propriedades rurais que t&ecirc;m liga&ccedil;&atilde;o direta com sistemas de abastecimento de energia, os geradores s&atilde;o a alternativa que garante o funcionamento de uma unidade produtiva. &Eacute; o que explica Arthur Lavieri, CEO da Tecnogera, empresa especialista em solu&ccedil;&otilde;es de energia.<\/p>\n<p>&ldquo;O agroneg&oacute;cio requer fornecimento cont&iacute;nuo de energia, seja para manuten&ccedil;&atilde;o de mat&eacute;ria-prima, para controle de maquin&aacute;rio ou estoque. A verdade &eacute; que s&atilde;o in&uacute;meras aplica&ccedil;&otilde;es, que garantem que as produ&ccedil;&otilde;es do agro se manter&atilde;o ativas&rdquo;, afirma Lavieri.<\/p>\n<p>Al&eacute;m disso, h&aacute; aqueles casos em que, mesmo tendo conex&atilde;o com um sistema de abastecimento, o produtor opta por ter um gerador de emerg&ecirc;ncia em caso de quedas de fornecimento. Isto &eacute;, se houver algum apag&atilde;o, a propriedade n&atilde;o fica sem energia e n&atilde;o corre o risco de sofrer danos.<\/p>\n<p>&ldquo;&Eacute; um equipamento que se mant&eacute;m no &lsquo;modo de espera&rsquo;, pronto para ser acionado assim que seu funcionamento for necess&aacute;rio. Em qualquer necessidade, o gerador de energia em standby entra em a&ccedil;&atilde;o para evitar problemas&rsquo;&rdquo;, explica.<\/p>\n<p>&ldquo;Os produtores rurais e empres&aacute;rios do agro ainda t&ecirc;m a pr&aacute;tica de comprar geradores de energia, por entenderem que &eacute; um investimento para o seu neg&oacute;cio, mas t&ecirc;m notado que o aluguel, com servi&ccedil;os agregados como log&iacute;stica, manuten&ccedil;&atilde;o e monitoramento remoto &eacute; mais vantajoso&rdquo;, acrescenta Lavieri. O especialista ressalta a import&acirc;ncia de adquirir sempre equipamentos em boas condi&ccedil;&otilde;es de uso e revisados.&nbsp;<\/p>\n<p>&#8216;Temos notado a demanda crescente por este tipo de oferta onde o cliente pode se concentrar em suas atividades principais e empresas como a Tecnogera assumem a gest&atilde;o do ativo de gera&ccedil;&atilde;o&#8217; , ressalta. <\/p>\n<p>Um diferencial que muitos buscam, segundo ele, &eacute; a possibilidade de integrar instala&ccedil;&atilde;o, log&iacute;stica e manuten&ccedil;&atilde;o em um s&oacute; servi&ccedil;o contratado. No entanto, alguns optam por alugar o equipamento, principalmente em casos de gera&ccedil;&atilde;o energ&eacute;tica tempor&aacute;ria ? por exemplo, durante a realiza&ccedil;&atilde;o de um evento agropecu&aacute;rio.&nbsp;<\/p>\n<p>Para saber mais, basta acessar: <a rel=\"follow noopener\" target='_blank' href='https:\/\/www.tecnogera.com.br\/'>https:\/\/www.tecnogera.com.br<\/a><\/p>\n<p>A <b>OESP<\/b> n\u00e3o \u00e9(s\u00e3o) respons\u00e1vel(is) por erros, incorre\u00e7\u00f5es, atrasos ou quaisquer decis\u00f5es tomadas por seus clientes com base nos Conte\u00fados ora disponibilizados, bem como tais Conte\u00fados n\u00e3o representam a opini\u00e3o da <b>OESP<\/b> e s\u00e3o de inteira responsabilidade da <b>Dino Divulgador de Noticias Online Ltda<\/b><\/p>\n","protected":false},"excerpt":{"rendered":"(DINO &#8211; 06 jun, 2024) &#8211;\nO uso de geradores de energia &eacute; comum nas atividades do agroneg&oacute;cio, setor que alcan&ccedil;ou um valor recorde de US$ 52,39 bilh&otilde;es (","protected":false},"author":1,"featured_media":0,"comment_status":"open","ping_status":"closed","sticky":false,"template":"","format":"standard","meta":{"_acf_changed":false,"inline_featured_image":false,"_monsterinsights_skip_tracking":false,"_monsterinsights_sitenote_active":false,"_monsterinsights_sitenote_note":"","_monsterinsights_sitenote_category":0,"footnotes":""},"categories":[34],"tags":[],"class_list":["post-95071","post","type-post","status-publish","format-standard","hentry","category-releases-geral"],"acf":[],"_links":{"self":[{"href":"https:\/\/bluestudio.estadao.com.br\/agencia-de-comunicacao\/wp-json\/wp\/v2\/posts\/95071","targetHints":{"allow":["GET"]}}],"collection":[{"href":"https:\/\/bluestudio.estadao.com.br\/agencia-de-comunicacao\/wp-json\/wp\/v2\/posts"}],"about":[{"href":"https:\/\/bluestudio.estadao.com.br\/agencia-de-comunicacao\/wp-json\/wp\/v2\/types\/post"}],"author":[{"embeddable":true,"href":"https:\/\/bluestudio.estadao.com.br\/agencia-de-comunicacao\/wp-json\/wp\/v2\/users\/1"}],"replies":[{"embeddable":true,"href":"https:\/\/bluestudio.estadao.com.br\/agencia-de-comunicacao\/wp-json\/wp\/v2\/comments?post=95071"}],"version-history":[{"count":0,"href":"https:\/\/bluestudio.estadao.com.br\/agencia-de-comunicacao\/wp-json\/wp\/v2\/posts\/95071\/revisions"}],"wp:attachment":[{"href":"https:\/\/bluestudio.estadao.com.br\/agencia-de-comunicacao\/wp-json\/wp\/v2\/media?parent=95071"}],"wp:term":[{"taxonomy":"category","embeddable":true,"href":"https:\/\/bluestudio.estadao.com.br\/agencia-de-comunicacao\/wp-json\/wp\/v2\/categories?post=95071"},{"taxonomy":"post_tag","embeddable":true,"href":"https:\/\/bluestudio.estadao.com.br\/agencia-de-comunicacao\/wp-json\/wp\/v2\/tags?post=95071"}],"curies":[{"name":"wp","href":"https:\/\/api.w.org\/{rel}","templated":true}]}}