{"id":95069,"date":"2024-06-07T09:32:00","date_gmt":"2024-06-07T12:32:00","guid":{"rendered":"https:\/\/bluestudio.estadao.com.br\/agencia-de-comunicacao\/releases\/releases-geral\/clinica-fares-celebra-35-anos-com-quatro-unidades\/"},"modified":"2024-06-07T09:32:00","modified_gmt":"2024-06-07T12:32:00","slug":"clinica-fares-celebra-35-anos-com-quatro-unidades","status":"publish","type":"post","link":"https:\/\/bluestudio.estadao.com.br\/agencia-de-comunicacao\/releases\/releases-geral\/clinica-fares-celebra-35-anos-com-quatro-unidades\/","title":{"rendered":"Cl\u00ednica Fares celebra 35 anos com quatro unidades"},"content":{"rendered":"<p><b>DINO DIVULGADOR DE NOT\u00cdCIAS<\/b><\/p>\n<p>Osasco &#8211; S\u00e3o Paulo&#8211;(<a target='_blank' href='http:\/\/www.dino.com.br' rel=\"noopener\">DINO<\/a> &#8211; 06 jun, 2024) &#8211;<br \/>\nA <a rel=\"follow noopener\" target='_blank' href='https:\/\/www.clinicafares.com.br\/'>Cl&iacute;nica Fares<\/a> celebra 35 anos de servi&ccedil;os &agrave; comunidade com a inaugura&ccedil;&atilde;o de um novo centro cir&uacute;rgico e a consolida&ccedil;&atilde;o de quatro unidades em S&atilde;o Paulo. Localizada nas regi&otilde;es de Osasco, Cachoeirinha, Santo Amaro e Penha, a institui&ccedil;&atilde;o refor&ccedil;a seu compromisso com a sa&uacute;de e bem-estar dos pacientes, buscando sempre oferecer atendimento com qualidade e tecnologia atualizada.<\/p>\n<p>Fundada em 1988, a <a rel=\"follow noopener\" target='_blank' href='https:\/\/www.clinicafares.com.br\/'>Cl&iacute;nica Fares<\/a>, ao longo dos anos, ampliou suas instala&ccedil;&otilde;es e servi&ccedil;os para melhor atender a demanda crescente da popula&ccedil;&atilde;o paulistana. &#8216;Nosso objetivo sempre foi oferecer servi&ccedil;os de sa&uacute;de acess&iacute;veis e de alta qualidade para todos,&#8217; afirmou Adiel Fares, dirigindo a institui&ccedil;&atilde;o. A nova estrutura do centro cir&uacute;rgico complementa esses esfor&ccedil;os, proporcionando seguran&ccedil;a nos procedimentos m&eacute;dicos.<\/p>\n<p>Nas unidades, s&atilde;o realizadas consultas, exames e cirurgias com tecnologia moderna. O atendimento visa alcan&ccedil;ar a efic&aacute;cia com pre&ccedil;os acess&iacute;veis. A Cl&iacute;nica Fares busca se manter competitiva no mercado de sa&uacute;de, priorizando o atendimento personalizado dos seus pacientes.<\/p>\n<p>Adiel Fares destacou tamb&eacute;m a import&acirc;ncia da humaniza&ccedil;&atilde;o no atendimento m&eacute;dico. &#8216;Desde o in&iacute;cio, nossa filosofia &eacute; tratar cada paciente com respeito e empatia, oferecendo um atendimento que vai al&eacute;m da m&eacute;dia,&#8217; comentou ele. A <a rel=\"follow noopener\" target='_blank' href='https:\/\/www.clinicafares.com.br\/'>Cl&iacute;nica Fares<\/a> continua a expandir seus servi&ccedil;os, sem perder de vista esses valores fundamentais.<\/p>\n<p>Al&eacute;m de consultas e exames, a <a rel=\"follow noopener\" target='_blank' href='https:\/\/www.clinicafares.com.br\/'>Cl&iacute;nica Fares<\/a> disponibiliza uma gama de especialidades m&eacute;dicas, garantindo atendimento multidisciplinar necess&aacute;rio para os pacientes. Desde doen&ccedil;as cr&ocirc;nicas at&eacute; emerg&ecirc;ncias, a institui&ccedil;&atilde;o oferece diagn&oacute;sticos precisos e tratamentos adequados.<\/p>\n<p>O centro cir&uacute;rgico, equipado com tecnologia recente e uma equipe qualificada, &eacute; um marco importante na trajet&oacute;ria da <a rel=\"follow noopener\" target='_blank' href='https:\/\/www.clinicafares.com.br\/'>Cl&iacute;nica Fares<\/a>. &#8216;O nosso centro cir&uacute;rgico nos permite realizar atendimentos ainda mais completos, oferecendo todo o suporte necess&aacute;rio para uma recupera&ccedil;&atilde;o r&aacute;pida e eficiente,&#8217; declarou Adiel Fares.<\/p>\n<p>A acessibilidade &eacute; um fator relevante para a <a rel=\"follow noopener\" target='_blank' href='https:\/\/www.clinicafares.com.br\/'>Cl&iacute;nica Fares<\/a>. Com presen&ccedil;a nas principais regi&otilde;es de S&atilde;o Paulo, as unidades s&atilde;o facilmente acess&iacute;veis aos moradores dessas &aacute;reas e regi&otilde;es adjacentes. A institui&ccedil;&atilde;o investe constantemente em ambientes acolhedores para seus pacientes, reafirmando seu compromisso com um atendimento de qualidade.<\/p>\n<p>Com 35 anos de hist&oacute;ria, a <a rel=\"follow noopener\" target='_blank' href='https:\/\/www.clinicafares.com.br\/'>Cl&iacute;nica Fares<\/a> continua a planejar expans&otilde;es e melhorias em suas infraestruturas e servi&ccedil;os. Mantendo o compromisso com a sa&uacute;de da comunidade, a cl&iacute;nica se posiciona como uma pe&ccedil;a importante no cen&aacute;rio da sa&uacute;de em S&atilde;o Paulo.<\/p>\n<p>Website: <a target='_blank' href='http:\/\/www.clinicafares.com.br' rel=\"follow noopener\">http:\/\/www.clinicafares.com.br<\/a><img src='https:\/\/api.dino.com.br\/v2\/news\/tr\/299115' alt='' style='border:0px;width:1px;height:1px' \/><br \/>\nA <b>OESP<\/b> n\u00e3o \u00e9(s\u00e3o) respons\u00e1vel(is) por erros, incorre\u00e7\u00f5es, atrasos ou quaisquer decis\u00f5es tomadas por seus clientes com base nos Conte\u00fados ora disponibilizados, bem como tais Conte\u00fados n\u00e3o representam a opini\u00e3o da <b>OESP<\/b> e s\u00e3o de inteira responsabilidade da <b>Dino Divulgador de Noticias Online Ltda<\/b><\/p>\n","protected":false},"excerpt":{"rendered":"Osasco &#8211; S\u00e3o Paulo&#8211;(DINO &#8211; 06 jun, 2024) &#8211;\nA Cl&iacute;nica Fares celebra 35 anos de servi&ccedil;os &agrave; comunidade com a inaugura&ccedil;&atilde;o de um novo centro cir&amp;uac","protected":false},"author":1,"featured_media":0,"comment_status":"open","ping_status":"closed","sticky":false,"template":"","format":"standard","meta":{"_acf_changed":false,"inline_featured_image":false,"_monsterinsights_skip_tracking":false,"_monsterinsights_sitenote_active":false,"_monsterinsights_sitenote_note":"","_monsterinsights_sitenote_category":0,"footnotes":""},"categories":[34],"tags":[],"class_list":["post-95069","post","type-post","status-publish","format-standard","hentry","category-releases-geral"],"acf":[],"_links":{"self":[{"href":"https:\/\/bluestudio.estadao.com.br\/agencia-de-comunicacao\/wp-json\/wp\/v2\/posts\/95069","targetHints":{"allow":["GET"]}}],"collection":[{"href":"https:\/\/bluestudio.estadao.com.br\/agencia-de-comunicacao\/wp-json\/wp\/v2\/posts"}],"about":[{"href":"https:\/\/bluestudio.estadao.com.br\/agencia-de-comunicacao\/wp-json\/wp\/v2\/types\/post"}],"author":[{"embeddable":true,"href":"https:\/\/bluestudio.estadao.com.br\/agencia-de-comunicacao\/wp-json\/wp\/v2\/users\/1"}],"replies":[{"embeddable":true,"href":"https:\/\/bluestudio.estadao.com.br\/agencia-de-comunicacao\/wp-json\/wp\/v2\/comments?post=95069"}],"version-history":[{"count":0,"href":"https:\/\/bluestudio.estadao.com.br\/agencia-de-comunicacao\/wp-json\/wp\/v2\/posts\/95069\/revisions"}],"wp:attachment":[{"href":"https:\/\/bluestudio.estadao.com.br\/agencia-de-comunicacao\/wp-json\/wp\/v2\/media?parent=95069"}],"wp:term":[{"taxonomy":"category","embeddable":true,"href":"https:\/\/bluestudio.estadao.com.br\/agencia-de-comunicacao\/wp-json\/wp\/v2\/categories?post=95069"},{"taxonomy":"post_tag","embeddable":true,"href":"https:\/\/bluestudio.estadao.com.br\/agencia-de-comunicacao\/wp-json\/wp\/v2\/tags?post=95069"}],"curies":[{"name":"wp","href":"https:\/\/api.w.org\/{rel}","templated":true}]}}