{"id":95056,"date":"2024-06-07T09:45:00","date_gmt":"2024-06-07T12:45:00","guid":{"rendered":"https:\/\/bluestudio.estadao.com.br\/agencia-de-comunicacao\/releases\/releases-geral\/conscientizacao-da-neuromielite-optica-percorre-as-capitais\/"},"modified":"2024-06-07T09:45:00","modified_gmt":"2024-06-07T12:45:00","slug":"conscientizacao-da-neuromielite-optica-percorre-as-capitais","status":"publish","type":"post","link":"https:\/\/bluestudio.estadao.com.br\/agencia-de-comunicacao\/releases\/releases-geral\/conscientizacao-da-neuromielite-optica-percorre-as-capitais\/","title":{"rendered":"Conscientiza\u00e7\u00e3o da Neuromielite \u00d3ptica percorre as capitais"},"content":{"rendered":"<p><b>DINO DIVULGADOR DE NOT\u00cdCIAS<\/b><\/p>\n<p>S\u00e3o Paulo&#8211;(<a target='_blank' href='http:\/\/www.dino.com.br' rel=\"noopener\">DINO<\/a> &#8211; 06 jun, 2024) &#8211;<br \/>\nA Associa&ccedil;&atilde;o <a rel=\"follow noopener\" target='_blank' href='https:\/\/cdd.org.br\/'>Cr&ocirc;nicos do Dia a Dia<\/a>, em parceria com a <a rel=\"follow noopener\" target='_blank' href='https:\/\/www.abnmo.org\/?utm_campaign=nmo_sem_fronteiras_-_base_geral&amp;utm_medium=email&amp;utm_source=RD%20Station'>Associa&ccedil;&atilde;o Brasileira de Neuromielite &Oacute;ptica<\/a> (ABNMO) e a <a rel=\"follow noopener\" target='_blank' href='https:\/\/instagram.com\/nmobrasil_oficial\/p\/C7Zlig7xD90\/?img_index=1'>NMO Brasil<\/a> &#8211; Associa&ccedil;&atilde;o Brasileira de Pacientes de Neuromielite &Oacute;ptica e Doen&ccedil;as do seu Espectro, realizou cinco encontros do projeto <strong>NMO sem Fronteiras<\/strong> ao redor do Brasil. Os eventos t&ecirc;m como objetivo levar a informa&ccedil;&atilde;o e o acesso ao diagn&oacute;stico correto da doen&ccedil;a rara Neuromielite &Oacute;ptica (NMO)para diversas regi&otilde;es do pa&iacute;s.<\/p>\n<p>A Neuromielite &Oacute;ptica (NMO) &eacute; uma <a rel=\"follow noopener\" target='_blank' href='https:\/\/www.abnmo.org\/sobre-a-abnmo\/'>doen&ccedil;a neurol&oacute;gica cr&ocirc;nica<\/a>, rara e autoimune ainda pouco conhecida pela popula&ccedil;&atilde;o em geral e pela comunidade m&eacute;dica. Por este contexto, chegar at&eacute; o diagn&oacute;stico correto pode levar tempo. Al&eacute;m disso, quando n&atilde;o tratada adequadamente, a condi&ccedil;&atilde;o pode deixar sequelas como: cegueira permanente, fraqueza muscular, paralisia ou depress&atilde;o.<\/p>\n<p>At&eacute; o momento, a NMO sem Fronteiras contou com cinco eventos presenciais, com palestras e bate-papos envolvendo a comunidade de pacientes locais, profissionais da sa&uacute;de especializados e associa&ccedil;&otilde;es em diversas capitais no Brasil. Em 2023, as primeiras edi&ccedil;&otilde;es do NMO Sem Fronteiras aconteceram em Fortaleza (CE), Salvador (BA) e Goi&acirc;nia (GO). Este ano, o evento esteve presente em Natal (RN) e S&atilde;o Lu&iacute;s (MA).&nbsp;<\/p>\n<p>&ldquo;O grande foco deste ano &eacute; ampliar cada vez mais a conscientiza&ccedil;&atilde;o da sociedade sobre a Neuromielite &Oacute;ptica (NMO) e conhecer a jornada local dos pacientes e cuidadores que lidam com a doen&ccedil;a, identificar desafios e construir redes de colabora&ccedil;&atilde;o para enfrent&aacute;-los&rdquo;, afirma a diretora executiva da AME e CDD, Giulia Gamba.<\/p>\n<p>O evento conta tamb&eacute;m com a parceria do Instituto Gustavo Rosa, Psic&oacute;loga Amanda Minucelli, Da Arte Para a Vida e o apoio da AmGen, e contar&aacute; em breve com pr&oacute;ximas edi&ccedil;&otilde;es.<\/p>\n<p><strong>SOBRE A CDD<\/strong> &#8211; A Associa&ccedil;&atilde;o <a rel=\"follow noopener\" target='_blank' href='http:\/\/www.cdd.org.br'>Cr&ocirc;nicos do Dia a Dia<\/a> &eacute; uma organiza&ccedil;&atilde;o sem fins lucrativos. Desde 2018, tem como miss&atilde;o apoiar todo o potencial humano para ampliar as perspectivas das pessoas que convivem com condi&ccedil;&otilde;es cr&ocirc;nicas. A partir dos pilares de trabalho de Responsabilidade Social, Qualidade de vida, Pol&iacute;ticas P&uacute;blicas, Pesquisa e Informa&ccedil;&atilde;o, desenvolve projetos e campanhas para fortalecer o diagn&oacute;stico precoce, conscientizar sobre sintomas, pol&iacute;ticas p&uacute;blicas, tratamentos e viv&ecirc;ncias com os diagn&oacute;sticos, para impactar na qualidade de vida das pessoas que convivem com as condi&ccedil;&otilde;es, seus amigos e familiares. O NMO Sem Fronteiras &eacute; um projeto que visa a conscientiza&ccedil;&atilde;o atrav&eacute;s de informa&ccedil;&otilde;es de qualidade a respeito da doen&ccedil;a rara de Neuromielite &Oacute;ptica.<\/p>\n<p>Website: <a target='_blank' href='https:\/\/cdd.org.br\/' rel=\"follow noopener\">https:\/\/cdd.org.br\/<\/a><img src='https:\/\/api.dino.com.br\/v2\/news\/tr\/290717' alt='' style='border:0px;width:1px;height:1px' \/><br \/>\nA <b>OESP<\/b> n\u00e3o \u00e9(s\u00e3o) respons\u00e1vel(is) por erros, incorre\u00e7\u00f5es, atrasos ou quaisquer decis\u00f5es tomadas por seus clientes com base nos Conte\u00fados ora disponibilizados, bem como tais Conte\u00fados n\u00e3o representam a opini\u00e3o da <b>OESP<\/b> e s\u00e3o de inteira responsabilidade da <b>Dino Divulgador de Noticias Online Ltda<\/b><\/p>\n","protected":false},"excerpt":{"rendered":"S\u00e3o Paulo&#8211;(DINO &#8211; 06 jun, 2024) &#8211;\nA Associa&ccedil;&atilde;o Cr&ocirc;nicos do Dia a Dia, em parceria com a Associa&ccedil;&atilde;o Brasileira de Neuromielite &Oacute;ptica (ABN","protected":false},"author":1,"featured_media":0,"comment_status":"open","ping_status":"closed","sticky":false,"template":"","format":"standard","meta":{"_acf_changed":false,"inline_featured_image":false,"_monsterinsights_skip_tracking":false,"_monsterinsights_sitenote_active":false,"_monsterinsights_sitenote_note":"","_monsterinsights_sitenote_category":0,"footnotes":""},"categories":[34],"tags":[],"class_list":["post-95056","post","type-post","status-publish","format-standard","hentry","category-releases-geral"],"acf":[],"_links":{"self":[{"href":"https:\/\/bluestudio.estadao.com.br\/agencia-de-comunicacao\/wp-json\/wp\/v2\/posts\/95056","targetHints":{"allow":["GET"]}}],"collection":[{"href":"https:\/\/bluestudio.estadao.com.br\/agencia-de-comunicacao\/wp-json\/wp\/v2\/posts"}],"about":[{"href":"https:\/\/bluestudio.estadao.com.br\/agencia-de-comunicacao\/wp-json\/wp\/v2\/types\/post"}],"author":[{"embeddable":true,"href":"https:\/\/bluestudio.estadao.com.br\/agencia-de-comunicacao\/wp-json\/wp\/v2\/users\/1"}],"replies":[{"embeddable":true,"href":"https:\/\/bluestudio.estadao.com.br\/agencia-de-comunicacao\/wp-json\/wp\/v2\/comments?post=95056"}],"version-history":[{"count":0,"href":"https:\/\/bluestudio.estadao.com.br\/agencia-de-comunicacao\/wp-json\/wp\/v2\/posts\/95056\/revisions"}],"wp:attachment":[{"href":"https:\/\/bluestudio.estadao.com.br\/agencia-de-comunicacao\/wp-json\/wp\/v2\/media?parent=95056"}],"wp:term":[{"taxonomy":"category","embeddable":true,"href":"https:\/\/bluestudio.estadao.com.br\/agencia-de-comunicacao\/wp-json\/wp\/v2\/categories?post=95056"},{"taxonomy":"post_tag","embeddable":true,"href":"https:\/\/bluestudio.estadao.com.br\/agencia-de-comunicacao\/wp-json\/wp\/v2\/tags?post=95056"}],"curies":[{"name":"wp","href":"https:\/\/api.w.org\/{rel}","templated":true}]}}