{"id":95046,"date":"2024-06-07T09:55:00","date_gmt":"2024-06-07T12:55:00","guid":{"rendered":"https:\/\/bluestudio.estadao.com.br\/agencia-de-comunicacao\/releases\/releases-geral\/cia-nas-alturas-tera-sua-quarta-edicao-em-sao-paulo\/"},"modified":"2024-06-07T09:55:00","modified_gmt":"2024-06-07T12:55:00","slug":"cia-nas-alturas-tera-sua-quarta-edicao-em-sao-paulo","status":"publish","type":"post","link":"https:\/\/bluestudio.estadao.com.br\/agencia-de-comunicacao\/releases\/releases-geral\/cia-nas-alturas-tera-sua-quarta-edicao-em-sao-paulo\/","title":{"rendered":"Cia nas Alturas ter\u00e1 sua quarta edi\u00e7\u00e3o em S\u00e3o Paulo"},"content":{"rendered":"<p><b>DINO DIVULGADOR DE NOT\u00cdCIAS<\/b><\/p>\n<p>S\u00e3o Paulo, SP&#8211;(<a target='_blank' href='http:\/\/www.dino.com.br' rel=\"noopener\">DINO<\/a> &#8211; 06 jun, 2024) &#8211;<br \/>\nCom a experi&ecirc;ncia em aulas de bike e a assinatura de quase 40 anos de tradi&ccedil;&atilde;o, a Cia Athletica realizar&aacute; entre os dias 21 e 23 de junho a quarta edi&ccedil;&atilde;o do &ldquo;Cia nas Alturas&rdquo;.<\/p>\n<p>O evento levar&aacute; cerca de 450 pessoas para pedalar no topo do Brooklin Paulista, no 33&deg; andar do edif&iacute;cio Berrini One com vista para alguns dos pontos tur&iacute;sticos mais conhecidos da cidade.<\/p>\n<p>&ldquo;A ideia &eacute; oferecer uma aula de bike diferente, ao ar livre, com som, ilumina&ccedil;&atilde;o e efeitos inspirados em grandes festivais musicais&rdquo;, explica Cleber Gio, gerente de marketing regional na Cia Athletica.<\/p>\n<p>Ser&atilde;o 8 aulas por dia, com dura&ccedil;&atilde;o de 45 minutos cada uma. Os professores ir&atilde;o comandar os alunos e convidados com o objetivo de promover a pr&aacute;tica de exerc&iacute;cios aliada &agrave; divers&atilde;o, al&eacute;m do visual diferenciado. A organiza&ccedil;&atilde;o do evento oferecer&aacute; alimentos leves, como frutas e lanches naturais, e tamb&eacute;m hidrata&ccedil;&atilde;o com &aacute;gua e bebidas isot&ocirc;nicas.<\/p>\n<p>De acordo com Cac&aacute; Ferreira, consultor t&eacute;cnico na Cia Athletica, a pr&aacute;tica do ciclismo, seja indoor ou outdoor, traz muitos benef&iacute;cios ao nosso corpo, entre eles o al&iacute;vio do impacto nas articula&ccedil;&otilde;es e joelhos, a redu&ccedil;&atilde;o da press&atilde;o arterial, o fortalecimento de pernas e regi&atilde;o lombar, al&eacute;m da melhora na frequ&ecirc;ncia card&iacute;aca, entre outros. &ldquo;&Eacute; uma atividade que n&atilde;o tem contra-indica&ccedil;&atilde;o e nem restri&ccedil;&atilde;o de idade, mas como qualquer esporte, &eacute; fundamental passar por avalia&ccedil;&atilde;o m&eacute;dica antes de iniciar&rdquo;, explica Ferreira.<\/p>\n<p>Website: <a target='_blank' href='https:\/\/www.ciaathletica.com.br\/' rel=\"follow noopener\">https:\/\/www.ciaathletica.com.br\/<\/a><img src='https:\/\/api.dino.com.br\/v2\/news\/tr\/304735' alt='' style='border:0px;width:1px;height:1px' \/><br \/>\nA <b>OESP<\/b> n\u00e3o \u00e9(s\u00e3o) respons\u00e1vel(is) por erros, incorre\u00e7\u00f5es, atrasos ou quaisquer decis\u00f5es tomadas por seus clientes com base nos Conte\u00fados ora disponibilizados, bem como tais Conte\u00fados n\u00e3o representam a opini\u00e3o da <b>OESP<\/b> e s\u00e3o de inteira responsabilidade da <b>Dino Divulgador de Noticias Online Ltda<\/b><\/p>\n","protected":false},"excerpt":{"rendered":"S\u00e3o Paulo, SP&#8211;(DINO &#8211; 06 jun, 2024) &#8211;\nCom a experi&ecirc;ncia em aulas de bike e a assinatura de quase 40 anos de tradi&ccedil;&atilde;o, a Cia Athletica realizar&aacute; entre o","protected":false},"author":1,"featured_media":0,"comment_status":"open","ping_status":"closed","sticky":false,"template":"","format":"standard","meta":{"_acf_changed":false,"inline_featured_image":false,"_monsterinsights_skip_tracking":false,"_monsterinsights_sitenote_active":false,"_monsterinsights_sitenote_note":"","_monsterinsights_sitenote_category":0,"footnotes":""},"categories":[34],"tags":[],"class_list":["post-95046","post","type-post","status-publish","format-standard","hentry","category-releases-geral"],"acf":[],"_links":{"self":[{"href":"https:\/\/bluestudio.estadao.com.br\/agencia-de-comunicacao\/wp-json\/wp\/v2\/posts\/95046","targetHints":{"allow":["GET"]}}],"collection":[{"href":"https:\/\/bluestudio.estadao.com.br\/agencia-de-comunicacao\/wp-json\/wp\/v2\/posts"}],"about":[{"href":"https:\/\/bluestudio.estadao.com.br\/agencia-de-comunicacao\/wp-json\/wp\/v2\/types\/post"}],"author":[{"embeddable":true,"href":"https:\/\/bluestudio.estadao.com.br\/agencia-de-comunicacao\/wp-json\/wp\/v2\/users\/1"}],"replies":[{"embeddable":true,"href":"https:\/\/bluestudio.estadao.com.br\/agencia-de-comunicacao\/wp-json\/wp\/v2\/comments?post=95046"}],"version-history":[{"count":0,"href":"https:\/\/bluestudio.estadao.com.br\/agencia-de-comunicacao\/wp-json\/wp\/v2\/posts\/95046\/revisions"}],"wp:attachment":[{"href":"https:\/\/bluestudio.estadao.com.br\/agencia-de-comunicacao\/wp-json\/wp\/v2\/media?parent=95046"}],"wp:term":[{"taxonomy":"category","embeddable":true,"href":"https:\/\/bluestudio.estadao.com.br\/agencia-de-comunicacao\/wp-json\/wp\/v2\/categories?post=95046"},{"taxonomy":"post_tag","embeddable":true,"href":"https:\/\/bluestudio.estadao.com.br\/agencia-de-comunicacao\/wp-json\/wp\/v2\/tags?post=95046"}],"curies":[{"name":"wp","href":"https:\/\/api.w.org\/{rel}","templated":true}]}}