{"id":95039,"date":"2024-06-07T09:26:00","date_gmt":"2024-06-07T12:26:00","guid":{"rendered":"https:\/\/bluestudio.estadao.com.br\/agencia-de-comunicacao\/releases\/releases-geral\/maioria-dos-medicos-denunciados-e-condenada-nos-conselhos\/"},"modified":"2024-06-07T09:26:00","modified_gmt":"2024-06-07T12:26:00","slug":"maioria-dos-medicos-denunciados-e-condenada-nos-conselhos","status":"publish","type":"post","link":"https:\/\/bluestudio.estadao.com.br\/agencia-de-comunicacao\/releases\/releases-geral\/maioria-dos-medicos-denunciados-e-condenada-nos-conselhos\/","title":{"rendered":"Maioria dos m\u00e9dicos denunciados \u00e9 condenada nos Conselhos"},"content":{"rendered":"<p><b>DINO DIVULGADOR DE NOT\u00cdCIAS<\/b><\/p>\n<p>S\u00e3o Paulo, SP&#8211;(<a target='_blank' href='http:\/\/www.dino.com.br' rel=\"noopener\">DINO<\/a> &#8211; 06 jun, 2024) &#8211;<br \/>\nUm estudo revelou que, atualmente, a maioria dos m&eacute;dicos denunciados acabam condenados. De acordo com o <a rel=\"follow noopener\" target='_blank' href='https:\/\/direitomedico.blogspot.com\/'>Infogr&aacute;fico Processos &Eacute;ticos nos Conselhos de Medicina 2024<\/a>, 2 a cada 3 m&eacute;dicos alvos de den&uacute;ncias ao CRM\/SP s&atilde;o condenados.&nbsp; As penas envolvem desde uma advert&ecirc;ncia ou censura confidencial at&eacute; a suspens&atilde;o por 30 dias ou cassa&ccedil;&atilde;o do exerc&iacute;cio profissional.&nbsp;<\/p>\n<p>O <a rel=\"follow noopener\" target='_blank' href='https:\/\/www.instagram.com\/p\/C7xU7m-PCMX\/'>estudo<\/a> foi elaborado pelo professor e advogado Marcos Vin&iacute;cius Coltri, coordenador de cursos de p&oacute;s-gradua&ccedil;&atilde;o em Direito M&eacute;dico e Hospitalar da Escola Paulista de Direito, e compila dados dos Conselhos Regionais e Federal de Medicina do pa&iacute;s que disponibilizam, publicamente, informa&ccedil;&otilde;es sobre os processos &eacute;ticos.&nbsp;<\/p>\n<p>Considerando os &uacute;ltimos 7 anos, o estudo mostra, por exemplo, que 126 m&eacute;dicos foram cassados pelo Conselho Federal de Medicina. Ou seja, a cada 2 meses, 3 m&eacute;dicos perderam o registro profissional no Brasil de 2017 a 2023. Esses dados referem-se aos julgamentos feitos pelo Pleno do CFM, &uacute;ltima inst&acirc;ncia do &oacute;rg&atilde;o.&nbsp;<\/p>\n<p><strong>Processos &eacute;ticos contra m&eacute;dicos<\/strong><\/p>\n<p>Fazendo um recorte espec&iacute;fico em S&atilde;o Paulo, considerando os &uacute;ltimos 23 anos (2001 a 2023), o infogr&aacute;fico mostra que a m&eacute;dia de condena&ccedil;&atilde;o &eacute; de 1 m&eacute;dico por dia. Sendo que, nos &uacute;ltimos 7 anos, o percentual de condena&ccedil;&atilde;o no estado passou de 55,6% em 2014 para 66,2% em 2023. Ou seja, 2 em cada 3 m&eacute;dicos processados em S&atilde;o Paulo neste per&iacute;odo foram condenados pelo Conselho de Medicina.<\/p>\n<p>De acordo com o estudo, o CFM julgou 5276 processos nos &uacute;ltimos 10 anos (2014 a 2023), sendo que 4876 recursos passaram pelas c&acirc;maras de julgamento de processos &eacute;tico-profissionais (PEP) e 400 recursos chegaram ao pleno do Conselho. Somente no CRM-SP, foram mais de 3 processos &eacute;ticos iniciados por dia em 2023.<\/p>\n<p>&ldquo;N&atilde;o h&aacute; ju&iacute;zo de valor acerca das decis&otilde;es. N&atilde;o h&aacute; como dizer que as condena&ccedil;&otilde;es ou absolvi&ccedil;&otilde;es s&atilde;o justas ou injustas, mas apenas que h&aacute; tend&ecirc;ncia de crescimento do percentual das condena&ccedil;&otilde;es&rdquo;, alertou o professor e advogado Marcos Vin&iacute;cius Coltri.<\/p>\n<p><strong>Causas das den&uacute;ncias aos Conselhos de Medicina<\/strong><\/p>\n<p>Em rela&ccedil;&atilde;o &agrave;s causas de den&uacute;ncias contra m&eacute;dicos nos Conselhos de Medicina, o infogr&aacute;fico detalha os artigos do C&oacute;digo de &Eacute;tica M&eacute;dica infringidos com maior n&uacute;mero de men&ccedil;&otilde;es nas decis&otilde;es condenat&oacute;rias do pleno do CFM.<\/p>\n<p>O mais citado &eacute; o artigo 1&ordm;, que veda ao m&eacute;dico &ldquo;causar dano ao paciente, por a&ccedil;&atilde;o ou omiss&atilde;o, caracteriz&aacute;vel como imper&iacute;cia, imprud&ecirc;ncia ou neglig&ecirc;ncia&rdquo;. Em segundo lugar, aparece o artigo 40, que pro&iacute;be o profissional de &ldquo;aproveitar-se de situa&ccedil;&otilde;es decorrentes da rela&ccedil;&atilde;o m&eacute;dico-paciente para obter vantagem f&iacute;sica, emocional, financeira ou de qualquer outra natureza&rdquo;.<\/p>\n<p>Na sequ&ecirc;ncia, est&atilde;o os artigos 30 e 38, que impedem o uso da profiss&atilde;o &ldquo;para corromper costumes, cometer ou favorecer crime&rdquo; e o desrespeito ao &ldquo;pudor de qualquer pessoa sob seus cuidados profissionais&rdquo;, respectivamente.<\/p>\n<p>Al&eacute;m disso, o estudo revela que as especialidades m&eacute;dicas mais condenadas no pleno do Conselho Federal em 2023 s&atilde;o ginecologia e obstetr&iacute;cia, cl&iacute;nica m&eacute;dica, cirurgia pl&aacute;stica, pediatria e neurocirurgia.<\/p>\n<p><strong>Atua&ccedil;&atilde;o dos Conselhos de Medicina<\/strong><\/p>\n<p>Na avalia&ccedil;&atilde;o de Coltri, coordenador do estudo, os dados do Infogr&aacute;fico Processos &Eacute;ticos nos Conselhos de Medicina 2024 revelam n&atilde;o s&oacute; o crescimento das sindic&acirc;ncias instauradas contra m&eacute;dicos como a pr&oacute;pria atua&ccedil;&atilde;o dos &oacute;rg&atilde;os.<\/p>\n<p>Mais do que condenar as pr&aacute;ticas irregulares da profiss&atilde;o, o advogado refor&ccedil;a que os Conselhos realizam eventos e congressos cient&iacute;ficos, bem como adotam medidas com o objetivo de buscar solu&ccedil;&otilde;es pol&iacute;ticas que melhorem o ensino m&eacute;dico no Brasil e, consequentemente, o atendimento aos pacientes.&nbsp;<\/p>\n<p>Al&eacute;m disso, destaca que o estudo contraria a percep&ccedil;&atilde;o social de que o Conselho de Medicina &eacute; leniente com profissionais negligentes. &#8216;Os n&uacute;meros n&atilde;o traduzem isso. Essa percep&ccedil;&atilde;o, provavelmente, vem do fato de que ao ser noticiado em um <a rel=\"follow noopener\" target='_blank' href='https:\/\/www.eltonfernandes.com.br\/conte-com-a-experiencia-de-um-advogado-especialista-em-erro-medico'>erro m&eacute;dico<\/a>, parte da popula&ccedil;&atilde;o acredita que o profissional deva ser impedido de exercer a profiss&atilde;o. Mas isso &eacute; uma pena dura e que, por lei, deve ser reservada para os casos excepcionalmente graves ou para os profissionais incorrig&iacute;veis e contumazes na pr&aacute;tica de il&iacute;citos &eacute;ticos, por exemplo&#8217;, explica.<\/p>\n<p>A partir do estudo realizado, percebe-se a import&acirc;ncia da atua&ccedil;&atilde;o fiscalizat&oacute;ria dos Conselhos de Medicina, da necessidade de o m&eacute;dico respeitar o seu C&oacute;digo de &Eacute;tica e da participa&ccedil;&atilde;o de advogado especialista em Direito M&eacute;dico na defesa do profissional denunciado.<\/p>\n<p>Website: <a target='_blank' href='http:\/\/www.eltonfernandes.com.br' rel=\"follow noopener\">http:\/\/www.eltonfernandes.com.br<\/a><img src='https:\/\/api.dino.com.br\/v2\/news\/tr\/300962' alt='' style='border:0px;width:1px;height:1px' \/><br \/>\nA <b>OESP<\/b> n\u00e3o \u00e9(s\u00e3o) respons\u00e1vel(is) por erros, incorre\u00e7\u00f5es, atrasos ou quaisquer decis\u00f5es tomadas por seus clientes com base nos Conte\u00fados ora disponibilizados, bem como tais Conte\u00fados n\u00e3o representam a opini\u00e3o da <b>OESP<\/b> e s\u00e3o de inteira responsabilidade da <b>Dino Divulgador de Noticias Online Ltda<\/b><\/p>\n","protected":false},"excerpt":{"rendered":"S\u00e3o Paulo, SP&#8211;(DINO &#8211; 06 jun, 2024) &#8211;\nUm estudo revelou que, atualmente, a maioria dos m&eacute;dicos denunciados acabam condenados. De acordo com o Infogr&aacute;fico Processos","protected":false},"author":1,"featured_media":0,"comment_status":"open","ping_status":"closed","sticky":false,"template":"","format":"standard","meta":{"_acf_changed":false,"inline_featured_image":false,"_monsterinsights_skip_tracking":false,"_monsterinsights_sitenote_active":false,"_monsterinsights_sitenote_note":"","_monsterinsights_sitenote_category":0,"footnotes":""},"categories":[34],"tags":[],"class_list":["post-95039","post","type-post","status-publish","format-standard","hentry","category-releases-geral"],"acf":[],"_links":{"self":[{"href":"https:\/\/bluestudio.estadao.com.br\/agencia-de-comunicacao\/wp-json\/wp\/v2\/posts\/95039","targetHints":{"allow":["GET"]}}],"collection":[{"href":"https:\/\/bluestudio.estadao.com.br\/agencia-de-comunicacao\/wp-json\/wp\/v2\/posts"}],"about":[{"href":"https:\/\/bluestudio.estadao.com.br\/agencia-de-comunicacao\/wp-json\/wp\/v2\/types\/post"}],"author":[{"embeddable":true,"href":"https:\/\/bluestudio.estadao.com.br\/agencia-de-comunicacao\/wp-json\/wp\/v2\/users\/1"}],"replies":[{"embeddable":true,"href":"https:\/\/bluestudio.estadao.com.br\/agencia-de-comunicacao\/wp-json\/wp\/v2\/comments?post=95039"}],"version-history":[{"count":0,"href":"https:\/\/bluestudio.estadao.com.br\/agencia-de-comunicacao\/wp-json\/wp\/v2\/posts\/95039\/revisions"}],"wp:attachment":[{"href":"https:\/\/bluestudio.estadao.com.br\/agencia-de-comunicacao\/wp-json\/wp\/v2\/media?parent=95039"}],"wp:term":[{"taxonomy":"category","embeddable":true,"href":"https:\/\/bluestudio.estadao.com.br\/agencia-de-comunicacao\/wp-json\/wp\/v2\/categories?post=95039"},{"taxonomy":"post_tag","embeddable":true,"href":"https:\/\/bluestudio.estadao.com.br\/agencia-de-comunicacao\/wp-json\/wp\/v2\/tags?post=95039"}],"curies":[{"name":"wp","href":"https:\/\/api.w.org\/{rel}","templated":true}]}}